{"id":247135,"date":"2020-03-12T18:54:10","date_gmt":"2020-03-12T21:54:10","guid":{"rendered":"https:\/\/jundiai.sp.gov.br\/noticias\/?p=247135"},"modified":"2020-03-12T18:56:45","modified_gmt":"2020-03-12T21:56:45","slug":"jundiai-avanca-no-plano-de-mobilidade-urbana","status":"publish","type":"post","link":"https:\/\/jundiai.sp.gov.br\/noticias\/2020\/03\/12\/jundiai-avanca-no-plano-de-mobilidade-urbana\/","title":{"rendered":"Jundia\u00ed garante recurso para desenvolver o Plano de Mobilidade Urbana"},"content":{"rendered":"<p>O munic\u00edpio de Jundia\u00ed conseguiu nesta quinta-feira (12), no Pal\u00e1cio dos Bandeirantes, em S\u00e3o Paulo, libera\u00e7\u00e3o de recurso via Desenvolve SP, ag\u00eancia de fomento do Governo de S\u00e3o Paulo, para a contrata\u00e7\u00e3o de empresa que vai elaborar o Plano de Mobilidade Urbana (PMUJ) do munic\u00edpio. O prefeito Luiz Fernando Machado se reuniu com o diretor-presidente do Desenvolve SP, Nelson de Souza, para os encaminhamentos.<\/p>\n<div id=\"attachment_247137\" style=\"width: 1333px\" class=\"wp-caption alignnone\"><img loading=\"lazy\" decoding=\"async\" aria-describedby=\"caption-attachment-247137\" class=\"size-full wp-image-247137\" src=\"https:\/\/jundiai.sp.gov.br\/noticias\/wp-content\/uploads\/sites\/32\/2020\/03\/assinatura_autorizacao_desenvolve_sp-128.jpg\" alt=\"Prefeito Luiz Fernando Machado cumprimenta Nelson de Souza, do Desenvolve SP\" width=\"1323\" height=\"883\" srcset=\"https:\/\/jundiai.sp.gov.br\/noticias\/wp-content\/uploads\/sites\/32\/2020\/03\/assinatura_autorizacao_desenvolve_sp-128.jpg 1323w, https:\/\/jundiai.sp.gov.br\/noticias\/wp-content\/uploads\/sites\/32\/2020\/03\/assinatura_autorizacao_desenvolve_sp-128-300x200.jpg 300w, https:\/\/jundiai.sp.gov.br\/noticias\/wp-content\/uploads\/sites\/32\/2020\/03\/assinatura_autorizacao_desenvolve_sp-128-768x513.jpg 768w, https:\/\/jundiai.sp.gov.br\/noticias\/wp-content\/uploads\/sites\/32\/2020\/03\/assinatura_autorizacao_desenvolve_sp-128-1280x854.jpg 1280w, https:\/\/jundiai.sp.gov.br\/noticias\/wp-content\/uploads\/sites\/32\/2020\/03\/assinatura_autorizacao_desenvolve_sp-128-450x300.jpg 450w\" sizes=\"auto, (max-width: 1323px) 100vw, 1323px\" \/><p id=\"caption-attachment-247137\" class=\"wp-caption-text\">Prefeito Luiz Fernando Machado cumprimenta Nelson de Souza, do Desenvolve SP<\/p><\/div>\n<p>\u201cJunto ao Desenvolve SP, vamos potencializar o que nossos cidad\u00e3os precisam. Queremos um Plano de Mobilidade que possa gerar efeitos positivos nas \u00e1reas industrial, comercial e de servi\u00e7os\u201d, destacou o prefeito Luiz Fernando Machado. \u201cMelhorar a mobilidade na cidade fomentar\u00e1 ainda mais o desenvolvimento de Jundia\u00ed\u201d, completou o chefe do Executivo.<\/p>\n<p>Mais de R$ 2 milh\u00f5es ser\u00e3o investimentos para a melhoria da mobilidade em Jundia\u00ed para a formata\u00e7\u00e3o do Plano por uma empresa especializada, que elaborar\u00e1 as a\u00e7\u00f5es a serem implementadas na cidade. A ideia da prefeitura \u00e9 facilitar o deslocamento das pessoas e o transporte de cargas, adequando a melhoria da infraestrutura vi\u00e1ria e de transporte ao desenvolvimento socioecon\u00f4mico do munic\u00edpio. O PMUJ tamb\u00e9m vai identificar poss\u00edveis distor\u00e7\u00f5es de funcionalidade de ruas e avenidas; melhorar a mobilidade de pedestres (incluindo as pessoas com defici\u00eancia) e motoristas, com vias urbanizadas, seguras, arborizadas e bem iluminadas.<\/p>\n<p>O aperfei\u00e7oamento do transporte p\u00fablico passa pela localiza\u00e7\u00e3o, identifica\u00e7\u00e3o e estrutura dos pontos de parada, manuten\u00e7\u00e3o dos abrigos de \u00f4nibus, maior disponibilidade de informa\u00e7\u00f5es sobre os hor\u00e1rios e itiner\u00e1rios das linhas, manuten\u00e7\u00e3o dos sete terminais urbanos de Jundia\u00ed, uso de tecnologias para facilitar o pagamento da passagem, aumento da abrang\u00eancia geogr\u00e1fica das linhas e estudos para implanta\u00e7\u00e3o de \u00f4nibus el\u00e9trico (tr\u00f3lebus).<\/p>\n<p>A partir da libera\u00e7\u00e3o dos recursos do Desenvolve SP, a previs\u00e3o \u00e9 que at\u00e9 maio deste ano a prefeitura assine o contrato com a empresa que prestar\u00e1 servi\u00e7os de consultoria para a elabora\u00e7\u00e3o do PMUJ. No dia 11 de dezembro de 2019, foi publicado o edital e, em 24 de janeiro de 2020, aconteceu a abertura dos envelopes com o nome das empresas que participaram da licita\u00e7\u00e3o. J\u00e1 no dia 6 de mar\u00e7o, houve a publica\u00e7\u00e3o do resultado da an\u00e1lise de capacidade t\u00e9cnica das concorrentes.<\/p>\n<p>O diretor-presidente do Desenvolve SP, Nelson de Souza, destacou a parceria da Prefeitura de Jundia\u00ed com o Governo Paulista neste investimento em mobilidade. \u201cEsta e outras cidades podem contar com nosso apoio. Queremos contribuir para que os cidad\u00e3os tenham mais qualidade de vida e para a gera\u00e7\u00e3o de emprego e renda em Jundia\u00ed\u201d, emendou Nelson.<\/p>\n<p>Outras 27 cidades paulistas foram contempladas com recursos do Desenvolve SP nesta quinta-feira.<\/p>\n<p><strong>Transporte<\/strong><br \/>\nTamb\u00e9m est\u00e3o\u00a0 nas medidas da Prefeitura, quando da implementa\u00e7\u00e3o do PMUJ, a gest\u00e3o de vagas de estacionamento, com administra\u00e7\u00e3o e tecnologias que melhorem a ocupa\u00e7\u00e3o e fiscaliza\u00e7\u00e3o das vagas existentes; cria\u00e7\u00e3o de manual e procedimentos de fiscaliza\u00e7\u00e3o de tr\u00e2nsito que contemple an\u00e1lise de desempenho do transporte coletivo, taxis e ve\u00edculos de transporte escolar; e a capacita\u00e7\u00e3o de pessoal para melhor implantar o Plano de Mobilidade. Outras a\u00e7\u00f5es previstas s\u00e3o o cadastro e mapeamento das estradas rurais e vicinais; a cria\u00e7\u00e3o e gest\u00e3o de um banco de dados atualizado com a dimens\u00e3o e o tipo de pavimento das vias da cidade; desenvolvimento de um caderno t\u00e9cnico de mobilidade com os padr\u00f5es de deslocamento da popula\u00e7\u00e3o identificados; e a reorganiza\u00e7\u00e3o da legisla\u00e7\u00e3o, regulamenta\u00e7\u00e3o e fiscaliza\u00e7\u00e3o dos servi\u00e7os de transporte privado, p\u00fablico coletivo e individual.<\/p>\n<p><strong>Assessoria de Imprensa<\/strong><br \/>\n<strong>Foto: Fot\u00f3grafos PMJ<\/strong><\/p>\n","protected":false},"excerpt":{"rendered":"<p>O munic\u00edpio de Jundia\u00ed conseguiu nesta quinta-feira (12), no Pal\u00e1cio dos Bandeirantes, em S\u00e3o Paulo, libera\u00e7\u00e3o de recurso via Desenvolve SP, ag\u00eancia de fomento do Governo de S\u00e3o Paulo, para a contrata\u00e7\u00e3o de empresa que vai elaborar o Plano de Mobilidade Urbana (PMUJ) do munic\u00edpio. O prefeito Luiz Fernando Machado se reuniu com o diretor-presidente [&hellip;]<\/p>\n","protected":false},"author":54,"featured_media":247137,"comment_status":"closed","ping_status":"closed","sticky":false,"template":"","format":"standard","meta":{"footnotes":""},"categories":[2],"tags":[982,1121],"ods":[],"class_list":["post-247135","post","type-post","status-publish","format-standard","has-post-thumbnail","hentry","category-noticias","tag-mobilidade-e-transporte","tag-mobilidade-total"],"_links":{"self":[{"href":"https:\/\/jundiai.sp.gov.br\/noticias\/wp-json\/wp\/v2\/posts\/247135","targetHints":{"allow":["GET"]}}],"collection":[{"href":"https:\/\/jundiai.sp.gov.br\/noticias\/wp-json\/wp\/v2\/posts"}],"about":[{"href":"https:\/\/jundiai.sp.gov.br\/noticias\/wp-json\/wp\/v2\/types\/post"}],"author":[{"embeddable":true,"href":"https:\/\/jundiai.sp.gov.br\/noticias\/wp-json\/wp\/v2\/users\/54"}],"replies":[{"embeddable":true,"href":"https:\/\/jundiai.sp.gov.br\/noticias\/wp-json\/wp\/v2\/comments?post=247135"}],"version-history":[{"count":10,"href":"https:\/\/jundiai.sp.gov.br\/noticias\/wp-json\/wp\/v2\/posts\/247135\/revisions"}],"predecessor-version":[{"id":247164,"href":"https:\/\/jundiai.sp.gov.br\/noticias\/wp-json\/wp\/v2\/posts\/247135\/revisions\/247164"}],"wp:featuredmedia":[{"embeddable":true,"href":"https:\/\/jundiai.sp.gov.br\/noticias\/wp-json\/wp\/v2\/media\/247137"}],"wp:attachment":[{"href":"https:\/\/jundiai.sp.gov.br\/noticias\/wp-json\/wp\/v2\/media?parent=247135"}],"wp:term":[{"taxonomy":"category","embeddable":true,"href":"https:\/\/jundiai.sp.gov.br\/noticias\/wp-json\/wp\/v2\/categories?post=247135"},{"taxonomy":"post_tag","embeddable":true,"href":"https:\/\/jundiai.sp.gov.br\/noticias\/wp-json\/wp\/v2\/tags?post=247135"},{"taxonomy":"ods","embeddable":true,"href":"https:\/\/jundiai.sp.gov.br\/noticias\/wp-json\/wp\/v2\/ods?post=247135"}],"curies":[{"name":"wp","href":"https:\/\/api.w.org\/{rel}","templated":true}]}}