{"id":247140,"date":"2020-03-12T18:04:55","date_gmt":"2020-03-12T21:04:55","guid":{"rendered":"https:\/\/jundiai.sp.gov.br\/noticias\/?p=247140"},"modified":"2020-03-12T18:05:50","modified_gmt":"2020-03-12T21:05:50","slug":"obra-da-dae-nesta-sexta-feira-13-muda-itinerario-da-linha-523","status":"publish","type":"post","link":"https:\/\/jundiai.sp.gov.br\/noticias\/2020\/03\/12\/obra-da-dae-nesta-sexta-feira-13-muda-itinerario-da-linha-523\/","title":{"rendered":"Obra da DAE nesta sexta-feira (13) muda itiner\u00e1rio da linha 523"},"content":{"rendered":"<div id=\"attachment_247141\" style=\"width: 1034px\" class=\"wp-caption aligncenter\"><img loading=\"lazy\" decoding=\"async\" aria-describedby=\"caption-attachment-247141\" class=\"size-large wp-image-247141\" src=\"https:\/\/jundiai.sp.gov.br\/noticias\/wp-content\/uploads\/sites\/32\/2020\/03\/movimentacao_onibus-187-1280x854.jpg\" alt=\"Linha 523 ter\u00e1 desvio em parte do Jardim Paulista nesta sexta (13)\" width=\"1024\" height=\"683\" srcset=\"https:\/\/jundiai.sp.gov.br\/noticias\/wp-content\/uploads\/sites\/32\/2020\/03\/movimentacao_onibus-187-1280x854.jpg 1280w, https:\/\/jundiai.sp.gov.br\/noticias\/wp-content\/uploads\/sites\/32\/2020\/03\/movimentacao_onibus-187-300x200.jpg 300w, https:\/\/jundiai.sp.gov.br\/noticias\/wp-content\/uploads\/sites\/32\/2020\/03\/movimentacao_onibus-187-768x513.jpg 768w, https:\/\/jundiai.sp.gov.br\/noticias\/wp-content\/uploads\/sites\/32\/2020\/03\/movimentacao_onibus-187-450x300.jpg 450w, https:\/\/jundiai.sp.gov.br\/noticias\/wp-content\/uploads\/sites\/32\/2020\/03\/movimentacao_onibus-187.jpg 1323w\" sizes=\"auto, (max-width: 1024px) 100vw, 1024px\" \/><p id=\"caption-attachment-247141\" class=\"wp-caption-text\">Linha 523 ter\u00e1 desvio em parte do Jardim Paulista nesta sexta (13)<\/p><\/div>\n<p>Nesta sexta-feira (13), uma obra que ser\u00e1 feita pela DAE Jundia\u00ed vai modificar o itiner\u00e1rio da linha 523 (Terminal Central-Jardim Paulista). Os ve\u00edculos n\u00e3o atender\u00e3o oito pontos da parte de baixo do Jardim Paulista.<\/p>\n<p>A linha far\u00e1 itiner\u00e1rio normal at\u00e9 a Rua Alberto Costa e desviar\u00e1 \u00e0 esquerda na Rua Paulo Moutran. Depois, seguir\u00e1 normalmente pela Rua Fausto L. Bochinno at\u00e9 o Terminal Central.<\/p>\n<p>A Unidade de Gest\u00e3o de Mobilidade e Transporte (UGMT) de Jundia\u00ed vai monitorar o trabalho e a libera\u00e7\u00e3o total do trecho acontecer\u00e1 assim que o servi\u00e7o da DAE for encerrado.<\/p>\n<p><strong>Assessoria de Imprensa<\/strong><br \/>\n<strong>Foto: Fot\u00f3grafos PMJ<\/strong><\/p>\n","protected":false},"excerpt":{"rendered":"<p>Nesta sexta-feira (13), uma obra que ser\u00e1 feita pela DAE Jundia\u00ed vai modificar o itiner\u00e1rio da linha 523 (Terminal Central-Jardim Paulista). Os ve\u00edculos n\u00e3o atender\u00e3o oito pontos da parte de baixo do Jardim Paulista. A linha far\u00e1 itiner\u00e1rio normal at\u00e9 a Rua Alberto Costa e desviar\u00e1 \u00e0 esquerda na Rua Paulo Moutran. Depois, seguir\u00e1 normalmente [&hellip;]<\/p>\n","protected":false},"author":54,"featured_media":247141,"comment_status":"closed","ping_status":"closed","sticky":false,"template":"","format":"standard","meta":{"footnotes":""},"categories":[2],"tags":[982,1121],"ods":[],"class_list":["post-247140","post","type-post","status-publish","format-standard","has-post-thumbnail","hentry","category-noticias","tag-mobilidade-e-transporte","tag-mobilidade-total"],"_links":{"self":[{"href":"https:\/\/jundiai.sp.gov.br\/noticias\/wp-json\/wp\/v2\/posts\/247140","targetHints":{"allow":["GET"]}}],"collection":[{"href":"https:\/\/jundiai.sp.gov.br\/noticias\/wp-json\/wp\/v2\/posts"}],"about":[{"href":"https:\/\/jundiai.sp.gov.br\/noticias\/wp-json\/wp\/v2\/types\/post"}],"author":[{"embeddable":true,"href":"https:\/\/jundiai.sp.gov.br\/noticias\/wp-json\/wp\/v2\/users\/54"}],"replies":[{"embeddable":true,"href":"https:\/\/jundiai.sp.gov.br\/noticias\/wp-json\/wp\/v2\/comments?post=247140"}],"version-history":[{"count":3,"href":"https:\/\/jundiai.sp.gov.br\/noticias\/wp-json\/wp\/v2\/posts\/247140\/revisions"}],"predecessor-version":[{"id":247148,"href":"https:\/\/jundiai.sp.gov.br\/noticias\/wp-json\/wp\/v2\/posts\/247140\/revisions\/247148"}],"wp:featuredmedia":[{"embeddable":true,"href":"https:\/\/jundiai.sp.gov.br\/noticias\/wp-json\/wp\/v2\/media\/247141"}],"wp:attachment":[{"href":"https:\/\/jundiai.sp.gov.br\/noticias\/wp-json\/wp\/v2\/media?parent=247140"}],"wp:term":[{"taxonomy":"category","embeddable":true,"href":"https:\/\/jundiai.sp.gov.br\/noticias\/wp-json\/wp\/v2\/categories?post=247140"},{"taxonomy":"post_tag","embeddable":true,"href":"https:\/\/jundiai.sp.gov.br\/noticias\/wp-json\/wp\/v2\/tags?post=247140"},{"taxonomy":"ods","embeddable":true,"href":"https:\/\/jundiai.sp.gov.br\/noticias\/wp-json\/wp\/v2\/ods?post=247140"}],"curies":[{"name":"wp","href":"https:\/\/api.w.org\/{rel}","templated":true}]}}