{"id":247170,"date":"2020-03-13T18:28:04","date_gmt":"2020-03-13T21:28:04","guid":{"rendered":"https:\/\/jundiai.sp.gov.br\/noticias\/?p=247170"},"modified":"2020-03-13T18:28:04","modified_gmt":"2020-03-13T21:28:04","slug":"programa-cidade-limpa-comeca-nesta-segunda-feira-16-em-oito-locais","status":"publish","type":"post","link":"https:\/\/jundiai.sp.gov.br\/noticias\/2020\/03\/13\/programa-cidade-limpa-comeca-nesta-segunda-feira-16-em-oito-locais\/","title":{"rendered":"Programa Cidade Limpa come\u00e7a nesta segunda-feira (16) em oito locais"},"content":{"rendered":"<div id=\"attachment_247172\" style=\"width: 1034px\" class=\"wp-caption aligncenter\"><img loading=\"lazy\" decoding=\"async\" aria-describedby=\"caption-attachment-247172\" class=\"size-large wp-image-247172\" src=\"https:\/\/jundiai.sp.gov.br\/noticias\/wp-content\/uploads\/sites\/32\/2020\/03\/cidade-limpa-6-1280x842.jpg\" alt=\"Cidade Limpa circular\u00e1 pelas ruas de Jundia\u00ed para recolher materiais inserv\u00edveis, exceto entulho de constru\u00e7\u00e3o civil\" width=\"1024\" height=\"674\" srcset=\"https:\/\/jundiai.sp.gov.br\/noticias\/wp-content\/uploads\/sites\/32\/2020\/03\/cidade-limpa-6-1280x842.jpg 1280w, https:\/\/jundiai.sp.gov.br\/noticias\/wp-content\/uploads\/sites\/32\/2020\/03\/cidade-limpa-6-300x197.jpg 300w, https:\/\/jundiai.sp.gov.br\/noticias\/wp-content\/uploads\/sites\/32\/2020\/03\/cidade-limpa-6-768x505.jpg 768w\" sizes=\"auto, (max-width: 1024px) 100vw, 1024px\" \/><p id=\"caption-attachment-247172\" class=\"wp-caption-text\">Cidade Limpa circular\u00e1 pelas ruas de Jundia\u00ed para recolher materiais inserv\u00edveis, exceto entulho de constru\u00e7\u00e3o civil<\/p><\/div>\n<p>&nbsp;<\/p>\n<p>A partir desta segunda-feira (16), o programa Cidade Limpa &#8211; realizado numa parceria entre a Prefeitura de Jundia\u00ed e a TV TEM &#8211; circular\u00e1 pelas ruas da cidade para o recolhimento de materiais inserv\u00edveis, exceto entulho de constru\u00e7\u00e3o civil. No primeiro dia da iniciativa, ser\u00e3o visitadas oito localidades: Parque Residencial Jundia\u00ed, Parque Residencial Almerinda Chaves, Jardim Novo Horizonte, Conjunto Habitacional Jo\u00e3o Mezzalira Junior, Residencial dos Cravos, Fazenda Grande, Residencial Santa Giovana e Jardim Tulipas.<\/p>\n<p>Em 2020, Agentes Comunit\u00e1rias de Sa\u00fade (ACSs) da Unidade de Gest\u00e3o de Promo\u00e7\u00e3o da Sa\u00fade (UGPS), atuar\u00e3o em conjunto com as equipes da Unidade de Gest\u00e3o de Infraestrutura e Servi\u00e7os P\u00fablicos (UGISP) para destacar a import\u00e2ncia da elimina\u00e7\u00e3o de objetos inserv\u00edveis dos quintais, a fim de evitar a cria\u00e7\u00e3o de mosquitos Aedes aegypti, transmissores das arboviroses dengue, zika, chikungunya e febre amarela.<\/p>\n<p>\u201cNo ano passado foram retiradas 44 toneladas de entulho pelo programa. As equipes circulam pela cidade recolhendo todos os inserv\u00edveis que a popula\u00e7\u00e3o separar para o descarte, inclusive os que podem acumular \u00e1gua. \u00c9 importante que as pessoas se atentem para o dia da passagem do caminh\u00e3o para que essa disponibiliza\u00e7\u00e3o seja feita conforme o cronograma\u201d, explica o diretor do Departamento de Limpeza P\u00fablica da UGISP, Marcio Alberto Moraes.<\/p>\n<p>De acordo com a diretora de Vigil\u00e2ncia em Sa\u00fade, Fauzia Abou Abbas Ra\u00edza, a inser\u00e7\u00e3o dos Agentes Comunit\u00e1rios de Sa\u00fade (ACSs) nesta edi\u00e7\u00e3o est\u00e1 atrelada \u00e0s a\u00e7\u00f5es em comemora\u00e7\u00e3o ao \u201cM\u00eas da Sa\u00fade\u201d, que antecede o Dia Mundial da Sa\u00fade, celebrado em 7 de abril. \u201cPrevenir as doen\u00e7as e promover a sa\u00fade s\u00e3o as premissas da Aten\u00e7\u00e3o B\u00e1sica, por isso as agentes, que s\u00e3o as interlocutoras entre a comunidade e a Unidade B\u00e1sica de Sa\u00fade, est\u00e3o no apoio para enfatizar a import\u00e2ncia de combater as arboviroses a partir da elimina\u00e7\u00e3o dos mosquitos transmissores\u201d, explica Fauzia.<\/p>\n<p>Confira a rela\u00e7\u00e3o de bairros em que o Cidade Limpa vai passar entre 17 e 27 de mar\u00e7o:<\/p>\n<p><strong>17 de mar\u00e7o<\/strong><br \/>\nMorada das Vinhas (ACS), Cecap, Terra da Uva, Parque dos Ing\u00e1s, Vista Alegre (ACS), Centen\u00e1rio (ACS), Vila Marlene (ACS) e Jardim Sales<\/p>\n<p><strong>18 de mar\u00e7o<\/strong><br \/>\nVila Liberdade, Vila Rio Branco, Horto Florestal, Fepasa (ACS), Vila Lacerda, Vila Hortol\u00e2ndia, Parque da Represa e Jardim Sorocabana (ACS)<\/p>\n<p><strong>19 de mar\u00e7o<\/strong><br \/>\nJundia\u00ed-Mirim, Jardim Calif\u00f3rnia, Jardim Tarum\u00e3, Jardim S\u00e3o Marcus, Jardim S\u00e3o Camilo (ACS), Vila Aparecida, Ponte S\u00e3o Jo\u00e3o e Vila Graff<\/p>\n<p><strong>20 de mar\u00e7o<\/strong><br \/>\nRoseira, Toca, Nova Odessa, Caxamb\u00fa, Vale Azul, Jardim Ca\u00e7ula, Jardim do L\u00edrio e Col\u00f4nia<\/p>\n<p><strong>23 de mar\u00e7o<\/strong><br \/>\nVila Ana (ACS), Jardim Paulista, Jardim Bonfiglioli, Vila Rami, Vila Comercial, Vila Maring\u00e1 (ACS), Jardim Martins e Jardim Copacabana<\/p>\n<p><strong>24 de mar\u00e7o<\/strong><br \/>\nVila Nambi, Vila Santana, Vila Ruy Barbosa, Jardim Tamoio (ACS), Vila Tupi (Balsan), Jardim Pacaemb\u00fa, Ivoturucaia (ACS) e Cidade Nova<\/p>\n<p><strong>25 de mar\u00e7o<\/strong><br \/>\nAlvorada, Gramad\u00e3o, Retiro, Jardim Guanabara, Engordadouro, Jardim Ad\u00e9lia, \u00c1gua Doce e Travi\u00fa<\/p>\n<p><strong>26 de mar\u00e7o<\/strong><br \/>\nMedeiros (ACS), Jardim Tannus, Eloy Chaves (ACS), Horto Santo Antonio, Parque Quinta das Videiras, Jardim Am\u00e9rica, Jardim Samambaia e Jardim Do Trevo<\/p>\n<p><strong>27 de mar\u00e7o<\/strong><br \/>\nSanta Gertrudes (ACS), Jardim do Lago, Parque Cidade Jardim I e II, Vila Progresso, Vila Cristo Redentor, Vila Esperan\u00e7a (ACS), Vila Mafalda e Jardim Esplanada<\/p>\n<p>Esta edi\u00e7\u00e3o do Cidade Limpa faz parte do <a href=\"https:\/\/jundiai.sp.gov.br\/saude\/mes-da-promocao-da-saude\/\">calend\u00e1rio de a\u00e7\u00f5es do M\u00eas da Promo\u00e7\u00e3o da Sa\u00fade, iniciativa da Prefeitura de Jundia\u00ed<\/a>.<\/p>\n<p><strong>Assessoria de Imprensa<\/strong><br \/>\n<strong>Fotos: Fot\u00f3grafos PMJ<\/strong><\/p>\n","protected":false},"excerpt":{"rendered":"<p>&nbsp; A partir desta segunda-feira (16), o programa Cidade Limpa &#8211; realizado numa parceria entre a Prefeitura de Jundia\u00ed e a TV TEM &#8211; circular\u00e1 pelas ruas da cidade para o recolhimento de materiais inserv\u00edveis, exceto entulho de constru\u00e7\u00e3o civil. No primeiro dia da iniciativa, ser\u00e3o visitadas oito localidades: Parque Residencial Jundia\u00ed, Parque Residencial Almerinda [&hellip;]<\/p>\n","protected":false},"author":54,"featured_media":247174,"comment_status":"closed","ping_status":"closed","sticky":false,"template":"","format":"standard","meta":{"footnotes":""},"categories":[2],"tags":[1498,985,981],"ods":[],"class_list":["post-247170","post","type-post","status-publish","format-standard","has-post-thumbnail","hentry","category-noticias","tag-cidade-limpa","tag-infraestrutura-e-servicos-publicos","tag-promocao-da-saude"],"_links":{"self":[{"href":"https:\/\/jundiai.sp.gov.br\/noticias\/wp-json\/wp\/v2\/posts\/247170","targetHints":{"allow":["GET"]}}],"collection":[{"href":"https:\/\/jundiai.sp.gov.br\/noticias\/wp-json\/wp\/v2\/posts"}],"about":[{"href":"https:\/\/jundiai.sp.gov.br\/noticias\/wp-json\/wp\/v2\/types\/post"}],"author":[{"embeddable":true,"href":"https:\/\/jundiai.sp.gov.br\/noticias\/wp-json\/wp\/v2\/users\/54"}],"replies":[{"embeddable":true,"href":"https:\/\/jundiai.sp.gov.br\/noticias\/wp-json\/wp\/v2\/comments?post=247170"}],"version-history":[{"count":4,"href":"https:\/\/jundiai.sp.gov.br\/noticias\/wp-json\/wp\/v2\/posts\/247170\/revisions"}],"predecessor-version":[{"id":247248,"href":"https:\/\/jundiai.sp.gov.br\/noticias\/wp-json\/wp\/v2\/posts\/247170\/revisions\/247248"}],"wp:featuredmedia":[{"embeddable":true,"href":"https:\/\/jundiai.sp.gov.br\/noticias\/wp-json\/wp\/v2\/media\/247174"}],"wp:attachment":[{"href":"https:\/\/jundiai.sp.gov.br\/noticias\/wp-json\/wp\/v2\/media?parent=247170"}],"wp:term":[{"taxonomy":"category","embeddable":true,"href":"https:\/\/jundiai.sp.gov.br\/noticias\/wp-json\/wp\/v2\/categories?post=247170"},{"taxonomy":"post_tag","embeddable":true,"href":"https:\/\/jundiai.sp.gov.br\/noticias\/wp-json\/wp\/v2\/tags?post=247170"},{"taxonomy":"ods","embeddable":true,"href":"https:\/\/jundiai.sp.gov.br\/noticias\/wp-json\/wp\/v2\/ods?post=247170"}],"curies":[{"name":"wp","href":"https:\/\/api.w.org\/{rel}","templated":true}]}}