{"id":247177,"date":"2020-03-13T12:29:59","date_gmt":"2020-03-13T15:29:59","guid":{"rendered":"https:\/\/jundiai.sp.gov.br\/noticias\/?p=247177"},"modified":"2020-03-13T12:41:15","modified_gmt":"2020-03-13T15:41:15","slug":"cultura-abre-concurso-de-selecao-para-exposicoes-na-pinacoteca","status":"publish","type":"post","link":"https:\/\/jundiai.sp.gov.br\/noticias\/2020\/03\/13\/cultura-abre-concurso-de-selecao-para-exposicoes-na-pinacoteca\/","title":{"rendered":"Cultura abre sele\u00e7\u00e3o para exposi\u00e7\u00f5es na Pinacoteca"},"content":{"rendered":"<p>A Prefeitura, por meio da Funda\u00e7\u00e3o Casa da Cultura e Esportes, realiza a terceira edi\u00e7\u00e3o do ExpoArtes, concurso de projetos de exposi\u00e7\u00e3o de artes visuais no Centro Jundiaiense de Cultura, do qual faz parte a Pinacoteca Municipal Di\u00f3genes Duarte Paes. Ser\u00e3o selecionados dez projetos de tem\u00e1tica livre, in\u00e9ditos no munic\u00edpio, para exposi\u00e7\u00e3o individual, coletiva ou curadorias, entre junho e dezembro.<\/p>\n<p>Os artistas interessados devem se inscrever gratuitamente entre 16 de mar\u00e7o e 30 de abril, pessoalmente na Pinacoteca ou pelos Correios, respeitando os prazos. No ato da inscri\u00e7\u00e3o, os interessados devem apresentar dois envelopes fechados, um contendo documentos e outro com o projeto de exposi\u00e7\u00e3o. Cada proponente pode inscrever apenas um projeto.<\/p>\n<p>A sele\u00e7\u00e3o, por comiss\u00e3o especial, ter\u00e1 duas etapas. Na primeira, ser\u00e3o analisados os documentos; na sequ\u00eancia, passa-se para a an\u00e1lise dos projetos somente daqueles que cumprirem os requisitos da primeira etapa. A an\u00e1lise levar\u00e1 em conta, entre seus crit\u00e9rios, a relev\u00e2ncia do projeto na programa\u00e7\u00e3o cultural do munic\u00edpio e no desenvolvimento da linguagem art\u00edstica, viabilidade e criatividade.<\/p>\n<div id=\"attachment_247179\" style=\"width: 1034px\" class=\"wp-caption aligncenter\"><img loading=\"lazy\" decoding=\"async\" aria-describedby=\"caption-attachment-247179\" class=\"size-large wp-image-247179\" src=\"https:\/\/jundiai.sp.gov.br\/noticias\/wp-content\/uploads\/sites\/32\/2020\/03\/picacoteca_cultura-26-1280x730.jpg\" alt=\"Sala de exposi\u00e7\u00e3o, com quadros nas paredes, objetos como sacolas e pacotes no centro, e pessoas conferindo\" width=\"1024\" height=\"584\" srcset=\"https:\/\/jundiai.sp.gov.br\/noticias\/wp-content\/uploads\/sites\/32\/2020\/03\/picacoteca_cultura-26-1280x730.jpg 1280w, https:\/\/jundiai.sp.gov.br\/noticias\/wp-content\/uploads\/sites\/32\/2020\/03\/picacoteca_cultura-26-300x171.jpg 300w, https:\/\/jundiai.sp.gov.br\/noticias\/wp-content\/uploads\/sites\/32\/2020\/03\/picacoteca_cultura-26-768x438.jpg 768w, https:\/\/jundiai.sp.gov.br\/noticias\/wp-content\/uploads\/sites\/32\/2020\/03\/picacoteca_cultura-26.jpg 1323w\" sizes=\"auto, (max-width: 1024px) 100vw, 1024px\" \/><p id=\"caption-attachment-247179\" class=\"wp-caption-text\">Propostas de exposi\u00e7\u00f5es individual, coletiva ou curadorias devem ser in\u00e9ditas no Munic\u00edpio<\/p><\/div>\n<p>Ser\u00e3o selecionados os dez projetos com as maiores pontua\u00e7\u00f5es, que dever\u00e3o expor aos pares, e as datas de exposi\u00e7\u00e3o ser\u00e3o definidas ap\u00f3s a divulga\u00e7\u00e3o dos resultados. Cada projeto contemplado receber\u00e1 como premia\u00e7\u00e3o o valor de R$ 1 mil e ter\u00e1 37 dias de per\u00edodo expositivo, incluindo os dias de montagem, desmontagem e manuten\u00e7\u00e3o. Os selecionados dever\u00e3o tamb\u00e9m realizar, como contrapartida social, atividades como palestras, debates ou oficinas em benef\u00edcio social.<\/p>\n<p>Mais detalhes podem ser conferidos no <a href=\"https:\/\/imprensaoficial.jundiai.sp.gov.br\/wp-content\/uploads\/2020\/03\/ab6ba2dc-24f0-45a7-9290-38afacc1af2f_Edi%C3%A7%C3%A3o-4694-13-03-2020.pdf\" target=\"_blank\" rel=\"noopener noreferrer\">edital de concurso n\u00ba 04\/2020, publicados entre as p\u00e1ginas 41 e 43 da edi\u00e7\u00e3o 4694 da Imprensa Oficial<\/a>, no <a href=\"https:\/\/cultura.jundiai.sp.gov.br\/editais\/\" target=\"_blank\" rel=\"noopener noreferrer\">site da Cultura<\/a> ou pelo telefone da Funda\u00e7\u00e3o: (11) 4806-0554.<\/p>\n<p>A Pinacoteca fica na rua Bar\u00e3o de Jundia\u00ed, 109, Centro, e fica aberta de ter\u00e7a a sexta-feira, das 10h \u00e0s 17h, e aos s\u00e1bados, domingos e feriados, das 9h \u00e0s 16h.<\/p>\n<p><strong>Assessoria de Imprensa<br \/>\nFoto: Arquivo PMJ<\/strong><\/p>\n","protected":false},"excerpt":{"rendered":"<p>Ser\u00e3o selecionados dez projetos de tem\u00e1tica livre, in\u00e9ditos no Munic\u00edpio, para exposi\u00e7\u00e3o individual, coletiva ou curadorias, entre junho e dezembro<\/p>\n","protected":false},"author":14,"featured_media":247179,"comment_status":"closed","ping_status":"closed","sticky":false,"template":"","format":"standard","meta":{"footnotes":""},"categories":[2],"tags":[29,1512,370],"ods":[],"class_list":["post-247177","post","type-post","status-publish","format-standard","has-post-thumbnail","hentry","category-noticias","tag-cultura","tag-fundacao-casa-da-cultura-e-esportes","tag-pinacoteca-municipal-diogenes-duarte-paes"],"_links":{"self":[{"href":"https:\/\/jundiai.sp.gov.br\/noticias\/wp-json\/wp\/v2\/posts\/247177","targetHints":{"allow":["GET"]}}],"collection":[{"href":"https:\/\/jundiai.sp.gov.br\/noticias\/wp-json\/wp\/v2\/posts"}],"about":[{"href":"https:\/\/jundiai.sp.gov.br\/noticias\/wp-json\/wp\/v2\/types\/post"}],"author":[{"embeddable":true,"href":"https:\/\/jundiai.sp.gov.br\/noticias\/wp-json\/wp\/v2\/users\/14"}],"replies":[{"embeddable":true,"href":"https:\/\/jundiai.sp.gov.br\/noticias\/wp-json\/wp\/v2\/comments?post=247177"}],"version-history":[{"count":8,"href":"https:\/\/jundiai.sp.gov.br\/noticias\/wp-json\/wp\/v2\/posts\/247177\/revisions"}],"predecessor-version":[{"id":255088,"href":"https:\/\/jundiai.sp.gov.br\/noticias\/wp-json\/wp\/v2\/posts\/247177\/revisions\/255088"}],"wp:featuredmedia":[{"embeddable":true,"href":"https:\/\/jundiai.sp.gov.br\/noticias\/wp-json\/wp\/v2\/media\/247179"}],"wp:attachment":[{"href":"https:\/\/jundiai.sp.gov.br\/noticias\/wp-json\/wp\/v2\/media?parent=247177"}],"wp:term":[{"taxonomy":"category","embeddable":true,"href":"https:\/\/jundiai.sp.gov.br\/noticias\/wp-json\/wp\/v2\/categories?post=247177"},{"taxonomy":"post_tag","embeddable":true,"href":"https:\/\/jundiai.sp.gov.br\/noticias\/wp-json\/wp\/v2\/tags?post=247177"},{"taxonomy":"ods","embeddable":true,"href":"https:\/\/jundiai.sp.gov.br\/noticias\/wp-json\/wp\/v2\/ods?post=247177"}],"curies":[{"name":"wp","href":"https:\/\/api.w.org\/{rel}","templated":true}]}}