{"id":247233,"date":"2020-03-13T18:28:28","date_gmt":"2020-03-13T21:28:28","guid":{"rendered":"https:\/\/jundiai.sp.gov.br\/noticias\/?p=247233"},"modified":"2020-03-13T18:28:28","modified_gmt":"2020-03-13T21:28:28","slug":"seletivas-de-jundiai-da-taca-das-favelas-comecam-neste-sabado-14","status":"publish","type":"post","link":"https:\/\/jundiai.sp.gov.br\/noticias\/2020\/03\/13\/seletivas-de-jundiai-da-taca-das-favelas-comecam-neste-sabado-14\/","title":{"rendered":"Seletivas de Jundia\u00ed da Ta\u00e7a das Favelas come\u00e7am neste s\u00e1bado (14)"},"content":{"rendered":"<div id=\"attachment_247246\" style=\"width: 1034px\" class=\"wp-caption aligncenter\"><img loading=\"lazy\" decoding=\"async\" aria-describedby=\"caption-attachment-247246\" class=\"size-large wp-image-247246\" src=\"https:\/\/jundiai.sp.gov.br\/noticias\/wp-content\/uploads\/sites\/32\/2020\/03\/taca_das_favelas_sala_de_situacao-53-1280x942.jpg\" alt=\"Ta\u00e7a das Favelas de Jundia\u00ed foi lan\u00e7ada em evento no dia 3 de fevereiro\" width=\"1024\" height=\"754\" srcset=\"https:\/\/jundiai.sp.gov.br\/noticias\/wp-content\/uploads\/sites\/32\/2020\/03\/taca_das_favelas_sala_de_situacao-53-1280x942.jpg 1280w, https:\/\/jundiai.sp.gov.br\/noticias\/wp-content\/uploads\/sites\/32\/2020\/03\/taca_das_favelas_sala_de_situacao-53-300x221.jpg 300w, https:\/\/jundiai.sp.gov.br\/noticias\/wp-content\/uploads\/sites\/32\/2020\/03\/taca_das_favelas_sala_de_situacao-53-768x565.jpg 768w, https:\/\/jundiai.sp.gov.br\/noticias\/wp-content\/uploads\/sites\/32\/2020\/03\/taca_das_favelas_sala_de_situacao-53.jpg 1323w\" sizes=\"auto, (max-width: 1024px) 100vw, 1024px\" \/><p id=\"caption-attachment-247246\" class=\"wp-caption-text\">Ta\u00e7a das Favelas de Jundia\u00ed foi lan\u00e7ada em evento no dia 3 de fevereiro<\/p><\/div>\n<p>Ter\u00e3o in\u00edcio neste s\u00e1bado (14) as seletivas dos 16 times de Jundia\u00ed inscritos na Ta\u00e7a das Favelas, torneio apoiado pela Prefeitura. Este ser\u00e1 o primeiro ano na cidade da edi\u00e7\u00e3o regional do maior campeonato de futebol de campo do Brasil com a participa\u00e7\u00e3o de times formados em bairros vulner\u00e1veis. Ao todo, mais de 100 mil jovens, entre homens e mulheres, participam da competi\u00e7\u00e3o anualmente e as disputas come\u00e7am nas \u201cpeneiras\u201d internas nas comunidades at\u00e9 a grande final.<\/p>\n<p>Neste fim de semana, os campos de seis centros esportivos de Jundia\u00ed ser\u00e3o palcos das seletivas. O CECE Ant\u00f4nio Iacovino (Vila Nambi) recebe jogos no s\u00e1bado e domingo, das 9h \u00e0s 12h, do time Vila Nambi.<\/p>\n<p>Os outros complexos esportivos ter\u00e3o peneiras somente no s\u00e1bado. No CECE Ov\u00eddeo Bueno (Vila Liberdade), ocorrem jogos do Vila Ana, das 14h \u00e0s 16h, e no CECE Francisco \u00c1lvaro Siqueira Neto (Jardim Martins) ser\u00e1 feita a seletiva do Complexo Vila Maring\u00e1, das 9h \u00e0s 11h.<\/p>\n<p>Outras peneiras est\u00e3o marcadas para s\u00e1bado: a do time Complexo Meias A\u00e7o ser\u00e1 no CECE Aramis Polli, na Vila Hortol\u00e2ndia, das 8h \u00e0s 12h, e a seletiva feminina ocorrer\u00e1 no CECE Rom\u00e3o de Souza (Col\u00f4nia), das 8h \u00e0s 16h.<\/p>\n<p>A Ta\u00e7a das Favelas, organizada pela Central \u00danica das Favelas (CUFA), visa contribuir para a promo\u00e7\u00e3o da inclus\u00e3o social atrav\u00e9s do esporte, influenciando positivamente a realidade de crian\u00e7as e jovens brasileiros. Trata-se tamb\u00e9m de uma oportunidade de promover a integra\u00e7\u00e3o das comunidades, a ressignifica\u00e7\u00e3o do territ\u00f3rio e o fortalecimento da autoestima da juventude das favelas<\/p>\n<p><strong>Assessoria de Imprensa<\/strong><br \/>\n<strong>Foto: Fot\u00f3grafos PMJ<\/strong><\/p>\n","protected":false},"excerpt":{"rendered":"<p>Ter\u00e3o in\u00edcio neste s\u00e1bado (14) as seletivas dos 16 times de Jundia\u00ed inscritos na Ta\u00e7a das Favelas, torneio apoiado pela Prefeitura. Este ser\u00e1 o primeiro ano na cidade da edi\u00e7\u00e3o regional do maior campeonato de futebol de campo do Brasil com a participa\u00e7\u00e3o de times formados em bairros vulner\u00e1veis. Ao todo, mais de 100 mil [&hellip;]<\/p>\n","protected":false},"author":54,"featured_media":247246,"comment_status":"closed","ping_status":"closed","sticky":false,"template":"","format":"standard","meta":{"footnotes":""},"categories":[2],"tags":[],"ods":[],"class_list":["post-247233","post","type-post","status-publish","format-standard","has-post-thumbnail","hentry","category-noticias"],"_links":{"self":[{"href":"https:\/\/jundiai.sp.gov.br\/noticias\/wp-json\/wp\/v2\/posts\/247233","targetHints":{"allow":["GET"]}}],"collection":[{"href":"https:\/\/jundiai.sp.gov.br\/noticias\/wp-json\/wp\/v2\/posts"}],"about":[{"href":"https:\/\/jundiai.sp.gov.br\/noticias\/wp-json\/wp\/v2\/types\/post"}],"author":[{"embeddable":true,"href":"https:\/\/jundiai.sp.gov.br\/noticias\/wp-json\/wp\/v2\/users\/54"}],"replies":[{"embeddable":true,"href":"https:\/\/jundiai.sp.gov.br\/noticias\/wp-json\/wp\/v2\/comments?post=247233"}],"version-history":[{"count":2,"href":"https:\/\/jundiai.sp.gov.br\/noticias\/wp-json\/wp\/v2\/posts\/247233\/revisions"}],"predecessor-version":[{"id":247247,"href":"https:\/\/jundiai.sp.gov.br\/noticias\/wp-json\/wp\/v2\/posts\/247233\/revisions\/247247"}],"wp:featuredmedia":[{"embeddable":true,"href":"https:\/\/jundiai.sp.gov.br\/noticias\/wp-json\/wp\/v2\/media\/247246"}],"wp:attachment":[{"href":"https:\/\/jundiai.sp.gov.br\/noticias\/wp-json\/wp\/v2\/media?parent=247233"}],"wp:term":[{"taxonomy":"category","embeddable":true,"href":"https:\/\/jundiai.sp.gov.br\/noticias\/wp-json\/wp\/v2\/categories?post=247233"},{"taxonomy":"post_tag","embeddable":true,"href":"https:\/\/jundiai.sp.gov.br\/noticias\/wp-json\/wp\/v2\/tags?post=247233"},{"taxonomy":"ods","embeddable":true,"href":"https:\/\/jundiai.sp.gov.br\/noticias\/wp-json\/wp\/v2\/ods?post=247233"}],"curies":[{"name":"wp","href":"https:\/\/api.w.org\/{rel}","templated":true}]}}