{"id":247351,"date":"2020-03-16T17:00:07","date_gmt":"2020-03-16T20:00:07","guid":{"rendered":"https:\/\/jundiai.sp.gov.br\/noticias\/?p=247351"},"modified":"2020-03-16T18:17:09","modified_gmt":"2020-03-16T21:17:09","slug":"linhas-de-onibus-410-e-420-sao-suspensas-temporariamente","status":"publish","type":"post","link":"https:\/\/jundiai.sp.gov.br\/noticias\/2020\/03\/16\/linhas-de-onibus-410-e-420-sao-suspensas-temporariamente\/","title":{"rendered":"Linhas de \u00f4nibus 410 e 420 s\u00e3o suspensas temporariamente"},"content":{"rendered":"<div id=\"attachment_247353\" style=\"width: 1034px\" class=\"wp-caption aligncenter\"><img loading=\"lazy\" decoding=\"async\" aria-describedby=\"caption-attachment-247353\" class=\"size-large wp-image-247353\" src=\"https:\/\/jundiai.sp.gov.br\/noticias\/wp-content\/uploads\/sites\/32\/2020\/03\/onibus-3-1-1280x839.jpg\" alt=\"Linhas 410 (Terminal Vila Arens-UNIP) e 420 (Terminal Central-Unianchieta) est\u00e3o suspensas, conforme comunicado das duas faculdades\" width=\"1024\" height=\"671\" srcset=\"https:\/\/jundiai.sp.gov.br\/noticias\/wp-content\/uploads\/sites\/32\/2020\/03\/onibus-3-1-1280x839.jpg 1280w, https:\/\/jundiai.sp.gov.br\/noticias\/wp-content\/uploads\/sites\/32\/2020\/03\/onibus-3-1-300x197.jpg 300w, https:\/\/jundiai.sp.gov.br\/noticias\/wp-content\/uploads\/sites\/32\/2020\/03\/onibus-3-1-768x503.jpg 768w, https:\/\/jundiai.sp.gov.br\/noticias\/wp-content\/uploads\/sites\/32\/2020\/03\/onibus-3-1.jpg 1323w\" sizes=\"auto, (max-width: 1024px) 100vw, 1024px\" \/><p id=\"caption-attachment-247353\" class=\"wp-caption-text\">Linhas 410 (Terminal Vila Arens-UNIP) e 420 (Terminal Central-Unianchieta) est\u00e3o suspensas, conforme comunicado das duas faculdades<\/p><\/div>\n<p>A partir desta segunda-feira (16), as linhas universit\u00e1rias de \u00f4nibus de Jundia\u00ed 410 (Terminal Vila Arens-UNIP) e 420 (Terminal Central-Unianchieta) est\u00e3o suspensas, conforme comunicado das institui\u00e7\u00f5es Universidade Paulista e Unianchieta, que ficar\u00e3o sem aulas em car\u00e1ter preventivo por conta do Coronav\u00edrus.<\/p>\n<p>A 410 ser\u00e1 paralisada at\u00e9 27 de mar\u00e7o, segundo a Unidade de Gest\u00e3o de Mobilidade e Transporte (UGMT) de Jundia\u00ed. J\u00e1 a linha 420 ficar\u00e1 sem operar at\u00e9 sexta-feira desta semana, dia 20.<\/p>\n<p>Se for necess\u00e1ria, a suspens\u00e3o poder\u00e1 ser prorrogada de acordo com o calend\u00e1rio das institui\u00e7\u00f5es de ensino.<\/p>\n<p>Os operadores foram orientados a anexar informes das suspens\u00f5es nos carros e nos terminais Central e Vila Arens, al\u00e9m de informar os usu\u00e1rios sobre a suspens\u00e3o das linhas.<\/p>\n<p><strong>Assessoria de Imprensa<\/strong><br \/>\n<strong>Foto: Fot\u00f3grafos PMJ<\/strong><\/p>\n","protected":false},"excerpt":{"rendered":"<p>A partir desta segunda-feira (16), as linhas universit\u00e1rias de \u00f4nibus de Jundia\u00ed 410 (Terminal Vila Arens-UNIP) e 420 (Terminal Central-Unianchieta) est\u00e3o suspensas, conforme comunicado das institui\u00e7\u00f5es Universidade Paulista e Unianchieta, que ficar\u00e3o sem aulas em car\u00e1ter preventivo por conta do Coronav\u00edrus. A 410 ser\u00e1 paralisada at\u00e9 27 de mar\u00e7o, segundo a Unidade de Gest\u00e3o de [&hellip;]<\/p>\n","protected":false},"author":54,"featured_media":247353,"comment_status":"closed","ping_status":"closed","sticky":false,"template":"","format":"standard","meta":{"footnotes":""},"categories":[2],"tags":[1500,982,1121],"ods":[],"class_list":["post-247351","post","type-post","status-publish","format-standard","has-post-thumbnail","hentry","category-noticias","tag-coronavirus","tag-mobilidade-e-transporte","tag-mobilidade-total"],"_links":{"self":[{"href":"https:\/\/jundiai.sp.gov.br\/noticias\/wp-json\/wp\/v2\/posts\/247351","targetHints":{"allow":["GET"]}}],"collection":[{"href":"https:\/\/jundiai.sp.gov.br\/noticias\/wp-json\/wp\/v2\/posts"}],"about":[{"href":"https:\/\/jundiai.sp.gov.br\/noticias\/wp-json\/wp\/v2\/types\/post"}],"author":[{"embeddable":true,"href":"https:\/\/jundiai.sp.gov.br\/noticias\/wp-json\/wp\/v2\/users\/54"}],"replies":[{"embeddable":true,"href":"https:\/\/jundiai.sp.gov.br\/noticias\/wp-json\/wp\/v2\/comments?post=247351"}],"version-history":[{"count":4,"href":"https:\/\/jundiai.sp.gov.br\/noticias\/wp-json\/wp\/v2\/posts\/247351\/revisions"}],"predecessor-version":[{"id":247358,"href":"https:\/\/jundiai.sp.gov.br\/noticias\/wp-json\/wp\/v2\/posts\/247351\/revisions\/247358"}],"wp:featuredmedia":[{"embeddable":true,"href":"https:\/\/jundiai.sp.gov.br\/noticias\/wp-json\/wp\/v2\/media\/247353"}],"wp:attachment":[{"href":"https:\/\/jundiai.sp.gov.br\/noticias\/wp-json\/wp\/v2\/media?parent=247351"}],"wp:term":[{"taxonomy":"category","embeddable":true,"href":"https:\/\/jundiai.sp.gov.br\/noticias\/wp-json\/wp\/v2\/categories?post=247351"},{"taxonomy":"post_tag","embeddable":true,"href":"https:\/\/jundiai.sp.gov.br\/noticias\/wp-json\/wp\/v2\/tags?post=247351"},{"taxonomy":"ods","embeddable":true,"href":"https:\/\/jundiai.sp.gov.br\/noticias\/wp-json\/wp\/v2\/ods?post=247351"}],"curies":[{"name":"wp","href":"https:\/\/api.w.org\/{rel}","templated":true}]}}