{"id":247360,"date":"2020-03-16T18:44:40","date_gmt":"2020-03-16T21:44:40","guid":{"rendered":"https:\/\/jundiai.sp.gov.br\/noticias\/?p=247360"},"modified":"2020-03-17T08:40:39","modified_gmt":"2020-03-17T11:40:39","slug":"comite-de-enfrentamento-ao-coronavirus-suspende-aulas-e-determina-medidas-adicionais","status":"publish","type":"post","link":"https:\/\/jundiai.sp.gov.br\/noticias\/2020\/03\/16\/comite-de-enfrentamento-ao-coronavirus-suspende-aulas-e-determina-medidas-adicionais\/","title":{"rendered":"Comit\u00ea de Enfrentamento ao Coronav\u00edrus suspende aulas e determina medidas adicionais"},"content":{"rendered":"<p>Ap\u00f3s mais uma reuni\u00e3o dos t\u00e9cnicos integrantes do Comit\u00ea de Enfrentamento ao Coronav\u00edrus (CEC), da Prefeitura de Jundia\u00ed, nesta segunda-feira (16), na Sala de Situa\u00e7\u00e3o do Pa\u00e7o Municipal, foram estabelecidas novas medidas de combate ao Novo Coronav\u00edrus, entre elas as suspens\u00f5es das aulas da rede municipal dos 38 mil alunos, dos cursos de capacita\u00e7\u00e3o do Fundo Social de Solidariedade, dos eventos p\u00fablicos, das atividades dos Complexos Esportivos, Museus e Biblioteca e de atividades para pessoas com 60 anos ou mais em equipamentos p\u00fablicos. As medidas estabelecidas s\u00e3o preventivas contra a infec\u00e7\u00e3o COVID-19, &#8211; causada pelo SARS-CoV2 -, j\u00e1 que Jundia\u00ed ainda n\u00e3o registra caso positivo para a doen\u00e7a.<\/p>\n<p>\u201cO comit\u00ea de Enfrentamento ao Coronav\u00edrus \u00e9 o \u00f3rg\u00e3o deliberativo de a\u00e7\u00f5es relativas ao controle \u00e0 Pandemia. A ado\u00e7\u00e3o das medidas \u00e9 feita de forma preventiva, j\u00e1 que Jundia\u00ed ainda n\u00e3o registra nenhum caso positivo da doen\u00e7a. No entanto, por conta do avan\u00e7o nacional e por estarmos no eixo entre S\u00e3o Paulo e Campinas \u2013 cidades que j\u00e1 contam com a transmiss\u00e3o comunit\u00e1ria, devemos antever os riscos. Nesta semana, as escolas municipais ainda receber\u00e3o as crian\u00e7as que, porventura, os pais precisem se organizar para o cuidado, mas dia 23, as atividades estar\u00e3o completamente suspensas para creches, educa\u00e7\u00e3o infantil, fundamental, Centro de L\u00ednguas e Educa\u00e7\u00e3o de Jovens e Adultos\u201d, detalha o prefeito Luiz Fernando Machado, coordenador geral do CEC.<\/p>\n<p>De acordo com a gestora da Unidade de Gest\u00e3o de Educa\u00e7\u00e3o (UGE) Vasti Ferrari Marques, n\u00e3o haver\u00e1 perda de conte\u00fado aos estudantes. &#8220;As crian\u00e7as que n\u00e3o comparecerem j\u00e1 a partir desta ter\u00e7a-feira (17), n\u00e3o ficar\u00e3o com falta nem ter\u00e3o perda de conte\u00fado, que ter\u00e1 formas de implementa\u00e7\u00e3o sendo estudadas&#8221;, argumenta a gestora.<\/p>\n<p>Todas as a\u00e7\u00f5es determinadas foram publicadas no <a href=\"https:\/\/imprensaoficial.jundiai.sp.gov.br\/edicao-extra-4696\/\" target=\"_blank\" rel=\"noopener noreferrer\">decreto 28.910, de 16 de mar\u00e7o de 2020, dispon\u00edvel na Imprensa Oficial Extraordin\u00e1ria<\/a>, no site da Prefeitura de Jundia\u00ed. Os servidores da Unidade de Gest\u00e3o de Promo\u00e7\u00e3o da Sa\u00fade (UGPS) tiveram as f\u00e9rias suspensas por tempo indeterminado, bem como aquelas que estavam em andamento, ser\u00e3o interrompidas, para que o atendimento esteja pleno nos servi\u00e7os municipais. Os demais servidores com mais de 60 anos, as gestantes e os que estiveram em viagens internacionais nos \u00faltimos sete dias, ser\u00e3o designados para regime de teletrabalho.<\/p>\n<p>A suspens\u00e3o total e por tempo indeterminado das aulas dos cursos, workshops e oficinas realizados na sede do Fundo Social de Solidariedade e em bairros por meio do projeto de descentraliza\u00e7\u00e3o est\u00e3o suspensas por tempo indeterminado. As inscri\u00e7\u00f5es previstas para esta semana tamb\u00e9m est\u00e3o suspensas. As d\u00favidas relativas ao atendimento do Funss podem ser esclarecidas pelos telefones: (11) 4521-2762, 4521-2929 e 4521-6833.<\/p>\n<p>Tamb\u00e9m estabelecido pelo decreto, permanecem suspensos por tempo indeterminado os eventos p\u00fablicos da programa\u00e7\u00e3o cultural, como, por exemplo, a edi\u00e7\u00e3o do Domingo no Parque deste domingo (22), o Cultura nos Parques do domingo (29) e as edi\u00e7\u00f5es futuras desses e de outros programas da agenda municipal.<\/p>\n<div id=\"attachment_247380\" style=\"width: 1034px\" class=\"wp-caption aligncenter\"><img loading=\"lazy\" decoding=\"async\" aria-describedby=\"caption-attachment-247380\" class=\"size-large wp-image-247380\" src=\"https:\/\/jundiai.sp.gov.br\/noticias\/wp-content\/uploads\/sites\/32\/2020\/03\/coletiva_comite_coronavirus_02-88-1280x853.jpg\" alt=\"\" width=\"1024\" height=\"682\" srcset=\"https:\/\/jundiai.sp.gov.br\/noticias\/wp-content\/uploads\/sites\/32\/2020\/03\/coletiva_comite_coronavirus_02-88-1280x853.jpg 1280w, https:\/\/jundiai.sp.gov.br\/noticias\/wp-content\/uploads\/sites\/32\/2020\/03\/coletiva_comite_coronavirus_02-88-300x200.jpg 300w, https:\/\/jundiai.sp.gov.br\/noticias\/wp-content\/uploads\/sites\/32\/2020\/03\/coletiva_comite_coronavirus_02-88-768x512.jpg 768w, https:\/\/jundiai.sp.gov.br\/noticias\/wp-content\/uploads\/sites\/32\/2020\/03\/coletiva_comite_coronavirus_02-88-450x300.jpg 450w, https:\/\/jundiai.sp.gov.br\/noticias\/wp-content\/uploads\/sites\/32\/2020\/03\/coletiva_comite_coronavirus_02-88.jpg 1323w\" sizes=\"auto, (max-width: 1024px) 100vw, 1024px\" \/><p id=\"caption-attachment-247380\" class=\"wp-caption-text\">Reuni\u00e3o do Comit\u00ea de Enfrentamento ao Coronav\u00edrus foi realizada na Sala de Situa\u00e7\u00e3o, do Pa\u00e7o Municipal<\/p><\/div>\n<p>Tamb\u00e9m se encontram suspensos os funcionamentos dos complexos esportivos, da Biblioteca Municipal, do CEU das Artes do Vista Alegre, da Pinacoteca Di\u00f3genes Duarte Paes, da Galeria de Arte Fernanda Perracini Milani, do Museu da Cia. Paulista, do Museu Hist\u00f3rico e Cultural de Jundia\u00ed \u2013 Solar do Bar\u00e3o e do Teatro Polytheama.<\/p>\n<p>Pelas mesmas raz\u00f5es encontram-se tamb\u00e9m sem atividades o Centro de Refer\u00eancia do Idoso (CRIJU), o Centro de Conviv\u00eancia do Idoso (CCI) e o CRIJU Itinerante, prezando pelo resguardo da popula\u00e7\u00e3o com mais de 60 anos.<\/p>\n<p><strong>Cen\u00e1rio<\/strong><br \/>\nDiariamente, o cen\u00e1rio epidemiol\u00f3gico \u00e9 avaliado pelos t\u00e9cnicos dos grupos de trabalho espec\u00edficos no CEC, para indicar as necessidades adicionais. &#8220;Os cuidados adotados com a interrup\u00e7\u00e3o das aulas direcionam para a redu\u00e7\u00e3o do fluxo de pessoas. Essa \u00e9 a medida que tem demonstrado maior efici\u00eancia nos demais pa\u00edses em que a COVID-19 foi registrada com transmiss\u00e3o comunit\u00e1ria. Esse \u00e9 o momento oportuno para conter os deslocamentos, principalmente entre as crian\u00e7as, que n\u00e3o apresentam sintomas mas podem ser vetores de transmiss\u00e3o para os demais p\u00fablicos de maior risco&#8221;, detalha o gestor da UGPS, Tiago Texera.<\/p>\n<p>Na semana passada, medidas direcionadas para os servi\u00e7os de atendimento de longa perman\u00eancia, casas de repouso e cl\u00ednicas terap\u00eauticas, com a orienta\u00e7\u00e3o para os trabalhadores e no trato com os pacientes. Ainda de acordo com o gestor da Sa\u00fade, a vacina\u00e7\u00e3o contra a gripe, que ser\u00e1 iniciada no dia 23, ter\u00e1 formato diferenciado para evitar aglomera\u00e7\u00f5es e a ida de idosos aos espa\u00e7os onde possam ser contaminados. &#8220;O formato deste atendimento, bem como de outros como a dispensa\u00e7\u00e3o de medicados da Farm\u00e1cia de Alto Custo (de responsabilidade do Estado), a realiza\u00e7\u00e3o de consultas e exames, renova\u00e7\u00e3o de receitas, tamb\u00e9m ser\u00e3o avaliadas para excluir riscos desnecess\u00e1rios&#8221;, detalha.<\/p>\n<p>A reuni\u00e3o contou com a participa\u00e7\u00e3o de vereadores e do presidente da C\u00e2mara, Faouaz Taha. As imagens podem ser conferidas no <a href=\"https:\/\/www.flickr.com\/photos\/prefeituradejundiai\/albums\/72157713510047591\">Flickr da Prefeitura de Jundia\u00ed<\/a>.<\/p>\n<div id=\"attachment_247379\" style=\"width: 1034px\" class=\"wp-caption aligncenter\"><img loading=\"lazy\" decoding=\"async\" aria-describedby=\"caption-attachment-247379\" class=\"size-large wp-image-247379\" src=\"https:\/\/jundiai.sp.gov.br\/noticias\/wp-content\/uploads\/sites\/32\/2020\/03\/coletiva_comite_coronavirus_02-27-1280x854.jpg\" alt=\"\" width=\"1024\" height=\"683\" srcset=\"https:\/\/jundiai.sp.gov.br\/noticias\/wp-content\/uploads\/sites\/32\/2020\/03\/coletiva_comite_coronavirus_02-27-1280x854.jpg 1280w, https:\/\/jundiai.sp.gov.br\/noticias\/wp-content\/uploads\/sites\/32\/2020\/03\/coletiva_comite_coronavirus_02-27-300x200.jpg 300w, https:\/\/jundiai.sp.gov.br\/noticias\/wp-content\/uploads\/sites\/32\/2020\/03\/coletiva_comite_coronavirus_02-27-768x513.jpg 768w, https:\/\/jundiai.sp.gov.br\/noticias\/wp-content\/uploads\/sites\/32\/2020\/03\/coletiva_comite_coronavirus_02-27-450x300.jpg 450w, https:\/\/jundiai.sp.gov.br\/noticias\/wp-content\/uploads\/sites\/32\/2020\/03\/coletiva_comite_coronavirus_02-27.jpg 1323w\" sizes=\"auto, (max-width: 1024px) 100vw, 1024px\" \/><p id=\"caption-attachment-247379\" class=\"wp-caption-text\">Prefeito Luiz Fernando Machado apresentou as a\u00e7\u00f5es tomadas pelo CEC para a imprensa<\/p><\/div>\n<p><strong>Assessoria de Imprensa<br \/>\nFotos: Fot\u00f3grafos PMJ<\/strong><\/p>\n","protected":false},"excerpt":{"rendered":"<p>Ap\u00f3s mais uma reuni\u00e3o dos t\u00e9cnicos integrantes do Comit\u00ea de Enfrentamento ao Coronav\u00edrus (CEC), da Prefeitura de Jundia\u00ed, nesta segunda-feira (16), na Sala de Situa\u00e7\u00e3o do Pa\u00e7o Municipal, foram estabelecidas novas medidas de combate ao Novo Coronav\u00edrus, entre elas as suspens\u00f5es das aulas da rede municipal dos 38 mil alunos, dos cursos de capacita\u00e7\u00e3o do [&hellip;]<\/p>\n","protected":false},"author":39,"featured_media":247380,"comment_status":"closed","ping_status":"closed","sticky":false,"template":"","format":"standard","meta":{"footnotes":""},"categories":[2],"tags":[1500,29,1176,981],"ods":[],"class_list":["post-247360","post","type-post","status-publish","format-standard","has-post-thumbnail","hentry","category-noticias","tag-coronavirus","tag-cultura","tag-prefeito-luiz-fernando-machado","tag-promocao-da-saude"],"_links":{"self":[{"href":"https:\/\/jundiai.sp.gov.br\/noticias\/wp-json\/wp\/v2\/posts\/247360","targetHints":{"allow":["GET"]}}],"collection":[{"href":"https:\/\/jundiai.sp.gov.br\/noticias\/wp-json\/wp\/v2\/posts"}],"about":[{"href":"https:\/\/jundiai.sp.gov.br\/noticias\/wp-json\/wp\/v2\/types\/post"}],"author":[{"embeddable":true,"href":"https:\/\/jundiai.sp.gov.br\/noticias\/wp-json\/wp\/v2\/users\/39"}],"replies":[{"embeddable":true,"href":"https:\/\/jundiai.sp.gov.br\/noticias\/wp-json\/wp\/v2\/comments?post=247360"}],"version-history":[{"count":13,"href":"https:\/\/jundiai.sp.gov.br\/noticias\/wp-json\/wp\/v2\/posts\/247360\/revisions"}],"predecessor-version":[{"id":247398,"href":"https:\/\/jundiai.sp.gov.br\/noticias\/wp-json\/wp\/v2\/posts\/247360\/revisions\/247398"}],"wp:featuredmedia":[{"embeddable":true,"href":"https:\/\/jundiai.sp.gov.br\/noticias\/wp-json\/wp\/v2\/media\/247380"}],"wp:attachment":[{"href":"https:\/\/jundiai.sp.gov.br\/noticias\/wp-json\/wp\/v2\/media?parent=247360"}],"wp:term":[{"taxonomy":"category","embeddable":true,"href":"https:\/\/jundiai.sp.gov.br\/noticias\/wp-json\/wp\/v2\/categories?post=247360"},{"taxonomy":"post_tag","embeddable":true,"href":"https:\/\/jundiai.sp.gov.br\/noticias\/wp-json\/wp\/v2\/tags?post=247360"},{"taxonomy":"ods","embeddable":true,"href":"https:\/\/jundiai.sp.gov.br\/noticias\/wp-json\/wp\/v2\/ods?post=247360"}],"curies":[{"name":"wp","href":"https:\/\/api.w.org\/{rel}","templated":true}]}}