{"id":247368,"date":"2020-03-16T19:24:23","date_gmt":"2020-03-16T22:24:23","guid":{"rendered":"https:\/\/jundiai.sp.gov.br\/noticias\/?p=247368"},"modified":"2020-03-20T16:42:53","modified_gmt":"2020-03-20T19:42:53","slug":"fumas-divulga-acoes-adotadas-quanto-a-prevencao-ao-coronavirus","status":"publish","type":"post","link":"https:\/\/jundiai.sp.gov.br\/noticias\/2020\/03\/16\/fumas-divulga-acoes-adotadas-quanto-a-prevencao-ao-coronavirus\/","title":{"rendered":"FUMAS divulga a\u00e7\u00f5es adotadas quanto \u00e0 preven\u00e7\u00e3o ao coronav\u00edrus"},"content":{"rendered":"<p>Em aten\u00e7\u00e3o \u00e0s orienta\u00e7\u00f5es recebidas atrav\u00e9s do Comit\u00ea de Preven\u00e7\u00e3o e Enfrentamento ao Coronav\u00edrus (CEC) &#8211; institu\u00eddo na \u00faltima sexta-feira (13) pelo prefeito Luiz Fernando Machado sob o Decreto N\u00ba 28.909, e diante das medidas publicadas pelo Decreto N\u00ba 28.910, nesta segunda-feira (16) \u2013, a FUMAS (Funda\u00e7\u00e3o Municipal de A\u00e7\u00e3o Social) informa que est\u00e1 tomando as provid\u00eancias abaixo para contribuir com a redu\u00e7\u00e3o da possibilidade de transmiss\u00e3o da doen\u00e7a:<\/p>\n<p><strong>Atendimentos ao p\u00fablico: <\/strong>Em fun\u00e7\u00e3o de todas as orienta\u00e7\u00f5es quanto \u00e0 restri\u00e7\u00e3o de atendimento ao p\u00fablico \u2013 que incluem a diminui\u00e7\u00e3o do quadro funcional, formado tamb\u00e9m por servidores atuantes com mais de 60 anos &#8211; est\u00e3o suspensos os Plant\u00f5es Sociais e todos os atendimentos presenciais realizados na sede da Funda\u00e7\u00e3o, bem como as vistorias e visitas t\u00e9cnicas feitas rotineiramente nos n\u00facleos pela equipe de funcion\u00e1rios da FUMAS. Apenas ser\u00e3o mantidas as visitas avaliadas como necess\u00e1rias.<\/p>\n<p><strong>Atendimentos CDHU:<\/strong> S\u00f3 ser\u00e3o realizados os atendimentos via telefone, pelo n\u00famero (11) 4583-1722, que tamb\u00e9m funcionar\u00e1, temporariamente, como Whatsapp. At\u00e9 que a situa\u00e7\u00e3o volte \u00e0 normalidade, todas as orienta\u00e7\u00f5es sobre procedimentos a serem adotados pelos mutu\u00e1rios do CDHU ser\u00e3o direcionadas para ocorrer via internet, como pagamentos e impress\u00e3o de segunda via de carn\u00ea.<\/p>\n<p><strong>Cadastro no SIMIH: <\/strong>O servi\u00e7o de cadastramento no Sistema Municipal de Informa\u00e7\u00f5es Habitacionais (SIMIH), realizado no formato presencial, est\u00e1 suspenso temporariamente, sem preju\u00edzo aos j\u00e1 cadastrados ou aos que desejam se cadastrar. Cabe ressaltar que o SIMIH tem por \u00fanico objetivo a identifica\u00e7\u00e3o da demanda habitacional da cidade e n\u00e3o representa inscri\u00e7\u00e3o em qualquer processo de sele\u00e7\u00e3o para novos empreendimentos habitacionais de interesse social.<\/p>\n<p><strong>Aux\u00edlio-moradia:<\/strong> A partir de abril, os pagamentos somente ser\u00e3o feitos via dep\u00f3sito banc\u00e1rio. Casos que se encaixam em exce\u00e7\u00f5es dever\u00e3o ser tratados, inicialmente, via telefone, diretamente no setor Financeiro.<\/p>\n<p><strong>Pagamentos de TPU: <\/strong>A fim de evitar aglomera\u00e7\u00e3o de mun\u00edcipes para o pagamento do Termo de Permiss\u00e3o de Uso (TPU), est\u00e3o suspensas as multas relativas \u00e0 mensalidade referente a mar\u00e7o, podendo estas serem pagas at\u00e9 abril sem aplica\u00e7\u00e3o de multa ou juros sobre esse per\u00edodo. D\u00favidas podem ser esclarecidas junto ao setor Financeiro.<\/p>\n<p><strong>Distribui\u00e7\u00e3o do PSA: <\/strong>Seguindo a determina\u00e7\u00e3o do Decreto Municipal 28.910, ser\u00e1 suspenso o fornecimento do Programa de Suplementa\u00e7\u00e3o Alimentar nos Centros Comunit\u00e1rios atendidos pela FUMAS, atividade esta voltada para atender, principalmente, crian\u00e7as de 6 meses a 12 anos, m\u00e3es lactantes, gestantes, idosos e pessoas em estado de convalescen\u00e7a de uma doen\u00e7a. A interrup\u00e7\u00e3o no fornecimento come\u00e7a a partir da pr\u00f3xima quarta, dia 18, sem prazo para retorno das atividades.<\/p>\n<p><strong>Fechamento dos Centros Comunit\u00e1rios: <\/strong>Acompanhando a determina\u00e7\u00e3o da PMJ, que fechou Complexos Esportivos, Culturais e Educacionais, tamb\u00e9m ser\u00e3o mantidos fechados todos os Centros Comunit\u00e1rios administrados pela FUMAS.<\/p>\n<p><strong>Concurso P\u00fablico<\/strong> \u2013 Seguindo as orienta\u00e7\u00f5es quanto \u00e0 realiza\u00e7\u00e3o de eventos com grande aglomera\u00e7\u00e3o, est\u00e1 suspensa a data de realiza\u00e7\u00e3o do Concurso P\u00fablico da FUMAS, agendado at\u00e9 ent\u00e3o para dia 5 de abril. A pr\u00f3xima data ainda n\u00e3o foi definida e ser\u00e1 divulgada posteriormente.<\/p>\n<p>Ciente da velocidade de propaga\u00e7\u00e3o do Covid-19 (Corona-V\u00edrus), a FUMAS, assim como as demais unidades de gest\u00e3o da Prefeitura de Jundia\u00ed, est\u00e1 refor\u00e7ando junto \u00e0 sua equipe todos os cuidados j\u00e1 amplamente divulgados para evitar a prolifera\u00e7\u00e3o ainda maior da doen\u00e7a, orientando a:<\/p>\n<ul>\n<li>Lavar as m\u00e3os com \u00e1gua e sab\u00e3o frequentemente e usar antiss\u00e9ptico de m\u00e3os \u00e0 base de \u00e1lcool gel 70%<\/li>\n<li>Ao tossir e espirrar, cobrir a boca e o nariz com os bra\u00e7os<\/li>\n<li>Use APENAS len\u00e7o descart\u00e1vel e lave as m\u00e3os ap\u00f3s utiliz\u00e1-lo<\/li>\n<li>Evitar contato com pessoas com febre e tosse<\/li>\n<li>Evitar aglomera\u00e7\u00f5es ou locais pouco arejados<\/li>\n<li>Ficar em casa diante do surgimento de febre, espirros, tosse e, se tiver dificuldade para respirar, procurar ajuda m\u00e9dica.<\/li>\n<\/ul>\n<p><strong>MAIS INFORMA\u00c7\u00d5ES: <a href=\"http:\/\/jundiai.sp.gov.br\/coronavirus\">jundiai.sp.gov.br\/coronavirus<\/a><\/strong><\/p>\n<p><strong>Assessoria de Imprensa Fumas<\/strong><br \/>\n<strong>Foto: Fot\u00f3grafos PMJ<\/strong><\/p>\n","protected":false},"excerpt":{"rendered":"<p>Em aten\u00e7\u00e3o \u00e0s orienta\u00e7\u00f5es recebidas atrav\u00e9s do Comit\u00ea de Preven\u00e7\u00e3o e Enfrentamento ao Coronav\u00edrus (CEC) &#8211; institu\u00eddo na \u00faltima sexta-feira (13) pelo prefeito Luiz Fernando Machado sob o Decreto N\u00ba 28.909, e diante das medidas publicadas pelo Decreto N\u00ba 28.910, nesta segunda-feira (16) \u2013, a FUMAS (Funda\u00e7\u00e3o Municipal de A\u00e7\u00e3o Social) informa que est\u00e1 tomando [&hellip;]<\/p>\n","protected":false},"author":40,"featured_media":247396,"comment_status":"closed","ping_status":"closed","sticky":false,"template":"","format":"standard","meta":{"footnotes":""},"categories":[2],"tags":[1500,49],"ods":[],"class_list":["post-247368","post","type-post","status-publish","format-standard","has-post-thumbnail","hentry","category-noticias","tag-coronavirus","tag-fundacao-municipal-de-acao-social-fumas"],"_links":{"self":[{"href":"https:\/\/jundiai.sp.gov.br\/noticias\/wp-json\/wp\/v2\/posts\/247368","targetHints":{"allow":["GET"]}}],"collection":[{"href":"https:\/\/jundiai.sp.gov.br\/noticias\/wp-json\/wp\/v2\/posts"}],"about":[{"href":"https:\/\/jundiai.sp.gov.br\/noticias\/wp-json\/wp\/v2\/types\/post"}],"author":[{"embeddable":true,"href":"https:\/\/jundiai.sp.gov.br\/noticias\/wp-json\/wp\/v2\/users\/40"}],"replies":[{"embeddable":true,"href":"https:\/\/jundiai.sp.gov.br\/noticias\/wp-json\/wp\/v2\/comments?post=247368"}],"version-history":[{"count":5,"href":"https:\/\/jundiai.sp.gov.br\/noticias\/wp-json\/wp\/v2\/posts\/247368\/revisions"}],"predecessor-version":[{"id":247760,"href":"https:\/\/jundiai.sp.gov.br\/noticias\/wp-json\/wp\/v2\/posts\/247368\/revisions\/247760"}],"wp:featuredmedia":[{"embeddable":true,"href":"https:\/\/jundiai.sp.gov.br\/noticias\/wp-json\/wp\/v2\/media\/247396"}],"wp:attachment":[{"href":"https:\/\/jundiai.sp.gov.br\/noticias\/wp-json\/wp\/v2\/media?parent=247368"}],"wp:term":[{"taxonomy":"category","embeddable":true,"href":"https:\/\/jundiai.sp.gov.br\/noticias\/wp-json\/wp\/v2\/categories?post=247368"},{"taxonomy":"post_tag","embeddable":true,"href":"https:\/\/jundiai.sp.gov.br\/noticias\/wp-json\/wp\/v2\/tags?post=247368"},{"taxonomy":"ods","embeddable":true,"href":"https:\/\/jundiai.sp.gov.br\/noticias\/wp-json\/wp\/v2\/ods?post=247368"}],"curies":[{"name":"wp","href":"https:\/\/api.w.org\/{rel}","templated":true}]}}