{"id":247413,"date":"2020-03-17T14:28:16","date_gmt":"2020-03-17T17:28:16","guid":{"rendered":"https:\/\/jundiai.sp.gov.br\/noticias\/?p=247413"},"modified":"2020-03-17T14:49:22","modified_gmt":"2020-03-17T17:49:22","slug":"feiras-livres-e-varejoes-participacao-dos-permissionarios-sera-facultativa-ate-segunda-23","status":"publish","type":"post","link":"https:\/\/jundiai.sp.gov.br\/noticias\/2020\/03\/17\/feiras-livres-e-varejoes-participacao-dos-permissionarios-sera-facultativa-ate-segunda-23\/","title":{"rendered":"Feiras livres e varej\u00f5es: participa\u00e7\u00e3o dos permission\u00e1rios ser\u00e1 facultativa at\u00e9 segunda (23)"},"content":{"rendered":"<p>Apesar de feiras livres e varej\u00f5es continuarem a funcionar normalmente, a Diretoria de Abastecimento da Unidade de Gest\u00e3o de Agroneg\u00f3cio, Abastecimento e Turismo (UGAAT) n\u00e3o contabilizar\u00e1 falta dos permission\u00e1rios entre os dias 16 e 23 de mar\u00e7o, quando ser\u00e1 divulgada uma nova Nota de Informa\u00e7\u00e3o, de acordo com novas orienta\u00e7\u00f5es da \u00e1rea de Sa\u00fade. A medida \u00e9 uma forma de conter a dissemina\u00e7\u00e3o do coronav\u00edrus, principalmente entre os feirantes maiores de 60 anos, faixa et\u00e1ria considerada de maior risco.<\/p>\n<div id=\"attachment_247450\" style=\"width: 1034px\" class=\"wp-caption aligncenter\"><img loading=\"lazy\" decoding=\"async\" aria-describedby=\"caption-attachment-247450\" class=\"size-large wp-image-247450\" src=\"https:\/\/jundiai.sp.gov.br\/noticias\/wp-content\/uploads\/sites\/32\/2020\/03\/feira_noturna_dal_santo-116-1280x853.jpg\" alt=\"\" width=\"1024\" height=\"682\" srcset=\"https:\/\/jundiai.sp.gov.br\/noticias\/wp-content\/uploads\/sites\/32\/2020\/03\/feira_noturna_dal_santo-116-1280x853.jpg 1280w, https:\/\/jundiai.sp.gov.br\/noticias\/wp-content\/uploads\/sites\/32\/2020\/03\/feira_noturna_dal_santo-116-300x200.jpg 300w, https:\/\/jundiai.sp.gov.br\/noticias\/wp-content\/uploads\/sites\/32\/2020\/03\/feira_noturna_dal_santo-116-768x512.jpg 768w, https:\/\/jundiai.sp.gov.br\/noticias\/wp-content\/uploads\/sites\/32\/2020\/03\/feira_noturna_dal_santo-116-450x300.jpg 450w, https:\/\/jundiai.sp.gov.br\/noticias\/wp-content\/uploads\/sites\/32\/2020\/03\/feira_noturna_dal_santo-116.jpg 1323w\" sizes=\"auto, (max-width: 1024px) 100vw, 1024px\" \/><p id=\"caption-attachment-247450\" class=\"wp-caption-text\">Diretoria de Abastecimento n\u00e3o contabilizar\u00e1 falta dos permission\u00e1rios entre os dias 16 e 23\/03, quando ser\u00e1 divulgada uma nova Nota de Informa\u00e7\u00e3o<\/p><\/div>\n<p>O gestor da UGAAT, Eduardo Alvarez, lembra que todas as recomenda\u00e7\u00f5es s\u00e3o no sentido de evitar aglomera\u00e7\u00e3o de pessoas, especialmente em ambientes fechados. \u201cNeste sentido, portanto, as feiras livres e varej\u00f5es acabam sendo, inclusive, uma oportunidade menos arriscada de abastecimento \u00e0 popula\u00e7\u00e3o, por serem realizados em locais abertos e ventilados\u201d, diz. \u201cPor\u00e9m, considerando as recomenda\u00e7\u00f5es para que as pessoas se mantenham em casa, especialmente maiores de 60 anos, a Diretoria de Abastecimento n\u00e3o ir\u00e1 contabilizar falta para os feirantes que n\u00e3o quiserem comparecer\u201d.<\/p>\n<p>Desta forma, fica facultativa aos permission\u00e1rios a decis\u00e3o de estarem presentes nas feiras livres e varej\u00f5es.<\/p>\n<p>A recomenda\u00e7\u00e3o a todos que estiverem presentes, por\u00e9m, permanece:<\/p>\n<ul>\n<li>Manter as m\u00e3os higienizadas;<\/li>\n<li>Procurar manter uma dist\u00e2ncia m\u00ednima de dois metros das pessoas;<\/li>\n<li>Em caso de tosse ou espirros n\u00e3o levar a m\u00e3o \u00e0 boca; procurar usar o cotovelo ou ombro;<\/li>\n<li>Se estiver em estado gripal; procurar orienta\u00e7\u00e3o m\u00e9dica.<\/li>\n<\/ul>\n<p><strong><span style=\"font-family: 'Arial',sans-serif;\">Assessoria de Imprensa<\/span><\/strong><span style=\"font-family: 'Arial',sans-serif;\"><br \/>\n<strong>Fotos: Fot\u00f3grafos PMJ<\/strong><\/span><\/p>\n","protected":false},"excerpt":{"rendered":"<p>Apesar de feiras livres e varej\u00f5es continuarem a funcionar normalmente, a Diretoria de Abastecimento da Unidade de Gest\u00e3o de Agroneg\u00f3cio, Abastecimento e Turismo (UGAAT) n\u00e3o contabilizar\u00e1 falta dos permission\u00e1rios entre os dias 16 e 23 de mar\u00e7o, quando ser\u00e1 divulgada uma nova Nota de Informa\u00e7\u00e3o, de acordo com novas orienta\u00e7\u00f5es da \u00e1rea de Sa\u00fade. A [&hellip;]<\/p>\n","protected":false},"author":45,"featured_media":0,"comment_status":"closed","ping_status":"closed","sticky":false,"template":"","format":"standard","meta":{"footnotes":""},"categories":[2],"tags":[974,1500],"ods":[],"class_list":["post-247413","post","type-post","status-publish","format-standard","hentry","category-noticias","tag-agronegocio-abastecimento-e-turismo","tag-coronavirus"],"_links":{"self":[{"href":"https:\/\/jundiai.sp.gov.br\/noticias\/wp-json\/wp\/v2\/posts\/247413","targetHints":{"allow":["GET"]}}],"collection":[{"href":"https:\/\/jundiai.sp.gov.br\/noticias\/wp-json\/wp\/v2\/posts"}],"about":[{"href":"https:\/\/jundiai.sp.gov.br\/noticias\/wp-json\/wp\/v2\/types\/post"}],"author":[{"embeddable":true,"href":"https:\/\/jundiai.sp.gov.br\/noticias\/wp-json\/wp\/v2\/users\/45"}],"replies":[{"embeddable":true,"href":"https:\/\/jundiai.sp.gov.br\/noticias\/wp-json\/wp\/v2\/comments?post=247413"}],"version-history":[{"count":3,"href":"https:\/\/jundiai.sp.gov.br\/noticias\/wp-json\/wp\/v2\/posts\/247413\/revisions"}],"predecessor-version":[{"id":247453,"href":"https:\/\/jundiai.sp.gov.br\/noticias\/wp-json\/wp\/v2\/posts\/247413\/revisions\/247453"}],"wp:attachment":[{"href":"https:\/\/jundiai.sp.gov.br\/noticias\/wp-json\/wp\/v2\/media?parent=247413"}],"wp:term":[{"taxonomy":"category","embeddable":true,"href":"https:\/\/jundiai.sp.gov.br\/noticias\/wp-json\/wp\/v2\/categories?post=247413"},{"taxonomy":"post_tag","embeddable":true,"href":"https:\/\/jundiai.sp.gov.br\/noticias\/wp-json\/wp\/v2\/tags?post=247413"},{"taxonomy":"ods","embeddable":true,"href":"https:\/\/jundiai.sp.gov.br\/noticias\/wp-json\/wp\/v2\/ods?post=247413"}],"curies":[{"name":"wp","href":"https:\/\/api.w.org\/{rel}","templated":true}]}}