{"id":247545,"date":"2020-03-18T11:48:44","date_gmt":"2020-03-18T14:48:44","guid":{"rendered":"https:\/\/jundiai.sp.gov.br\/noticias\/?p=247545"},"modified":"2020-03-18T11:48:44","modified_gmt":"2020-03-18T14:48:44","slug":"linha-721-tera-mudanca-de-itinerario-em-carater-experimental","status":"publish","type":"post","link":"https:\/\/jundiai.sp.gov.br\/noticias\/2020\/03\/18\/linha-721-tera-mudanca-de-itinerario-em-carater-experimental\/","title":{"rendered":"Linha 721 ter\u00e1 mudan\u00e7a de itiner\u00e1rio em car\u00e1ter experimental"},"content":{"rendered":"<div id=\"attachment_247546\" style=\"width: 1034px\" class=\"wp-caption aligncenter\"><img loading=\"lazy\" decoding=\"async\" aria-describedby=\"caption-attachment-247546\" class=\"size-large wp-image-247546\" src=\"https:\/\/jundiai.sp.gov.br\/noticias\/wp-content\/uploads\/sites\/32\/2020\/03\/movimentacao_onibus-187-1-1280x854.jpg\" alt=\"\u00d4nibus da linha 721 deixar\u00e3o de trafegar pela Rua Marrocos e passar\u00e3o a circular pela Rua Treviso\" width=\"1024\" height=\"683\" srcset=\"https:\/\/jundiai.sp.gov.br\/noticias\/wp-content\/uploads\/sites\/32\/2020\/03\/movimentacao_onibus-187-1-1280x854.jpg 1280w, https:\/\/jundiai.sp.gov.br\/noticias\/wp-content\/uploads\/sites\/32\/2020\/03\/movimentacao_onibus-187-1-300x200.jpg 300w, https:\/\/jundiai.sp.gov.br\/noticias\/wp-content\/uploads\/sites\/32\/2020\/03\/movimentacao_onibus-187-1-768x513.jpg 768w, https:\/\/jundiai.sp.gov.br\/noticias\/wp-content\/uploads\/sites\/32\/2020\/03\/movimentacao_onibus-187-1-450x300.jpg 450w, https:\/\/jundiai.sp.gov.br\/noticias\/wp-content\/uploads\/sites\/32\/2020\/03\/movimentacao_onibus-187-1.jpg 1323w\" sizes=\"auto, (max-width: 1024px) 100vw, 1024px\" \/><p id=\"caption-attachment-247546\" class=\"wp-caption-text\">\u00d4nibus da linha 721 deixar\u00e3o de trafegar pela Rua Marrocos e passar\u00e3o a circular pela Rua Treviso<\/p><\/div>\n<p>A linha 721 (Terminal Central &#8211; Terminal Vila Arens &#8211; via Jardim Bonfiglioli e Via Pirapora) ter\u00e1 altera\u00e7\u00e3o de itiner\u00e1rio, em car\u00e1ter experimental, a partir da pr\u00f3xima segunda-feira (23). A informa\u00e7\u00e3o \u00e9 da Unidade de Gest\u00e3o de Mobilidade e Transporte (UGMT) de Jundia\u00ed.<\/p>\n<p>Os \u00f4nibus desta linha seguir\u00e3o at\u00e9 a Rua Palermo e continuar\u00e3o pelas ruas Treviso e Tun\u00edsia, mantendo o itiner\u00e1rio normal. Os ve\u00edculos deixar\u00e3o de trafegar pela Rua Marrocos e passar\u00e3o a circular pela Rua Treviso.<\/p>\n<p>Confira outras informa\u00e7\u00f5es sobre as linhas de \u00f4nibus urbano de Jundia\u00ed <a href=\"https:\/\/jundiai.sp.gov.br\/mobilidade\/itinerarios-de-onibus\/\">acessando o site da Prefeitura<\/a>.<\/p>\n<p><strong>Assessoria de Imprensa<\/strong><br \/>\n<strong>Foto: Fot\u00f3grafos PMJ<\/strong><\/p>\n","protected":false},"excerpt":{"rendered":"<p>A linha 721 (Terminal Central &#8211; Terminal Vila Arens &#8211; via Jardim Bonfiglioli e Via Pirapora) ter\u00e1 altera\u00e7\u00e3o de itiner\u00e1rio, em car\u00e1ter experimental, a partir da pr\u00f3xima segunda-feira (23). A informa\u00e7\u00e3o \u00e9 da Unidade de Gest\u00e3o de Mobilidade e Transporte (UGMT) de Jundia\u00ed. Os \u00f4nibus desta linha seguir\u00e3o at\u00e9 a Rua Palermo e continuar\u00e3o pelas [&hellip;]<\/p>\n","protected":false},"author":54,"featured_media":247546,"comment_status":"closed","ping_status":"closed","sticky":false,"template":"","format":"standard","meta":{"footnotes":""},"categories":[2],"tags":[982,1121],"ods":[],"class_list":["post-247545","post","type-post","status-publish","format-standard","has-post-thumbnail","hentry","category-noticias","tag-mobilidade-e-transporte","tag-mobilidade-total"],"_links":{"self":[{"href":"https:\/\/jundiai.sp.gov.br\/noticias\/wp-json\/wp\/v2\/posts\/247545","targetHints":{"allow":["GET"]}}],"collection":[{"href":"https:\/\/jundiai.sp.gov.br\/noticias\/wp-json\/wp\/v2\/posts"}],"about":[{"href":"https:\/\/jundiai.sp.gov.br\/noticias\/wp-json\/wp\/v2\/types\/post"}],"author":[{"embeddable":true,"href":"https:\/\/jundiai.sp.gov.br\/noticias\/wp-json\/wp\/v2\/users\/54"}],"replies":[{"embeddable":true,"href":"https:\/\/jundiai.sp.gov.br\/noticias\/wp-json\/wp\/v2\/comments?post=247545"}],"version-history":[{"count":1,"href":"https:\/\/jundiai.sp.gov.br\/noticias\/wp-json\/wp\/v2\/posts\/247545\/revisions"}],"predecessor-version":[{"id":247547,"href":"https:\/\/jundiai.sp.gov.br\/noticias\/wp-json\/wp\/v2\/posts\/247545\/revisions\/247547"}],"wp:featuredmedia":[{"embeddable":true,"href":"https:\/\/jundiai.sp.gov.br\/noticias\/wp-json\/wp\/v2\/media\/247546"}],"wp:attachment":[{"href":"https:\/\/jundiai.sp.gov.br\/noticias\/wp-json\/wp\/v2\/media?parent=247545"}],"wp:term":[{"taxonomy":"category","embeddable":true,"href":"https:\/\/jundiai.sp.gov.br\/noticias\/wp-json\/wp\/v2\/categories?post=247545"},{"taxonomy":"post_tag","embeddable":true,"href":"https:\/\/jundiai.sp.gov.br\/noticias\/wp-json\/wp\/v2\/tags?post=247545"},{"taxonomy":"ods","embeddable":true,"href":"https:\/\/jundiai.sp.gov.br\/noticias\/wp-json\/wp\/v2\/ods?post=247545"}],"curies":[{"name":"wp","href":"https:\/\/api.w.org\/{rel}","templated":true}]}}