{"id":247552,"date":"2020-03-18T11:49:23","date_gmt":"2020-03-18T14:49:23","guid":{"rendered":"https:\/\/jundiai.sp.gov.br\/noticias\/?p=247552"},"modified":"2020-03-18T11:49:23","modified_gmt":"2020-03-18T14:49:23","slug":"parques-de-jundiai-sao-fechados-por-tempo-indeterminado","status":"publish","type":"post","link":"https:\/\/jundiai.sp.gov.br\/noticias\/2020\/03\/18\/parques-de-jundiai-sao-fechados-por-tempo-indeterminado\/","title":{"rendered":"Parques de Jundia\u00ed s\u00e3o fechados por tempo indeterminado"},"content":{"rendered":"<div id=\"attachment_247554\" style=\"width: 1034px\" class=\"wp-caption aligncenter\"><img loading=\"lazy\" decoding=\"async\" aria-describedby=\"caption-attachment-247554\" class=\"size-large wp-image-247554\" src=\"https:\/\/jundiai.sp.gov.br\/noticias\/wp-content\/uploads\/sites\/32\/2020\/03\/parque_da_cidade-26-1280x854.jpg\" alt=\"Parque da Cidade \u00e9 um dos espa\u00e7os p\u00fablicos de Jundia\u00ed que foi fechado, em car\u00e1ter preventivo\" width=\"1024\" height=\"683\" srcset=\"https:\/\/jundiai.sp.gov.br\/noticias\/wp-content\/uploads\/sites\/32\/2020\/03\/parque_da_cidade-26-1280x854.jpg 1280w, https:\/\/jundiai.sp.gov.br\/noticias\/wp-content\/uploads\/sites\/32\/2020\/03\/parque_da_cidade-26-300x200.jpg 300w, https:\/\/jundiai.sp.gov.br\/noticias\/wp-content\/uploads\/sites\/32\/2020\/03\/parque_da_cidade-26-768x513.jpg 768w, https:\/\/jundiai.sp.gov.br\/noticias\/wp-content\/uploads\/sites\/32\/2020\/03\/parque_da_cidade-26-450x300.jpg 450w, https:\/\/jundiai.sp.gov.br\/noticias\/wp-content\/uploads\/sites\/32\/2020\/03\/parque_da_cidade-26.jpg 1323w\" sizes=\"auto, (max-width: 1024px) 100vw, 1024px\" \/><p id=\"caption-attachment-247554\" class=\"wp-caption-text\">Parque da Cidade \u00e9 um dos espa\u00e7os p\u00fablicos de Jundia\u00ed que foi fechado, em car\u00e1ter preventivo<\/p><\/div>\n<p>A Prefeitura de Jundia\u00ed determinou, a partir desta quarta-feira (18), o fechamento de todos os parques existentes na cidade por tempo indeterminado, como medida preventiva para evitar a aglomera\u00e7\u00e3o e restringir a circula\u00e7\u00e3o de pessoas, reduzindo assim a chance de propaga\u00e7\u00e3o do Novo Coronav\u00edrus (COVID-19). Jundia\u00ed n\u00e3o tem nenhum caso confirmado da doen\u00e7a at\u00e9 o momento.<\/p>\n<p>Outras medidas seguem nesta dire\u00e7\u00e3o, sempre em car\u00e1ter preventivo, como a interrup\u00e7\u00e3o das aulas na Rede Municipal de Ensino, o fechamento dos centros esportivos e a suspens\u00e3o de todos os eventos p\u00fablicos. \u201cSabemos que S\u00e3o Paulo j\u00e1 tem a contamina\u00e7\u00e3o comunit\u00e1ria e que Campinas j\u00e1 registrou dois casos positivos. As medidas de restri\u00e7\u00e3o s\u00e3o fundamentais para evitar que tenhamos um grande n\u00famero de pessoas doentes\u201d, destacou o prefeito Luiz Fernando Machado.<\/p>\n<p>A adequada busca pelo servi\u00e7o de sa\u00fade tamb\u00e9m evitar\u00e1 a dissemina\u00e7\u00e3o. O Minist\u00e9rio da Sa\u00fade disponibiliza o servi\u00e7o 136 para tirar d\u00favidas sobre a necessidade ou n\u00e3o de busca pelo servi\u00e7o. \u201cSe for necess\u00e1rio o atendimento m\u00e9dico, o servi\u00e7o georreferenciar\u00e1 a pessoa para o equipamento de sa\u00fade mais pr\u00f3ximo\u201d, emendou o gestor da Unidade de Gest\u00e3o de Promo\u00e7\u00e3o da Sa\u00fade (UGPS) de Jundia\u00ed, Tiago Texera.<\/p>\n<p>A Unidade de Gest\u00e3o de Infraestrutura e Servi\u00e7os P\u00fablicos (UGISP) de Jundia\u00ed est\u00e1 mantendo os servi\u00e7os de limpeza urbana (ro\u00e7agem e raspagem do mato e a poda de \u00e1rvores) e as obras em andamento na cidade, mesmo com as a\u00e7\u00f5es em pr\u00e1tica de combate ao Novo Coronav\u00edrus.<\/p>\n<p>O programa Cidade Limpa, da Prefeitura de Jundia\u00ed em parceria com a TV TEM, tamb\u00e9m est\u00e1 mantido, assim como o Mais Asfalto, que est\u00e1 recapeando e asfaltando ruas e avenidas de todos os bairros de Jundia\u00ed.<\/p>\n<p>Mais informa\u00e7\u00f5es: jundiai.sp.gov.br\/coronavirus<\/p>\n<p><strong>Assessoria de Imprensa<\/strong><br \/>\n<strong>Foto: Fot\u00f3grafos PMJ<\/strong><\/p>\n","protected":false},"excerpt":{"rendered":"<p>A Prefeitura de Jundia\u00ed determinou, a partir desta quarta-feira (18), o fechamento de todos os parques existentes na cidade por tempo indeterminado, como medida preventiva para evitar a aglomera\u00e7\u00e3o e restringir a circula\u00e7\u00e3o de pessoas, reduzindo assim a chance de propaga\u00e7\u00e3o do Novo Coronav\u00edrus (COVID-19). Jundia\u00ed n\u00e3o tem nenhum caso confirmado da doen\u00e7a at\u00e9 o [&hellip;]<\/p>\n","protected":false},"author":54,"featured_media":247555,"comment_status":"closed","ping_status":"closed","sticky":false,"template":"","format":"standard","meta":{"footnotes":""},"categories":[2],"tags":[1500,985,981],"ods":[],"class_list":["post-247552","post","type-post","status-publish","format-standard","has-post-thumbnail","hentry","category-noticias","tag-coronavirus","tag-infraestrutura-e-servicos-publicos","tag-promocao-da-saude"],"_links":{"self":[{"href":"https:\/\/jundiai.sp.gov.br\/noticias\/wp-json\/wp\/v2\/posts\/247552","targetHints":{"allow":["GET"]}}],"collection":[{"href":"https:\/\/jundiai.sp.gov.br\/noticias\/wp-json\/wp\/v2\/posts"}],"about":[{"href":"https:\/\/jundiai.sp.gov.br\/noticias\/wp-json\/wp\/v2\/types\/post"}],"author":[{"embeddable":true,"href":"https:\/\/jundiai.sp.gov.br\/noticias\/wp-json\/wp\/v2\/users\/54"}],"replies":[{"embeddable":true,"href":"https:\/\/jundiai.sp.gov.br\/noticias\/wp-json\/wp\/v2\/comments?post=247552"}],"version-history":[{"count":3,"href":"https:\/\/jundiai.sp.gov.br\/noticias\/wp-json\/wp\/v2\/posts\/247552\/revisions"}],"predecessor-version":[{"id":247566,"href":"https:\/\/jundiai.sp.gov.br\/noticias\/wp-json\/wp\/v2\/posts\/247552\/revisions\/247566"}],"wp:featuredmedia":[{"embeddable":true,"href":"https:\/\/jundiai.sp.gov.br\/noticias\/wp-json\/wp\/v2\/media\/247555"}],"wp:attachment":[{"href":"https:\/\/jundiai.sp.gov.br\/noticias\/wp-json\/wp\/v2\/media?parent=247552"}],"wp:term":[{"taxonomy":"category","embeddable":true,"href":"https:\/\/jundiai.sp.gov.br\/noticias\/wp-json\/wp\/v2\/categories?post=247552"},{"taxonomy":"post_tag","embeddable":true,"href":"https:\/\/jundiai.sp.gov.br\/noticias\/wp-json\/wp\/v2\/tags?post=247552"},{"taxonomy":"ods","embeddable":true,"href":"https:\/\/jundiai.sp.gov.br\/noticias\/wp-json\/wp\/v2\/ods?post=247552"}],"curies":[{"name":"wp","href":"https:\/\/api.w.org\/{rel}","templated":true}]}}