{"id":247694,"date":"2020-03-19T16:22:12","date_gmt":"2020-03-19T19:22:12","guid":{"rendered":"https:\/\/jundiai.sp.gov.br\/noticias\/?p=247694"},"modified":"2020-03-19T17:08:10","modified_gmt":"2020-03-19T20:08:10","slug":"emergencia-samu-192-nao-deve-ser-acionado-para-duvidas-sobre-o-covid-19","status":"publish","type":"post","link":"https:\/\/jundiai.sp.gov.br\/noticias\/2020\/03\/19\/emergencia-samu-192-nao-deve-ser-acionado-para-duvidas-sobre-o-covid-19\/","title":{"rendered":"EMERG\u00caNCIA &#8211; SAMU 192 n\u00e3o deve ser acionado para d\u00favidas sobre o Covid-19"},"content":{"rendered":"<p>Desde que a Organiza\u00e7\u00e3o Mundial da Sa\u00fade (OMS) decretou pandemia do novo coronav\u00edrus, no in\u00edcio de mar\u00e7o, a rotina de atendimentos via 192 do Servi\u00e7o de Atendimento M\u00f3vel de Urg\u00eancia (SAMU) de Jundia\u00ed, identificou aumento de 15% em liga\u00e7\u00f5es di\u00e1rias relacionadas a d\u00favidas do Covid-19. O servi\u00e7o recebe cerca de 2,3 mil liga\u00e7\u00f5es ao m\u00eas. A atitude da popula\u00e7\u00e3o tem impactado de forma negativa no servi\u00e7o. \u201cO foco de nossas atividades \u00e9 atender situa\u00e7\u00f5es como acidente de tr\u00e2nsito, infartos, quedas graves, afogamentos, partos e outras situa\u00e7\u00f5es que continuam a ocorrer em paralelo ao coronav\u00edrus\u201d, explica o m\u00e9dico coordenador do SAMU, M\u00e1rio Jorge Kodama.<\/p>\n<div id=\"attachment_247695\" style=\"width: 802px\" class=\"wp-caption aligncenter\"><img loading=\"lazy\" decoding=\"async\" aria-describedby=\"caption-attachment-247695\" class=\"size-full wp-image-247695\" src=\"https:\/\/jundiai.sp.gov.br\/noticias\/wp-content\/uploads\/sites\/32\/2020\/03\/aumento-de-ligacoes-com-duvidas-impacta-nos-atendimentos-de-emergencia.jpg\" alt=\"\" width=\"792\" height=\"445\" srcset=\"https:\/\/jundiai.sp.gov.br\/noticias\/wp-content\/uploads\/sites\/32\/2020\/03\/aumento-de-ligacoes-com-duvidas-impacta-nos-atendimentos-de-emergencia.jpg 792w, https:\/\/jundiai.sp.gov.br\/noticias\/wp-content\/uploads\/sites\/32\/2020\/03\/aumento-de-ligacoes-com-duvidas-impacta-nos-atendimentos-de-emergencia-300x169.jpg 300w, https:\/\/jundiai.sp.gov.br\/noticias\/wp-content\/uploads\/sites\/32\/2020\/03\/aumento-de-ligacoes-com-duvidas-impacta-nos-atendimentos-de-emergencia-768x432.jpg 768w\" sizes=\"auto, (max-width: 792px) 100vw, 792px\" \/><p id=\"caption-attachment-247695\" class=\"wp-caption-text\">Aumento de liga\u00e7\u00f5es com d\u00favidas impacta nos atendimentos de emerg\u00eancia<\/p><\/div>\n<p>\u201cEnquanto nossa equipe est\u00e1 atendendo um caso de d\u00favida, pode ter uma pessoa em situa\u00e7\u00e3o grave aguardando\u201d, diz. \u00c9 importante que a popula\u00e7\u00e3o se conscientize dessa quest\u00e3o e utilize o n\u00famero 136, que foi disponibilizado pelo Minist\u00e9rio da Sa\u00fade para esclarecimentos de todos os tipos de d\u00favidas relacionadas ao Covid-19. Permitindo que o atendimento SAMU seja focado em situa\u00e7\u00f5es que podem desencadear em \u00f3bitos ou perca de membros. \u201cPedimos que haja bom-senso tamb\u00e9m no momento de chamar o servi\u00e7o de emerg\u00eancia por sintomas do Covid-19\u201d, afirma.<\/p>\n<p>O m\u00e9dico destaca que neste per\u00edodo do ano, s\u00e3o comuns os sintomas gripais devido \u00e0 mudan\u00e7a de esta\u00e7\u00e3o, que tamb\u00e9m inclui mudan\u00e7as bruscas de temperatura. Desta forma, o recomendado para evitar o coronav\u00edrus e qualquer outra gripe ou resfriado, \u00e9 manter os cuidados com a higiene pessoal, tais como lavar as m\u00e3os com frequ\u00eancia, usar \u00e1lcool gel 70%, se estiver resfriado usar m\u00e1scara para n\u00e3o contaminar as outras pessoas; n\u00e3o compartilhar objetos de uso pessoal e procurar sair de casa somente se necess\u00e1rio.<\/p>\n<p><strong>Assessoria de Imprensa HSV<\/strong><br \/>\n<strong>Foto: Assessoria de Imprensa HSV<\/strong><\/p>\n","protected":false},"excerpt":{"rendered":"<p>Desde que a Organiza\u00e7\u00e3o Mundial da Sa\u00fade (OMS) decretou pandemia do novo coronav\u00edrus, no in\u00edcio de mar\u00e7o, a rotina de atendimentos via 192 do Servi\u00e7o de Atendimento M\u00f3vel de Urg\u00eancia (SAMU) de Jundia\u00ed, identificou aumento de 15% em liga\u00e7\u00f5es di\u00e1rias relacionadas a d\u00favidas do Covid-19. O servi\u00e7o recebe cerca de 2,3 mil liga\u00e7\u00f5es ao m\u00eas. [&hellip;]<\/p>\n","protected":false},"author":53,"featured_media":0,"comment_status":"closed","ping_status":"closed","sticky":false,"template":"","format":"standard","meta":{"footnotes":""},"categories":[2],"tags":[1500,1372,149],"ods":[],"class_list":["post-247694","post","type-post","status-publish","format-standard","hentry","category-noticias","tag-coronavirus","tag-samu","tag-servico-de-atendimento-movel-de-urgencia-samu"],"_links":{"self":[{"href":"https:\/\/jundiai.sp.gov.br\/noticias\/wp-json\/wp\/v2\/posts\/247694","targetHints":{"allow":["GET"]}}],"collection":[{"href":"https:\/\/jundiai.sp.gov.br\/noticias\/wp-json\/wp\/v2\/posts"}],"about":[{"href":"https:\/\/jundiai.sp.gov.br\/noticias\/wp-json\/wp\/v2\/types\/post"}],"author":[{"embeddable":true,"href":"https:\/\/jundiai.sp.gov.br\/noticias\/wp-json\/wp\/v2\/users\/53"}],"replies":[{"embeddable":true,"href":"https:\/\/jundiai.sp.gov.br\/noticias\/wp-json\/wp\/v2\/comments?post=247694"}],"version-history":[{"count":2,"href":"https:\/\/jundiai.sp.gov.br\/noticias\/wp-json\/wp\/v2\/posts\/247694\/revisions"}],"predecessor-version":[{"id":247701,"href":"https:\/\/jundiai.sp.gov.br\/noticias\/wp-json\/wp\/v2\/posts\/247694\/revisions\/247701"}],"wp:attachment":[{"href":"https:\/\/jundiai.sp.gov.br\/noticias\/wp-json\/wp\/v2\/media?parent=247694"}],"wp:term":[{"taxonomy":"category","embeddable":true,"href":"https:\/\/jundiai.sp.gov.br\/noticias\/wp-json\/wp\/v2\/categories?post=247694"},{"taxonomy":"post_tag","embeddable":true,"href":"https:\/\/jundiai.sp.gov.br\/noticias\/wp-json\/wp\/v2\/tags?post=247694"},{"taxonomy":"ods","embeddable":true,"href":"https:\/\/jundiai.sp.gov.br\/noticias\/wp-json\/wp\/v2\/ods?post=247694"}],"curies":[{"name":"wp","href":"https:\/\/api.w.org\/{rel}","templated":true}]}}