{"id":247961,"date":"2020-03-23T19:10:14","date_gmt":"2020-03-23T22:10:14","guid":{"rendered":"https:\/\/jundiai.sp.gov.br\/noticias\/?p=247961"},"modified":"2020-03-23T19:12:55","modified_gmt":"2020-03-23T22:12:55","slug":"bares-sao-fechados-pela-gm-por-nao-cumprimento-ao-decreto-municipal","status":"publish","type":"post","link":"https:\/\/jundiai.sp.gov.br\/noticias\/2020\/03\/23\/bares-sao-fechados-pela-gm-por-nao-cumprimento-ao-decreto-municipal\/","title":{"rendered":"Bares s\u00e3o fechados por n\u00e3o cumprimento ao decreto municipal"},"content":{"rendered":"<p>A Guarda Municipal de Jundia\u00ed fez valer o cumprimento do decreto 28.923, assinado no \u00faltimo s\u00e1bado (21) e destacando os estabelecimentos comerciais que podem e os que n\u00e3o podem funcionar, por conta da amea\u00e7a de contamina\u00e7\u00e3o das pessoas pelo Novo Coronav\u00edrus (COVID-19). No primeiro final de semana de vig\u00eancia do decreto, foram fechados 170 com\u00e9rcios, entre bares e trailers, todos fotografados e filmados. O material ser\u00e1 encaminhado \u00e0 Unidade de Gest\u00e3o de Governo e Finan\u00e7as (UGGF) da prefeitura para eventuais notifica\u00e7\u00f5es.<\/p>\n<p>Deste total, 70 foram visitados no s\u00e1bado (21). No domingo (22), comerciantes de bairros como Jardim Novo Horizonte, Jardim Guanabara, Vila Marlene, CECAP e Jardim S\u00e3o Camilo foram informados pelos GMs para fecharem seus estabelecimentos. Cem deles tiveram suas portas cerradas.<\/p>\n<div id=\"attachment_247984\" style=\"width: 1034px\" class=\"wp-caption aligncenter\"><img loading=\"lazy\" decoding=\"async\" aria-describedby=\"caption-attachment-247984\" class=\"size-large wp-image-247984\" src=\"https:\/\/jundiai.sp.gov.br\/noticias\/wp-content\/uploads\/sites\/32\/2020\/03\/fiscaliza_comercio-1-1280x851.jpg\" alt=\"GMs e fiscais do com\u00e9rcio trabalharam no final de semana para cumprir o decreto 28.923\" width=\"1024\" height=\"681\" srcset=\"https:\/\/jundiai.sp.gov.br\/noticias\/wp-content\/uploads\/sites\/32\/2020\/03\/fiscaliza_comercio-1-1280x851.jpg 1280w, https:\/\/jundiai.sp.gov.br\/noticias\/wp-content\/uploads\/sites\/32\/2020\/03\/fiscaliza_comercio-1-300x200.jpg 300w, https:\/\/jundiai.sp.gov.br\/noticias\/wp-content\/uploads\/sites\/32\/2020\/03\/fiscaliza_comercio-1-768x511.jpg 768w, https:\/\/jundiai.sp.gov.br\/noticias\/wp-content\/uploads\/sites\/32\/2020\/03\/fiscaliza_comercio-1-450x300.jpg 450w, https:\/\/jundiai.sp.gov.br\/noticias\/wp-content\/uploads\/sites\/32\/2020\/03\/fiscaliza_comercio-1.jpg 1323w\" sizes=\"auto, (max-width: 1024px) 100vw, 1024px\" \/><p id=\"caption-attachment-247984\" class=\"wp-caption-text\">GMs e fiscais do com\u00e9rcio trabalharam no final de semana para cumprir o decreto 28.923<\/p><\/div>\n<p>Nesta segunda feira, guardas e fiscais percorreram diversos bairros de Jundia\u00ed e solicitaram a compreens\u00e3o dos comerciantes que insistem em manter seus neg\u00f3cios abertos. Bares e diversos tipos de lojas foram os principais alvos. O setor operacional da GMJ mant\u00e9m todas as equipes em campo. S\u00e3o 24 viaturas no plant\u00e3o diurno acompanhando ou atendendo den\u00fancias de com\u00e9rcios abertos de forma irregular.<\/p>\n<p>Segundo o gestor da Unidade de Gest\u00e3o de Seguran\u00e7a Municipal (UGSM), Paulo S\u00e9rgio de Lemos Giacomelli Stel (Jac\u00f3), nem todos t\u00eam o conhecimento do decreto. \u201cA Guarda de Jundia\u00ed fez, em um primeiro momento, um trabalho de informa\u00e7\u00e3o para efetuar o fechamento. Se os comerciantes forem reincidentes, a Fiscaliza\u00e7\u00e3o do Com\u00e9rcio da UGGF pode lacrar e cassar o alvar\u00e1 de funcionamento. O propriet\u00e1rio ainda pode ser encaminhado ao distrito policial em caso de desobedi\u00eancia\u201d, explicou Jac\u00f3.<\/p>\n<p>A GM recebeu entre s\u00e1bado e segunda-feira cerca de 120 liga\u00e7\u00f5es denunciando bares e trailers que est\u00e3o descumprindo o decreto. A popula\u00e7\u00e3o pode entrar em contato com a Guarda Municipal de Jundia\u00ed pelo telefone 153.<\/p>\n<p><strong>Assessoria de Imprensa<\/strong><br \/>\n<strong>Foto: Fot\u00f3grafos PMJ<\/strong><\/p>\n","protected":false},"excerpt":{"rendered":"<p>A Guarda Municipal de Jundia\u00ed fez valer o cumprimento do decreto 28.923, assinado no \u00faltimo s\u00e1bado (21) e destacando os estabelecimentos comerciais que podem e os que n\u00e3o podem funcionar, por conta da amea\u00e7a de contamina\u00e7\u00e3o das pessoas pelo Novo Coronav\u00edrus (COVID-19). No primeiro final de semana de vig\u00eancia do decreto, foram fechados 170 com\u00e9rcios, [&hellip;]<\/p>\n","protected":false},"author":54,"featured_media":0,"comment_status":"closed","ping_status":"closed","sticky":false,"template":"","format":"standard","meta":{"footnotes":""},"categories":[2],"tags":[1500,31,948],"ods":[],"class_list":["post-247961","post","type-post","status-publish","format-standard","hentry","category-noticias","tag-coronavirus","tag-guarda-municipal","tag-seguranca-municipal"],"_links":{"self":[{"href":"https:\/\/jundiai.sp.gov.br\/noticias\/wp-json\/wp\/v2\/posts\/247961","targetHints":{"allow":["GET"]}}],"collection":[{"href":"https:\/\/jundiai.sp.gov.br\/noticias\/wp-json\/wp\/v2\/posts"}],"about":[{"href":"https:\/\/jundiai.sp.gov.br\/noticias\/wp-json\/wp\/v2\/types\/post"}],"author":[{"embeddable":true,"href":"https:\/\/jundiai.sp.gov.br\/noticias\/wp-json\/wp\/v2\/users\/54"}],"replies":[{"embeddable":true,"href":"https:\/\/jundiai.sp.gov.br\/noticias\/wp-json\/wp\/v2\/comments?post=247961"}],"version-history":[{"count":9,"href":"https:\/\/jundiai.sp.gov.br\/noticias\/wp-json\/wp\/v2\/posts\/247961\/revisions"}],"predecessor-version":[{"id":247990,"href":"https:\/\/jundiai.sp.gov.br\/noticias\/wp-json\/wp\/v2\/posts\/247961\/revisions\/247990"}],"wp:attachment":[{"href":"https:\/\/jundiai.sp.gov.br\/noticias\/wp-json\/wp\/v2\/media?parent=247961"}],"wp:term":[{"taxonomy":"category","embeddable":true,"href":"https:\/\/jundiai.sp.gov.br\/noticias\/wp-json\/wp\/v2\/categories?post=247961"},{"taxonomy":"post_tag","embeddable":true,"href":"https:\/\/jundiai.sp.gov.br\/noticias\/wp-json\/wp\/v2\/tags?post=247961"},{"taxonomy":"ods","embeddable":true,"href":"https:\/\/jundiai.sp.gov.br\/noticias\/wp-json\/wp\/v2\/ods?post=247961"}],"curies":[{"name":"wp","href":"https:\/\/api.w.org\/{rel}","templated":true}]}}