{"id":248044,"date":"2020-03-24T16:41:25","date_gmt":"2020-03-24T19:41:25","guid":{"rendered":"https:\/\/jundiai.sp.gov.br\/noticias\/?p=248044"},"modified":"2020-03-25T17:07:56","modified_gmt":"2020-03-25T20:07:56","slug":"biblioteca-disponibiliza-videos-com-leituras-de-livros-para-criancas","status":"publish","type":"post","link":"https:\/\/jundiai.sp.gov.br\/noticias\/2020\/03\/24\/biblioteca-disponibiliza-videos-com-leituras-de-livros-para-criancas\/","title":{"rendered":"Biblioteca disponibiliza v\u00eddeos com leituras de livros para crian\u00e7as"},"content":{"rendered":"<p>A Biblioteca Municipal Professor Nelson Foot est\u00e1 usando as redes sociais para garantir atividades de leituras e conta\u00e7\u00f5es de hist\u00f3rias para as crian\u00e7as, enquanto elas est\u00e3o em casa por conta da quarentena para preven\u00e7\u00e3o e enfrentamento ao Coronav\u00edrus (COVID-19). Por meio de transmiss\u00f5es de v\u00eddeos pela <a href=\"https:\/\/www.facebook.com\/bibliotecamunicipaljundiai\/\" rel=\"noopener noreferrer\" target=\"_blank\">p\u00e1gina da Biblioteca no Facebook<\/a>, a proposta \u00e9 garantir pela internet os andamentos do \u201cLeiturinha em foco\u201d e \u201cL\u00ea no Ninho\u201d, propostas de media\u00e7\u00f5es de leituras e acesso ao livro, respectivamente, para indica\u00e7\u00f5es de leitura a crian\u00e7as com mais de quatro anos e sugest\u00f5es de atividades para pais e cuidadores de beb\u00eas.<\/p>\n<p>Quem conduz as transmiss\u00f5es \u00e9 Carmen Silvia Bulh\u00f5es, supervisora pedag\u00f3gica da Biblioteca. \u201cEsta tem sido uma experi\u00eancia muito positiva, assim como o seu alcance. J\u00e1 recebi depoimentos de av\u00f3s que n\u00e3o t\u00eam podido ver seus netos, mas mandam o v\u00eddeo para que eles assistam. E a sele\u00e7\u00e3o das obras privilegia conte\u00fados alegres e coloridos, para tornar esses dias mais amenos para as fam\u00edlias\u201d.<\/p>\n<p>De acordo com a diretora do Departamento de Fomento \u00e0 Leitura da Unidade de Gest\u00e3o de Educa\u00e7\u00e3o (UGE), Camila Rosalem, \u201ca proposta surgiu da vontade da equipe da Biblioteca em criar situa\u00e7\u00f5es positivas para as crian\u00e7as e suas fam\u00edlias durante a quarentena. Novos conte\u00fados devem ser disponibilizados a cada dois dias. Tamb\u00e9m deveremos usar as redes sociais para indicar aos adultos indica\u00e7\u00f5es de t\u00edtulos de dom\u00ednio p\u00fablico para download gratuito\u201d.<\/p>\n<p>Durante o per\u00edodo tamb\u00e9m est\u00e3o suspensas as multas sobre devolu\u00e7\u00f5es com atrasos a partir da \u00faltima segunda-feira (16), por meio da guarda respons\u00e1vel dos livros. At\u00e9 o fechamento da biblioteca, cerca de 1500 t\u00edtulos estavam emprestados. O acervo completo conta com cerca de 50 mil exemplares.<\/p>\n<p>Mais informa\u00e7\u00f5es podem ser obtidas no site <a href=\"https:\/\/jundiai.sp.gov.br\/noticias\/tag\/coronavirus\/\">jundiai.sp.gov.br\/coronavirus<\/a>.<\/p>\n<div id=\"attachment_248059\" style=\"width: 1034px\" class=\"wp-caption aligncenter\"><img loading=\"lazy\" decoding=\"async\" aria-describedby=\"caption-attachment-248059\" class=\"size-large wp-image-248059\" src=\"https:\/\/jundiai.sp.gov.br\/noticias\/wp-content\/uploads\/sites\/32\/2020\/03\/ferias_na_biblioteca_contacao_historia-113-1280x828.jpg\" alt=\"Crian\u00e7as sentadas sobre tapete, assistindo a uma apresenta\u00e7\u00e3o de conta\u00e7\u00e3o de hist\u00f3rias\" width=\"1024\" height=\"662\" srcset=\"https:\/\/jundiai.sp.gov.br\/noticias\/wp-content\/uploads\/sites\/32\/2020\/03\/ferias_na_biblioteca_contacao_historia-113-1280x828.jpg 1280w, https:\/\/jundiai.sp.gov.br\/noticias\/wp-content\/uploads\/sites\/32\/2020\/03\/ferias_na_biblioteca_contacao_historia-113-300x194.jpg 300w, https:\/\/jundiai.sp.gov.br\/noticias\/wp-content\/uploads\/sites\/32\/2020\/03\/ferias_na_biblioteca_contacao_historia-113-768x497.jpg 768w, https:\/\/jundiai.sp.gov.br\/noticias\/wp-content\/uploads\/sites\/32\/2020\/03\/ferias_na_biblioteca_contacao_historia-113.jpg 1323w\" sizes=\"auto, (max-width: 1024px) 100vw, 1024px\" \/><p id=\"caption-attachment-248059\" class=\"wp-caption-text\">Transmiss\u00f5es pela p\u00e1gina da Biblioteca no Facebook prometem animar a quarentena da crian\u00e7ada em casa<\/p><\/div>\n<p><strong>Assessoria de Imprensa<br \/>\nFoto: Arquivo PMJ<\/strong><\/p>\n","protected":false},"excerpt":{"rendered":"<p>A Biblioteca Municipal Professor Nelson Foot est\u00e1 usando as redes sociais para garantir atividades de leituras e conta\u00e7\u00f5es de hist\u00f3rias para as crian\u00e7as, enquanto elas est\u00e3o em casa por conta da quarentena para preven\u00e7\u00e3o e enfrentamento ao Coronav\u00edrus (COVID-19). Por meio de transmiss\u00f5es de v\u00eddeos pela p\u00e1gina da Biblioteca no Facebook, a proposta \u00e9 garantir [&hellip;]<\/p>\n","protected":false},"author":14,"featured_media":0,"comment_status":"closed","ping_status":"closed","sticky":false,"template":"","format":"standard","meta":{"footnotes":""},"categories":[2],"tags":[505,1500,6],"ods":[],"class_list":["post-248044","post","type-post","status-publish","format-standard","hentry","category-noticias","tag-biblioteca-municipal-professor-nelson-foot","tag-coronavirus","tag-educacao"],"_links":{"self":[{"href":"https:\/\/jundiai.sp.gov.br\/noticias\/wp-json\/wp\/v2\/posts\/248044","targetHints":{"allow":["GET"]}}],"collection":[{"href":"https:\/\/jundiai.sp.gov.br\/noticias\/wp-json\/wp\/v2\/posts"}],"about":[{"href":"https:\/\/jundiai.sp.gov.br\/noticias\/wp-json\/wp\/v2\/types\/post"}],"author":[{"embeddable":true,"href":"https:\/\/jundiai.sp.gov.br\/noticias\/wp-json\/wp\/v2\/users\/14"}],"replies":[{"embeddable":true,"href":"https:\/\/jundiai.sp.gov.br\/noticias\/wp-json\/wp\/v2\/comments?post=248044"}],"version-history":[{"count":8,"href":"https:\/\/jundiai.sp.gov.br\/noticias\/wp-json\/wp\/v2\/posts\/248044\/revisions"}],"predecessor-version":[{"id":248156,"href":"https:\/\/jundiai.sp.gov.br\/noticias\/wp-json\/wp\/v2\/posts\/248044\/revisions\/248156"}],"wp:attachment":[{"href":"https:\/\/jundiai.sp.gov.br\/noticias\/wp-json\/wp\/v2\/media?parent=248044"}],"wp:term":[{"taxonomy":"category","embeddable":true,"href":"https:\/\/jundiai.sp.gov.br\/noticias\/wp-json\/wp\/v2\/categories?post=248044"},{"taxonomy":"post_tag","embeddable":true,"href":"https:\/\/jundiai.sp.gov.br\/noticias\/wp-json\/wp\/v2\/tags?post=248044"},{"taxonomy":"ods","embeddable":true,"href":"https:\/\/jundiai.sp.gov.br\/noticias\/wp-json\/wp\/v2\/ods?post=248044"}],"curies":[{"name":"wp","href":"https:\/\/api.w.org\/{rel}","templated":true}]}}