{"id":248099,"date":"2020-03-25T18:03:54","date_gmt":"2020-03-25T21:03:54","guid":{"rendered":"https:\/\/jundiai.sp.gov.br\/noticias\/?p=248099"},"modified":"2020-03-25T18:04:13","modified_gmt":"2020-03-25T21:04:13","slug":"boletim-epidemiologico-novo-coronavirus-18","status":"publish","type":"post","link":"https:\/\/jundiai.sp.gov.br\/noticias\/2020\/03\/25\/boletim-epidemiologico-novo-coronavirus-18\/","title":{"rendered":"Boletim Epidemiol\u00f3gico &#8211; Novo Coronav\u00edrus"},"content":{"rendered":"<p>Atualizado em 25\/03\/2020, \u00e0s 18h<\/p>\n<p>De modo a prevalecer o princ\u00edpio da transpar\u00eancia no acesso \u00e0s informa\u00e7\u00f5es de interesse p\u00fablico, a Prefeitura de Jundia\u00ed informa que, a partir da determina\u00e7\u00e3o Estadual para a realiza\u00e7\u00e3o de exames para a identifica\u00e7\u00e3o do Novo Coronav\u00edrus (Sars-CoV-2) apenas em pessoas com S\u00edndrome Respirat\u00f3ria Aguda Grave (SRAG), a cidade contabiliza 101 exames no aguardo de resultados. Desse total, 14 pessoas est\u00e3o internadas em hospitais p\u00fablicos e privados da cidade, al\u00e9m de dois \u00f3bitos registrados por SRAG. Os demais aguardam em isolamento domiciliar e devidamente orientados conforme determina\u00e7\u00e3o do Minist\u00e9rio da Sa\u00fade. A cidade contabiliza, no total, 120 notifica\u00e7\u00f5es, 16 negativados e 3 positivos. <\/p>\n<p>Os casos tiveram amostras colhidas para an\u00e1lise para o Instituto Adolfo Lutz para a identifica\u00e7\u00e3o do v\u00edrus causador da patologia. A expectativa da conclus\u00e3o do laudo \u00e9 superior a 15 dias. <\/p>\n<p>Os pacientes diagnosticados com s\u00edndrome gripal s\u00e3o orientados para o isolamento domiciliar, conforme preconiza o Minist\u00e9rio da Sa\u00fade, sem a necessidade de coleta de exames. Familiares dos casos suspeitos identificados est\u00e3o devidamente orientados pelas equipes de Sa\u00fade com rela\u00e7\u00e3o \u00e0s medidas preventivas para evitar cont\u00e1gio, como uso de m\u00e1scaras, higieniza\u00e7\u00e3o das m\u00e3os e n\u00e3o compartilhamento de objetos de uso pessoal.<\/p>\n<p>O Prefeito Luiz Fernando Machado decretou estado de Calamidade P\u00fablica para a cidade, (decreto 28.926, 24 de mar\u00e7o de 2020) na Imprensa Oficial do Munic\u00edpio, ampliando a restri\u00e7\u00e3o de fluxos, suspendendo cobran\u00e7as e determinando a suspens\u00e3o de atividades de setores n\u00e3o essenciais, com o objetivo de reduzir a dissemina\u00e7\u00e3o do v\u00edrus entre a popula\u00e7\u00e3o.<\/p>\n<p><strong>PREVEN\u00c7\u00c3O<\/strong><br \/>\nDesde o in\u00edcio dos alertas da Organiza\u00e7\u00e3o Mundial de Sa\u00fade (OMS), a Prefeitura de Jundia\u00ed desenvolve o Plano de A\u00e7\u00e3o contra o Novo Coronav\u00edrus, com treinamento dos profissionais \u2013 tanto do setor p\u00fablico quanto privado -, orienta\u00e7\u00e3o ao p\u00fablico por canais de comunica\u00e7\u00e3o, bem como a atua\u00e7\u00e3o em vigil\u00e2ncia preventiva nos equipamentos de Sa\u00fade, p\u00fablicos e particulares.<br \/>\nTodas as medidas tomadas pelo munic\u00edpio seguem os protocolos do Minist\u00e9rio da Sa\u00fade.<\/p>\n<p>A Prefeitura de Jundia\u00ed tamb\u00e9m disponibiliza em seu site oficial o\u00a0<a href=\"https:\/\/jundiai.sp.gov.br\/coronavirus\/\">Boletim Epidemiol\u00f3gico \u2013 Novo Coronav\u00edrus<\/a>\u00a0com informa\u00e7\u00f5es atualizadas sobre a situa\u00e7\u00e3o da cidade.<\/p>\n<p><strong>Assessoria de Imprensa<\/strong><\/p>\n","protected":false},"excerpt":{"rendered":"<p>Atualizado em 25\/03\/2020, \u00e0s 18h De modo a prevalecer o princ\u00edpio da transpar\u00eancia no acesso \u00e0s informa\u00e7\u00f5es de interesse p\u00fablico, a Prefeitura de Jundia\u00ed informa que, a partir da determina\u00e7\u00e3o Estadual para a realiza\u00e7\u00e3o de exames para a identifica\u00e7\u00e3o do Novo Coronav\u00edrus (Sars-CoV-2) apenas em pessoas com S\u00edndrome Respirat\u00f3ria Aguda Grave (SRAG), a cidade contabiliza [&hellip;]<\/p>\n","protected":false},"author":39,"featured_media":247231,"comment_status":"closed","ping_status":"closed","sticky":false,"template":"","format":"standard","meta":{"footnotes":""},"categories":[2],"tags":[1500],"ods":[],"class_list":["post-248099","post","type-post","status-publish","format-standard","has-post-thumbnail","hentry","category-noticias","tag-coronavirus"],"_links":{"self":[{"href":"https:\/\/jundiai.sp.gov.br\/noticias\/wp-json\/wp\/v2\/posts\/248099","targetHints":{"allow":["GET"]}}],"collection":[{"href":"https:\/\/jundiai.sp.gov.br\/noticias\/wp-json\/wp\/v2\/posts"}],"about":[{"href":"https:\/\/jundiai.sp.gov.br\/noticias\/wp-json\/wp\/v2\/types\/post"}],"author":[{"embeddable":true,"href":"https:\/\/jundiai.sp.gov.br\/noticias\/wp-json\/wp\/v2\/users\/39"}],"replies":[{"embeddable":true,"href":"https:\/\/jundiai.sp.gov.br\/noticias\/wp-json\/wp\/v2\/comments?post=248099"}],"version-history":[{"count":9,"href":"https:\/\/jundiai.sp.gov.br\/noticias\/wp-json\/wp\/v2\/posts\/248099\/revisions"}],"predecessor-version":[{"id":248158,"href":"https:\/\/jundiai.sp.gov.br\/noticias\/wp-json\/wp\/v2\/posts\/248099\/revisions\/248158"}],"wp:featuredmedia":[{"embeddable":true,"href":"https:\/\/jundiai.sp.gov.br\/noticias\/wp-json\/wp\/v2\/media\/247231"}],"wp:attachment":[{"href":"https:\/\/jundiai.sp.gov.br\/noticias\/wp-json\/wp\/v2\/media?parent=248099"}],"wp:term":[{"taxonomy":"category","embeddable":true,"href":"https:\/\/jundiai.sp.gov.br\/noticias\/wp-json\/wp\/v2\/categories?post=248099"},{"taxonomy":"post_tag","embeddable":true,"href":"https:\/\/jundiai.sp.gov.br\/noticias\/wp-json\/wp\/v2\/tags?post=248099"},{"taxonomy":"ods","embeddable":true,"href":"https:\/\/jundiai.sp.gov.br\/noticias\/wp-json\/wp\/v2\/ods?post=248099"}],"curies":[{"name":"wp","href":"https:\/\/api.w.org\/{rel}","templated":true}]}}