{"id":248283,"date":"2020-03-28T09:10:56","date_gmt":"2020-03-28T12:10:56","guid":{"rendered":"https:\/\/jundiai.sp.gov.br\/noticias\/?p=248283"},"modified":"2020-03-28T09:10:56","modified_gmt":"2020-03-28T12:10:56","slug":"prefeitura-inicia-obra-do-parque-botanico-do-jardim-santa-gertrudes","status":"publish","type":"post","link":"https:\/\/jundiai.sp.gov.br\/noticias\/2020\/03\/28\/prefeitura-inicia-obra-do-parque-botanico-do-jardim-santa-gertrudes\/","title":{"rendered":"Prefeitura inicia obra do Parque Bot\u00e2nico do Jardim Santa Gertrudes"},"content":{"rendered":"<div id=\"attachment_248285\" style=\"width: 1034px\" class=\"wp-caption aligncenter\"><img loading=\"lazy\" decoding=\"async\" aria-describedby=\"caption-attachment-248285\" class=\"size-large wp-image-248285\" src=\"https:\/\/jundiai.sp.gov.br\/noticias\/wp-content\/uploads\/sites\/32\/2020\/03\/img_1390-1280x960.jpg\" alt=\"Parque Bot\u00e2nico do Santa Gertrudes est\u00e1 sendo constru\u00eddo com recursos da pr\u00f3pria Prefeitura\" width=\"1024\" height=\"768\" srcset=\"https:\/\/jundiai.sp.gov.br\/noticias\/wp-content\/uploads\/sites\/32\/2020\/03\/img_1390-1280x960.jpg 1280w, https:\/\/jundiai.sp.gov.br\/noticias\/wp-content\/uploads\/sites\/32\/2020\/03\/img_1390-300x225.jpg 300w, https:\/\/jundiai.sp.gov.br\/noticias\/wp-content\/uploads\/sites\/32\/2020\/03\/img_1390-768x576.jpg 768w, https:\/\/jundiai.sp.gov.br\/noticias\/wp-content\/uploads\/sites\/32\/2020\/03\/img_1390.jpg 1323w\" sizes=\"auto, (max-width: 1024px) 100vw, 1024px\" \/><p id=\"caption-attachment-248285\" class=\"wp-caption-text\">Parque Bot\u00e2nico do Santa Gertrudes est\u00e1 sendo constru\u00eddo com recursos da pr\u00f3pria Prefeitura<\/p><\/div>\n<p>Homens e m\u00e1quinas est\u00e3o trabalhando na fase inicial da obra do Parque Bot\u00e2nico do Jardim Santa Gertrudes. Situada na Rua Ricardo C\u00e9sar F\u00e1varo, a melhoria, que est\u00e1 sendo feita pela Prefeitura de Jundia\u00ed, refor\u00e7a o conceito de oferecer lazer e qualidade de vida \u00e0 popula\u00e7\u00e3o.<\/p>\n<p>O parque est\u00e1 sendo constru\u00eddo pela Unidade de Gest\u00e3o de Infraestrutura e Servi\u00e7os P\u00fablicos (UGISP) com recursos da pr\u00f3pria Prefeitura. Os moradores da regi\u00e3o ter\u00e3o \u00e0 disposi\u00e7\u00e3o pista de caminhada, jardim, quadra poliesportiva, academia ao ar livre, playground, quiosque com bancos e um lago com uma ponte p\u00eansil (ponte suspensa) sobre ele.<\/p>\n<p>A \u00e1rea total do parque \u00e9 de 10.400 metros quadrados e o investimento da Administra\u00e7\u00e3o nesta melhoria \u00e9 estimado em R$ 300 mil. O parque ser\u00e1 inaugurado no segundo semestre de 2020. \u201cTeremos no Santa Gertrudes um local bonito e arborizado, com atra\u00e7\u00f5es tanto para as crian\u00e7as quanto para os adultos\u201d, destacou Adilson Rosa, gestor da UGISP.<\/p>\n<p><strong>Assessoria de Imprensa<\/strong><br \/>\n<strong>Foto: Fot\u00f3grafos PMJ<\/strong><\/p>\n","protected":false},"excerpt":{"rendered":"<p>Homens e m\u00e1quinas est\u00e3o trabalhando na fase inicial da obra do Parque Bot\u00e2nico do Jardim Santa Gertrudes. Situada na Rua Ricardo C\u00e9sar F\u00e1varo, a melhoria, que est\u00e1 sendo feita pela Prefeitura de Jundia\u00ed, refor\u00e7a o conceito de oferecer lazer e qualidade de vida \u00e0 popula\u00e7\u00e3o. O parque est\u00e1 sendo constru\u00eddo pela Unidade de Gest\u00e3o de [&hellip;]<\/p>\n","protected":false},"author":54,"featured_media":248286,"comment_status":"closed","ping_status":"closed","sticky":false,"template":"","format":"standard","meta":{"footnotes":""},"categories":[2],"tags":[985],"ods":[],"class_list":["post-248283","post","type-post","status-publish","format-standard","has-post-thumbnail","hentry","category-noticias","tag-infraestrutura-e-servicos-publicos"],"_links":{"self":[{"href":"https:\/\/jundiai.sp.gov.br\/noticias\/wp-json\/wp\/v2\/posts\/248283","targetHints":{"allow":["GET"]}}],"collection":[{"href":"https:\/\/jundiai.sp.gov.br\/noticias\/wp-json\/wp\/v2\/posts"}],"about":[{"href":"https:\/\/jundiai.sp.gov.br\/noticias\/wp-json\/wp\/v2\/types\/post"}],"author":[{"embeddable":true,"href":"https:\/\/jundiai.sp.gov.br\/noticias\/wp-json\/wp\/v2\/users\/54"}],"replies":[{"embeddable":true,"href":"https:\/\/jundiai.sp.gov.br\/noticias\/wp-json\/wp\/v2\/comments?post=248283"}],"version-history":[{"count":6,"href":"https:\/\/jundiai.sp.gov.br\/noticias\/wp-json\/wp\/v2\/posts\/248283\/revisions"}],"predecessor-version":[{"id":248311,"href":"https:\/\/jundiai.sp.gov.br\/noticias\/wp-json\/wp\/v2\/posts\/248283\/revisions\/248311"}],"wp:featuredmedia":[{"embeddable":true,"href":"https:\/\/jundiai.sp.gov.br\/noticias\/wp-json\/wp\/v2\/media\/248286"}],"wp:attachment":[{"href":"https:\/\/jundiai.sp.gov.br\/noticias\/wp-json\/wp\/v2\/media?parent=248283"}],"wp:term":[{"taxonomy":"category","embeddable":true,"href":"https:\/\/jundiai.sp.gov.br\/noticias\/wp-json\/wp\/v2\/categories?post=248283"},{"taxonomy":"post_tag","embeddable":true,"href":"https:\/\/jundiai.sp.gov.br\/noticias\/wp-json\/wp\/v2\/tags?post=248283"},{"taxonomy":"ods","embeddable":true,"href":"https:\/\/jundiai.sp.gov.br\/noticias\/wp-json\/wp\/v2\/ods?post=248283"}],"curies":[{"name":"wp","href":"https:\/\/api.w.org\/{rel}","templated":true}]}}