{"id":248325,"date":"2020-03-30T10:59:41","date_gmt":"2020-03-30T13:59:41","guid":{"rendered":"https:\/\/jundiai.sp.gov.br\/noticias\/?p=248325"},"modified":"2020-03-30T18:36:52","modified_gmt":"2020-03-30T21:36:52","slug":"prefeitura-de-jundiai-faz-reprogramacao-de-11-linhas-de-onibus","status":"publish","type":"post","link":"https:\/\/jundiai.sp.gov.br\/noticias\/2020\/03\/30\/prefeitura-de-jundiai-faz-reprogramacao-de-11-linhas-de-onibus\/","title":{"rendered":"Prefeitura de Jundia\u00ed faz reprograma\u00e7\u00e3o de 11 linhas de \u00f4nibus"},"content":{"rendered":"<div id=\"attachment_248327\" style=\"width: 1034px\" class=\"wp-caption aligncenter\"><img loading=\"lazy\" decoding=\"async\" aria-describedby=\"caption-attachment-248327\" class=\"size-large wp-image-248327\" src=\"https:\/\/jundiai.sp.gov.br\/noticias\/wp-content\/uploads\/sites\/32\/2020\/03\/dji_0508-1280x960.jpg\" alt=\"Atendimento \u00e0 Rodovi\u00e1ria est\u00e1 sendo realizado pela linha 721 (Terminal Central-Terminal Vila Arens - via Jardim Bonfiglioli), em substitui\u00e7\u00e3o \u00e0 linha 522\" width=\"1024\" height=\"768\" srcset=\"https:\/\/jundiai.sp.gov.br\/noticias\/wp-content\/uploads\/sites\/32\/2020\/03\/dji_0508-1280x960.jpg 1280w, https:\/\/jundiai.sp.gov.br\/noticias\/wp-content\/uploads\/sites\/32\/2020\/03\/dji_0508-300x225.jpg 300w, https:\/\/jundiai.sp.gov.br\/noticias\/wp-content\/uploads\/sites\/32\/2020\/03\/dji_0508-768x575.jpg 768w, https:\/\/jundiai.sp.gov.br\/noticias\/wp-content\/uploads\/sites\/32\/2020\/03\/dji_0508.jpg 1323w\" sizes=\"auto, (max-width: 1024px) 100vw, 1024px\" \/><p id=\"caption-attachment-248327\" class=\"wp-caption-text\">Atendimento \u00e0 Rodovi\u00e1ria est\u00e1 sendo realizado pela linha 721 (Terminal Central-Terminal Vila Arens &#8211; via Jardim Bonfiglioli), em substitui\u00e7\u00e3o \u00e0 linha 522<\/p><\/div>\n<p>A Prefeitura de Jundia\u00ed, por meio da Unidade de Gest\u00e3o de Mobilidade e Transporte (UGMT), realizou adequa\u00e7\u00f5es em 11 linhas de \u00f4nibus do transporte coletivo da cidade. As <a href=\"http:\/\/www.situjundiai.sp.gov.br\" target=\"_blank\" rel=\"noopener noreferrer\">linhas 501, 556, 702, 703, 704, 705, 715, 913, 928, 961 e 972 est\u00e3o operando com tabela hor\u00e1ria especial<\/a>.<\/p>\n<p>A redu\u00e7\u00e3o de demanda do transporte coletivo est\u00e1 em 70% e a da Rodovi\u00e1ria de Jundia\u00ed, na casa dos 90%. Por causa desta baixa demanda de usu\u00e1rios, o atendimento \u00e0 Rodovi\u00e1ria est\u00e1 sendo realizado pela linha 721 (Terminal Central-Terminal Vila Arens &#8211; via Jardim Bonfiglioli), em substitui\u00e7\u00e3o \u00e0 linha 522 (Terminal Central-Rodovi\u00e1ria).<\/p>\n<p>Os usu\u00e1rios da 522 com destino \u00e0 Av. Nove de Julho poder\u00e3o utilizar a linha 738 &#8211; T. Central-Jardim Santa Gertrudes via Terminal Rami.<\/p>\n<p>A redu\u00e7\u00e3o \u00e9 importante devido \u00e0 baixa circula\u00e7\u00e3o das pessoas, que minimiza a possibilidade de transmiss\u00e3o do Novo Coronav\u00edrus (COVID-19) e resguarda os funcion\u00e1rios que operam o sistema de transporte, oferecendo alternativa de locomo\u00e7\u00e3o via \u00f4nibus.<\/p>\n<p>Os motoristas e colaboradores que fazem parte do \u201cgrupo de risco\u201d desde a semana passada, n\u00e3o est\u00e3o trabalhando.<\/p>\n<p>Todos os esfor\u00e7os da Prefeitura de Jundia\u00ed s\u00e3o no sentido de oferecer transporte p\u00fablico, observando a demanda e a oferta. As novas tabelas hor\u00e1rias dos \u00f4nibus de Jundia\u00ed podem ser consultadas no site <a href=\"http:\/\/www.situjundiai.sp.gov.br\">www.situjundiai.sp.gov.br<\/a>.<\/p>\n<p><strong>Assessoria de Imprensa<\/strong><br \/>\n<strong>Foto: Fot\u00f3grafos PMJ<\/strong><\/p>\n","protected":false},"excerpt":{"rendered":"<p>A Prefeitura de Jundia\u00ed, por meio da Unidade de Gest\u00e3o de Mobilidade e Transporte (UGMT), realizou adequa\u00e7\u00f5es em 11 linhas de \u00f4nibus do transporte coletivo da cidade. As linhas 501, 556, 702, 703, 704, 705, 715, 913, 928, 961 e 972 est\u00e3o operando com tabela hor\u00e1ria especial. A redu\u00e7\u00e3o de demanda do transporte coletivo est\u00e1 [&hellip;]<\/p>\n","protected":false},"author":54,"featured_media":248327,"comment_status":"closed","ping_status":"closed","sticky":false,"template":"","format":"standard","meta":{"footnotes":""},"categories":[2],"tags":[1500,982,1121],"ods":[],"class_list":["post-248325","post","type-post","status-publish","format-standard","has-post-thumbnail","hentry","category-noticias","tag-coronavirus","tag-mobilidade-e-transporte","tag-mobilidade-total"],"_links":{"self":[{"href":"https:\/\/jundiai.sp.gov.br\/noticias\/wp-json\/wp\/v2\/posts\/248325","targetHints":{"allow":["GET"]}}],"collection":[{"href":"https:\/\/jundiai.sp.gov.br\/noticias\/wp-json\/wp\/v2\/posts"}],"about":[{"href":"https:\/\/jundiai.sp.gov.br\/noticias\/wp-json\/wp\/v2\/types\/post"}],"author":[{"embeddable":true,"href":"https:\/\/jundiai.sp.gov.br\/noticias\/wp-json\/wp\/v2\/users\/54"}],"replies":[{"embeddable":true,"href":"https:\/\/jundiai.sp.gov.br\/noticias\/wp-json\/wp\/v2\/comments?post=248325"}],"version-history":[{"count":3,"href":"https:\/\/jundiai.sp.gov.br\/noticias\/wp-json\/wp\/v2\/posts\/248325\/revisions"}],"predecessor-version":[{"id":248368,"href":"https:\/\/jundiai.sp.gov.br\/noticias\/wp-json\/wp\/v2\/posts\/248325\/revisions\/248368"}],"wp:featuredmedia":[{"embeddable":true,"href":"https:\/\/jundiai.sp.gov.br\/noticias\/wp-json\/wp\/v2\/media\/248327"}],"wp:attachment":[{"href":"https:\/\/jundiai.sp.gov.br\/noticias\/wp-json\/wp\/v2\/media?parent=248325"}],"wp:term":[{"taxonomy":"category","embeddable":true,"href":"https:\/\/jundiai.sp.gov.br\/noticias\/wp-json\/wp\/v2\/categories?post=248325"},{"taxonomy":"post_tag","embeddable":true,"href":"https:\/\/jundiai.sp.gov.br\/noticias\/wp-json\/wp\/v2\/tags?post=248325"},{"taxonomy":"ods","embeddable":true,"href":"https:\/\/jundiai.sp.gov.br\/noticias\/wp-json\/wp\/v2\/ods?post=248325"}],"curies":[{"name":"wp","href":"https:\/\/api.w.org\/{rel}","templated":true}]}}