{"id":248662,"date":"2020-04-04T17:38:18","date_gmt":"2020-04-04T20:38:18","guid":{"rendered":"https:\/\/jundiai.sp.gov.br\/noticias\/?p=248662"},"modified":"2020-04-06T12:07:55","modified_gmt":"2020-04-06T15:07:55","slug":"comite-das-criancas-passara-a-ter-reunioes-virtuais-semanais-com-o-gestor-de-cultura","status":"publish","type":"post","link":"https:\/\/jundiai.sp.gov.br\/noticias\/2020\/04\/04\/comite-das-criancas-passara-a-ter-reunioes-virtuais-semanais-com-o-gestor-de-cultura\/","title":{"rendered":"Comit\u00ea das Crian\u00e7as passar\u00e1 a ter reuni\u00f5es virtuais semanais com o gestor de Cultura"},"content":{"rendered":"<div id=\"attachment_248681\" style=\"width: 1034px\" class=\"wp-caption aligncenter\"><img loading=\"lazy\" decoding=\"async\" aria-describedby=\"caption-attachment-248681\" src=\"https:\/\/jundiai.sp.gov.br\/noticias\/wp-content\/uploads\/sites\/32\/2020\/04\/primeira_reuniao_comite_das_criancas_2020-1280x748.jpg\" alt=\"Mosaico de fotos de crian\u00e7as em telas\" width=\"1024\" height=\"598\" class=\"size-large wp-image-248681\" srcset=\"https:\/\/jundiai.sp.gov.br\/noticias\/wp-content\/uploads\/sites\/32\/2020\/04\/primeira_reuniao_comite_das_criancas_2020-1280x748.jpg 1280w, https:\/\/jundiai.sp.gov.br\/noticias\/wp-content\/uploads\/sites\/32\/2020\/04\/primeira_reuniao_comite_das_criancas_2020-300x175.jpg 300w, https:\/\/jundiai.sp.gov.br\/noticias\/wp-content\/uploads\/sites\/32\/2020\/04\/primeira_reuniao_comite_das_criancas_2020-768x449.jpg 768w, https:\/\/jundiai.sp.gov.br\/noticias\/wp-content\/uploads\/sites\/32\/2020\/04\/primeira_reuniao_comite_das_criancas_2020.jpg 1323w\" sizes=\"auto, (max-width: 1024px) 100vw, 1024px\" \/><p id=\"caption-attachment-248681\" class=\"wp-caption-text\">Na primeira reuni\u00e3o, crian\u00e7as solicitaram informa\u00e7\u00f5es sobre o enfrentamento ao Coronav\u00edrus feito pela Prefeitura<\/p><\/div>\n<p>A primeira reuni\u00e3o de 2020 dos meninos e meninas que comp\u00f5em o Comit\u00ea das Crian\u00e7as, que pertence ao programa \u201cCidade das Crian\u00e7as\u201d da Prefeitura de Jundia\u00ed, foi realizada neste s\u00e1bado (04) no formato de videoconfer\u00eancia. A iniciativa, na qual alunos das escolas do Munic\u00edpio apresentam ao prefeito Luiz Fernando Machado propostas sobre o futuro da cidade em que elas querem viver, contou com grande ades\u00e3o por parte da garotada, mesmo n\u00e3o tendo sido presencial, pelo isolamento social preventivo para conter o cont\u00e1gio do Novo Coronav\u00edrus (COVID-19).<\/p>\n<p>Segundo o gestor da Unidade de Gest\u00e3o de Cultura (UGC), Marcelo Peroni, que comandou o bate-papo virtual, o interesse dos alunos em participar foi t\u00e3o grande que, atendendo a um pedido deles, o Comit\u00ea far\u00e1 encontros semanais pela internet, e n\u00e3o mais mensais, sempre aos s\u00e1bados, \u00e0s 10h. \u201cDas 24 crian\u00e7as que est\u00e3o no projeto este ano, 22 se conectaram, um ato de cidadania importante desta nova gera\u00e7\u00e3o\u201d, destacou.<\/p>\n<p>Marcelo continuou dizendo que a videoconfer\u00eancia foi, na verdade, uma reuni\u00e3o a dist\u00e2ncia para que os alunos se apresentassem uns aos outros. \u201cFoi muito bom ouvir deles que a garotada quer esta troca de ideias mais vezes, mesmo em tempo de quarentena. Os participantes demonstraram o que est\u00e3o sentindo, que querem participar da vida da cidade, principalmente do bairro em que moram, e que desejam integrar o comit\u00ea\u201d, acrescentou o gestor.<\/p>\n<p>Os alunos pediram e foram atendidos quanto ao recebimento de informa\u00e7\u00f5es sobre o enfrentamento ao Coronav\u00edrus feito pela Prefeitura de Jundia\u00ed, atrav\u00e9s do Centro de Enfrentamento (CEC) comandado pelo prefeito Luiz Fernando Machado. \u201cEles ainda me pediram mais atividades culturais e da escola para fazer em casa. Acabaram recebendo links do conte\u00fado pedag\u00f3gico da Unidade de Gest\u00e3o de Educa\u00e7\u00e3o (UGE) e da \u2018live\u2019 do prefeito feita neste s\u00e1bado, anunciando novas medidas de combate \u00e0 COVID-19. A videoconfer\u00eancia durou uma hora e meia e foi bastante din\u00e2mica\u201d, completou Marcelo Peroni.<\/p>\n<p><strong>Assessoria de Imprensa<\/strong><br \/>\n<strong>Fotos: Fot\u00f3grafos PMJ<\/strong><\/p>\n","protected":false},"excerpt":{"rendered":"<p>A primeira reuni\u00e3o de 2020 dos meninos e meninas que comp\u00f5em o Comit\u00ea das Crian\u00e7as, que pertence ao programa \u201cCidade das Crian\u00e7as\u201d da Prefeitura de Jundia\u00ed, foi realizada neste s\u00e1bado (04) no formato de videoconfer\u00eancia. A iniciativa, na qual alunos das escolas do Munic\u00edpio apresentam ao prefeito Luiz Fernando Machado propostas sobre o futuro da [&hellip;]<\/p>\n","protected":false},"author":54,"featured_media":248681,"comment_status":"closed","ping_status":"closed","sticky":false,"template":"","format":"standard","meta":{"footnotes":""},"categories":[2],"tags":[1154,1201,1500,29],"ods":[],"class_list":["post-248662","post","type-post","status-publish","format-standard","has-post-thumbnail","hentry","category-noticias","tag-cidade-das-criancas","tag-comite-das-criancas","tag-coronavirus","tag-cultura"],"_links":{"self":[{"href":"https:\/\/jundiai.sp.gov.br\/noticias\/wp-json\/wp\/v2\/posts\/248662","targetHints":{"allow":["GET"]}}],"collection":[{"href":"https:\/\/jundiai.sp.gov.br\/noticias\/wp-json\/wp\/v2\/posts"}],"about":[{"href":"https:\/\/jundiai.sp.gov.br\/noticias\/wp-json\/wp\/v2\/types\/post"}],"author":[{"embeddable":true,"href":"https:\/\/jundiai.sp.gov.br\/noticias\/wp-json\/wp\/v2\/users\/54"}],"replies":[{"embeddable":true,"href":"https:\/\/jundiai.sp.gov.br\/noticias\/wp-json\/wp\/v2\/comments?post=248662"}],"version-history":[{"count":6,"href":"https:\/\/jundiai.sp.gov.br\/noticias\/wp-json\/wp\/v2\/posts\/248662\/revisions"}],"predecessor-version":[{"id":248684,"href":"https:\/\/jundiai.sp.gov.br\/noticias\/wp-json\/wp\/v2\/posts\/248662\/revisions\/248684"}],"wp:featuredmedia":[{"embeddable":true,"href":"https:\/\/jundiai.sp.gov.br\/noticias\/wp-json\/wp\/v2\/media\/248681"}],"wp:attachment":[{"href":"https:\/\/jundiai.sp.gov.br\/noticias\/wp-json\/wp\/v2\/media?parent=248662"}],"wp:term":[{"taxonomy":"category","embeddable":true,"href":"https:\/\/jundiai.sp.gov.br\/noticias\/wp-json\/wp\/v2\/categories?post=248662"},{"taxonomy":"post_tag","embeddable":true,"href":"https:\/\/jundiai.sp.gov.br\/noticias\/wp-json\/wp\/v2\/tags?post=248662"},{"taxonomy":"ods","embeddable":true,"href":"https:\/\/jundiai.sp.gov.br\/noticias\/wp-json\/wp\/v2\/ods?post=248662"}],"curies":[{"name":"wp","href":"https:\/\/api.w.org\/{rel}","templated":true}]}}