{"id":249497,"date":"2020-04-24T17:26:12","date_gmt":"2020-04-24T20:26:12","guid":{"rendered":"https:\/\/jundiai.sp.gov.br\/noticias\/?p=249497"},"modified":"2020-04-24T17:26:12","modified_gmt":"2020-04-24T20:26:12","slug":"mascaras-de-tecido-protegem-e-devem-ser-higienizadas-adequadamente","status":"publish","type":"post","link":"https:\/\/jundiai.sp.gov.br\/noticias\/2020\/04\/24\/mascaras-de-tecido-protegem-e-devem-ser-higienizadas-adequadamente\/","title":{"rendered":"M\u00e1scaras de tecido protegem e devem ser higienizadas adequadamente"},"content":{"rendered":"<p>Elas podem ser de cor \u00fanica, coloridas, com desenhos ou at\u00e9 emblemas de times de futebol, as m\u00e1scaras de tecido foram aprovadas pelo Minist\u00e9rio da Sa\u00fade (MS) como equipamento de prote\u00e7\u00e3o para a popula\u00e7\u00e3o contra o Novo Coronav\u00edrus nas situa\u00e7\u00f5es que envolvem o deslocamento ou a necessidade de estar em locais p\u00fablicos.<\/p>\n<p>A Prefeitura de Jundia\u00ed, por meio do Comit\u00ea de Enfrentamento ao Coronav\u00edrus (CEC), iniciou a campanha de distribui\u00e7\u00e3o de m\u00e1scaras de tecidos &#8211; doadas pela sociedade &#8211; em terminais urbanos, como objetivo de incentivar o uso entre a popula\u00e7\u00e3o e, consequentemente, reduzir o avan\u00e7o da doen\u00e7a, juntamente com o esclarecimento sobre como deve ser feita a higieniza\u00e7\u00e3o das pe\u00e7as.<\/p>\n<div id=\"attachment_249535\" style=\"width: 1034px\" class=\"wp-caption aligncenter\"><img loading=\"lazy\" decoding=\"async\" aria-describedby=\"caption-attachment-249535\" class=\"size-large wp-image-249535\" src=\"https:\/\/jundiai.sp.gov.br\/noticias\/wp-content\/uploads\/sites\/32\/2020\/04\/tutorial_mascara_tecido-97-1280x854.jpg\" alt=\"\" width=\"1024\" height=\"683\" srcset=\"https:\/\/jundiai.sp.gov.br\/noticias\/wp-content\/uploads\/sites\/32\/2020\/04\/tutorial_mascara_tecido-97-1280x854.jpg 1280w, https:\/\/jundiai.sp.gov.br\/noticias\/wp-content\/uploads\/sites\/32\/2020\/04\/tutorial_mascara_tecido-97-300x200.jpg 300w, https:\/\/jundiai.sp.gov.br\/noticias\/wp-content\/uploads\/sites\/32\/2020\/04\/tutorial_mascara_tecido-97-768x513.jpg 768w, https:\/\/jundiai.sp.gov.br\/noticias\/wp-content\/uploads\/sites\/32\/2020\/04\/tutorial_mascara_tecido-97-450x300.jpg 450w, https:\/\/jundiai.sp.gov.br\/noticias\/wp-content\/uploads\/sites\/32\/2020\/04\/tutorial_mascara_tecido-97.jpg 1323w\" sizes=\"auto, (max-width: 1024px) 100vw, 1024px\" \/><p id=\"caption-attachment-249535\" class=\"wp-caption-text\">Ajuste correto ao rosto \u00e9 fundamental para que a m\u00e1scara de tecido proteja conta o Novo Coronav\u00edrus<\/p><\/div>\n<p>Para que o acess\u00f3rio tenha efic\u00e1cia em seu uso, \u00e9 necess\u00e1rio se atentar \u00e0s regras de higiene do material, bem como o correto uso. De acordo com a diretora de Vigil\u00e2ncia em Sa\u00fade, da Unidade de Gest\u00e3o de Promo\u00e7\u00e3o da Sa\u00fade (UGPS), Fauzia Abbou Abas Raiza, o uso de cada m\u00e1scara de tecido n\u00e3o deve exceder duas horas, ou assim que estiver \u00famida. &#8220;As m\u00e1scaras de tecido auxiliam a reter as got\u00edculas expelidas enquanto falamos e respiramos. Tamb\u00e9m serve de barreira para as got\u00edculas das pessoas com quem interagimos. \u00c9 uma barreira eficiente para o uso em deslocamentos e em ambientes p\u00fablicos&#8221;, ressalta.<\/p>\n<p>Outro ponto destacado pela diretora \u00e9 que a m\u00e1scara de tecido deve estar ajustada ao rosto, sem brechas para o escape do ar. Com rela\u00e7\u00e3o \u00e0 higiene, basta lavar as pe\u00e7as com \u00e1gua, sab\u00e3o e algum produto desinfectante, como a \u00e1gua sanit\u00e1ria. Ap\u00f3s secas, devem ser passadas e acondicionadas em embalagem limpa. &#8220;\u00c9 importante lembrar as pessoas que as pe\u00e7as usadas devem ser guardadas para serem lavadas em casa em embalagem diferente das que j\u00e1 est\u00e3o impas e higienizadas, para n\u00e3o haver contamina\u00e7\u00e3o&#8221;, comenta.<\/p>\n<div id=\"attachment_249537\" style=\"width: 1034px\" class=\"wp-caption aligncenter\"><img loading=\"lazy\" decoding=\"async\" aria-describedby=\"caption-attachment-249537\" class=\"size-large wp-image-249537\" src=\"https:\/\/jundiai.sp.gov.br\/noticias\/wp-content\/uploads\/sites\/32\/2020\/04\/tutorial_mascara_tecido-133-1280x853.jpg\" alt=\"\" width=\"1024\" height=\"682\" srcset=\"https:\/\/jundiai.sp.gov.br\/noticias\/wp-content\/uploads\/sites\/32\/2020\/04\/tutorial_mascara_tecido-133-1280x853.jpg 1280w, https:\/\/jundiai.sp.gov.br\/noticias\/wp-content\/uploads\/sites\/32\/2020\/04\/tutorial_mascara_tecido-133-300x200.jpg 300w, https:\/\/jundiai.sp.gov.br\/noticias\/wp-content\/uploads\/sites\/32\/2020\/04\/tutorial_mascara_tecido-133-768x512.jpg 768w, https:\/\/jundiai.sp.gov.br\/noticias\/wp-content\/uploads\/sites\/32\/2020\/04\/tutorial_mascara_tecido-133-450x300.jpg 450w, https:\/\/jundiai.sp.gov.br\/noticias\/wp-content\/uploads\/sites\/32\/2020\/04\/tutorial_mascara_tecido-133.jpg 1323w\" sizes=\"auto, (max-width: 1024px) 100vw, 1024px\" \/><p id=\"caption-attachment-249537\" class=\"wp-caption-text\">Coloridas, as m\u00e1scaras de tecido auxiliam na prote\u00e7\u00e3o da popula\u00e7\u00e3o em ambientes p\u00fablicos<\/p><\/div>\n<p><strong>Assessoria de Imprensa<br \/>\nFotos: Fot\u00f3grafos PMJ<\/strong><\/p>\n","protected":false},"excerpt":{"rendered":"<p>Elas podem ser de cor \u00fanica, coloridas, com desenhos ou at\u00e9 emblemas de times de futebol, as m\u00e1scaras de tecido foram aprovadas pelo Minist\u00e9rio da Sa\u00fade (MS) como equipamento de prote\u00e7\u00e3o para a popula\u00e7\u00e3o contra o Novo Coronav\u00edrus nas situa\u00e7\u00f5es que envolvem o deslocamento ou a necessidade de estar em locais p\u00fablicos. A Prefeitura de [&hellip;]<\/p>\n","protected":false},"author":39,"featured_media":249536,"comment_status":"closed","ping_status":"closed","sticky":false,"template":"","format":"standard","meta":{"footnotes":""},"categories":[2],"tags":[1500,981],"ods":[],"class_list":["post-249497","post","type-post","status-publish","format-standard","has-post-thumbnail","hentry","category-noticias","tag-coronavirus","tag-promocao-da-saude"],"_links":{"self":[{"href":"https:\/\/jundiai.sp.gov.br\/noticias\/wp-json\/wp\/v2\/posts\/249497","targetHints":{"allow":["GET"]}}],"collection":[{"href":"https:\/\/jundiai.sp.gov.br\/noticias\/wp-json\/wp\/v2\/posts"}],"about":[{"href":"https:\/\/jundiai.sp.gov.br\/noticias\/wp-json\/wp\/v2\/types\/post"}],"author":[{"embeddable":true,"href":"https:\/\/jundiai.sp.gov.br\/noticias\/wp-json\/wp\/v2\/users\/39"}],"replies":[{"embeddable":true,"href":"https:\/\/jundiai.sp.gov.br\/noticias\/wp-json\/wp\/v2\/comments?post=249497"}],"version-history":[{"count":4,"href":"https:\/\/jundiai.sp.gov.br\/noticias\/wp-json\/wp\/v2\/posts\/249497\/revisions"}],"predecessor-version":[{"id":249540,"href":"https:\/\/jundiai.sp.gov.br\/noticias\/wp-json\/wp\/v2\/posts\/249497\/revisions\/249540"}],"wp:featuredmedia":[{"embeddable":true,"href":"https:\/\/jundiai.sp.gov.br\/noticias\/wp-json\/wp\/v2\/media\/249536"}],"wp:attachment":[{"href":"https:\/\/jundiai.sp.gov.br\/noticias\/wp-json\/wp\/v2\/media?parent=249497"}],"wp:term":[{"taxonomy":"category","embeddable":true,"href":"https:\/\/jundiai.sp.gov.br\/noticias\/wp-json\/wp\/v2\/categories?post=249497"},{"taxonomy":"post_tag","embeddable":true,"href":"https:\/\/jundiai.sp.gov.br\/noticias\/wp-json\/wp\/v2\/tags?post=249497"},{"taxonomy":"ods","embeddable":true,"href":"https:\/\/jundiai.sp.gov.br\/noticias\/wp-json\/wp\/v2\/ods?post=249497"}],"curies":[{"name":"wp","href":"https:\/\/api.w.org\/{rel}","templated":true}]}}