{"id":249504,"date":"2020-04-24T16:24:27","date_gmt":"2020-04-24T19:24:27","guid":{"rendered":"https:\/\/jundiai.sp.gov.br\/noticias\/?p=249504"},"modified":"2020-04-24T16:24:27","modified_gmt":"2020-04-24T19:24:27","slug":"concluida-fase-de-estrutura-da-nova-sede-do-iprejun","status":"publish","type":"post","link":"https:\/\/jundiai.sp.gov.br\/noticias\/2020\/04\/24\/concluida-fase-de-estrutura-da-nova-sede-do-iprejun\/","title":{"rendered":"Conclu\u00edda fase de estrutura da nova sede do Iprejun"},"content":{"rendered":"<p>No \u00faltimo dia 18 foram finalizadas as obras de estrutura da nova sede do Iprejun &#8211; Instituto de Previd\u00eancia do Munic\u00edpio de Jundia\u00ed <strong>\u2013 <\/strong>autarquia que tem como principal objetivo custear benef\u00edcios previdenci\u00e1rios aos servidores municipais, incluindo aposentadoria e pens\u00e3o por morte.<\/p>\n<p>As obras tiveram in\u00edcio em outubro de 2019, com a pedra fundamental tendo sido lan\u00e7ada com a presen\u00e7a do prefeito Luiz Fernando Machado e o diretor-presidente do Iprejun, Jo\u00e3o Carlos Figueiredo, al\u00e9m de conselheiros do Iprejun e convidados.<\/p>\n<div id=\"attachment_249519\" style=\"width: 1034px\" class=\"wp-caption aligncenter\"><img loading=\"lazy\" decoding=\"async\" aria-describedby=\"caption-attachment-249519\" class=\"size-large wp-image-249519\" src=\"https:\/\/jundiai.sp.gov.br\/noticias\/wp-content\/uploads\/sites\/32\/2020\/04\/obras_iprejun-2-1280x853.jpg\" alt=\"\" width=\"1024\" height=\"682\" srcset=\"https:\/\/jundiai.sp.gov.br\/noticias\/wp-content\/uploads\/sites\/32\/2020\/04\/obras_iprejun-2-1280x853.jpg 1280w, https:\/\/jundiai.sp.gov.br\/noticias\/wp-content\/uploads\/sites\/32\/2020\/04\/obras_iprejun-2-300x200.jpg 300w, https:\/\/jundiai.sp.gov.br\/noticias\/wp-content\/uploads\/sites\/32\/2020\/04\/obras_iprejun-2-768x512.jpg 768w, https:\/\/jundiai.sp.gov.br\/noticias\/wp-content\/uploads\/sites\/32\/2020\/04\/obras_iprejun-2-450x300.jpg 450w, https:\/\/jundiai.sp.gov.br\/noticias\/wp-content\/uploads\/sites\/32\/2020\/04\/obras_iprejun-2.jpg 1323w\" sizes=\"auto, (max-width: 1024px) 100vw, 1024px\" \/><p id=\"caption-attachment-249519\" class=\"wp-caption-text\">Obras do Iprejun, em andamento nesta sexta (24): previs\u00e3o de t\u00e9rmino \u00e9 outubro deste ano<\/p><\/div>\n<p>A partir de agora come\u00e7am as etapas de cobertura, alvenaria, instala\u00e7\u00f5es e acabamentos. \u201cIniciaremos ainda este m\u00eas o processo para compra de todo mobili\u00e1rio a fim de termos tudo assim que a obra seja entregue\u201d, explica o presidente Jo\u00e3o Carlos Figueiredo. \u201cO Iprejun tem recursos financeiros reservados para a conclus\u00e3o da obra e para compra de todo o mobili\u00e1rio e demais necessidades\u201d. A previs\u00e3o de t\u00e9rmino da obra \u00e9 outubro deste ano.<\/p>\n<p>No lan\u00e7amento da pedra fundamental, o prefeito destacou a import\u00e2ncia do trabalho prestado pelos servidores. \u201cA nova sede do Iprejun n\u00e3o \u00e9 luxo, e sim uma necessidade para que possamos acolher bem o servidor, principalmente os que possuem alguma necessidade especial ou dificuldade de locomo\u00e7\u00e3o\u201d, afirmou Luiz Fernando.<\/p>\n<p><strong>O Iprejun<\/strong><\/p>\n<p>Criado pela Lei 5.894, de 12 de setembro de 2002, o Iprejun veio substituir o Funbejun (Fundo de Benef\u00edcios de Jundia\u00ed). O instituto nunca teve uma sede, funcionando no 6\u00ba andar da Prefeitura de Jundia\u00ed, espa\u00e7o que ficou insuficiente para atender os quase 8 mil servidores da ativa e 2,6 mil inativos. As obras da nova sede t\u00eam investimento de R$ 4,23 milh\u00f5es, vindos do pr\u00f3prio Iprejun. O terreno foi cedido pela Prefeitura de Jundia\u00ed.<\/p>\n<p>A nova sede contar\u00e1 com estacionamento, vesti\u00e1rio, \u00e1rea de lazer, refeit\u00f3rio, elevador para portadores de necessidades especiais, entre outras facilidades para servidores ativos e inativos.<\/p>\n<p><strong>Assessoria de Imprensa<\/strong><br \/>\n<strong>Fotos: Fot\u00f3grafos PMJ<\/strong><\/p>\n","protected":false},"excerpt":{"rendered":"<p>No \u00faltimo dia 18 foram finalizadas as obras de estrutura da nova sede do Iprejun &#8211; Instituto de Previd\u00eancia do Munic\u00edpio de Jundia\u00ed \u2013 autarquia que tem como principal objetivo custear benef\u00edcios previdenci\u00e1rios aos servidores municipais, incluindo aposentadoria e pens\u00e3o por morte. As obras tiveram in\u00edcio em outubro de 2019, com a pedra fundamental tendo [&hellip;]<\/p>\n","protected":false},"author":45,"featured_media":0,"comment_status":"closed","ping_status":"closed","sticky":false,"template":"","format":"standard","meta":{"footnotes":""},"categories":[2],"tags":[51],"ods":[],"class_list":["post-249504","post","type-post","status-publish","format-standard","hentry","category-noticias","tag-instituto-de-previdencia-do-municipio-de-jundiai-iprejun"],"_links":{"self":[{"href":"https:\/\/jundiai.sp.gov.br\/noticias\/wp-json\/wp\/v2\/posts\/249504","targetHints":{"allow":["GET"]}}],"collection":[{"href":"https:\/\/jundiai.sp.gov.br\/noticias\/wp-json\/wp\/v2\/posts"}],"about":[{"href":"https:\/\/jundiai.sp.gov.br\/noticias\/wp-json\/wp\/v2\/types\/post"}],"author":[{"embeddable":true,"href":"https:\/\/jundiai.sp.gov.br\/noticias\/wp-json\/wp\/v2\/users\/45"}],"replies":[{"embeddable":true,"href":"https:\/\/jundiai.sp.gov.br\/noticias\/wp-json\/wp\/v2\/comments?post=249504"}],"version-history":[{"count":2,"href":"https:\/\/jundiai.sp.gov.br\/noticias\/wp-json\/wp\/v2\/posts\/249504\/revisions"}],"predecessor-version":[{"id":249522,"href":"https:\/\/jundiai.sp.gov.br\/noticias\/wp-json\/wp\/v2\/posts\/249504\/revisions\/249522"}],"wp:attachment":[{"href":"https:\/\/jundiai.sp.gov.br\/noticias\/wp-json\/wp\/v2\/media?parent=249504"}],"wp:term":[{"taxonomy":"category","embeddable":true,"href":"https:\/\/jundiai.sp.gov.br\/noticias\/wp-json\/wp\/v2\/categories?post=249504"},{"taxonomy":"post_tag","embeddable":true,"href":"https:\/\/jundiai.sp.gov.br\/noticias\/wp-json\/wp\/v2\/tags?post=249504"},{"taxonomy":"ods","embeddable":true,"href":"https:\/\/jundiai.sp.gov.br\/noticias\/wp-json\/wp\/v2\/ods?post=249504"}],"curies":[{"name":"wp","href":"https:\/\/api.w.org\/{rel}","templated":true}]}}