{"id":249862,"date":"2020-04-30T18:44:43","date_gmt":"2020-04-30T21:44:43","guid":{"rendered":"https:\/\/jundiai.sp.gov.br\/noticias\/?p=249862"},"modified":"2020-04-30T18:56:22","modified_gmt":"2020-04-30T21:56:22","slug":"prefeitura-recebe-doacao-de-mais-51-mil-mascaras-de-protecao","status":"publish","type":"post","link":"https:\/\/jundiai.sp.gov.br\/noticias\/2020\/04\/30\/prefeitura-recebe-doacao-de-mais-51-mil-mascaras-de-protecao\/","title":{"rendered":"Prefeitura recebe doa\u00e7\u00e3o de mais 51 mil m\u00e1scaras de prote\u00e7\u00e3o"},"content":{"rendered":"<p>A Prefeitura de Jundia\u00ed realizou nesta quinta (30), em todos os terminais urbanos de \u00f4nibus, a entrega de mais cinco mil m\u00e1scaras de tecido para prote\u00e7\u00e3o contra o coronav\u00edrus. Essa primeira remessa distribu\u00edda faz parte de um lote de 51.129 unidades, doadas pelas empresas Companhia Saneamento Jundia\u00ed (CSJ), que doou 31.129 m\u00e1scaras; Benassi S\u00e3o Paulo e JJR Empreendimentos, com dez mil unidades cada, que foram recebidas via Comit\u00ea de Enfrentamento ao Coronav\u00edrus (CEC) e Rede Jundia\u00ed de Coopera\u00e7\u00e3o.<\/p>\n<p>&#8220;Neste momento de pandemia, a principal motiva\u00e7\u00e3o \u00e9 o esp\u00edrito de contribui\u00e7\u00e3o. N\u00e3o estamos isolados, fazemos parte disso tudo e precisamos contribuir&#8221;, resume Alexandre Benassi, diretor da Benassi S\u00e3o Paulo. Luiz Pannuti, diretor da CSJ, refor\u00e7a: \u201cO momento de pandemia requer cuidado e aten\u00e7\u00e3o para o pr\u00f3ximo. Como cidad\u00e3os devemos fazer nossa parte, com higiene, m\u00e1scaras e distanciamento social. Como empresa tamb\u00e9m estamos fazendo nossa parte, contribuindo com 31 mil m\u00e1scaras que ser\u00e3o distribu\u00eddas \u00e0 popula\u00e7\u00e3o por meio da Prefeitura de Jundia\u00ed&#8221;.<\/p>\n<div id=\"attachment_249864\" style=\"width: 1034px\" class=\"wp-caption aligncenter\"><img loading=\"lazy\" decoding=\"async\" aria-describedby=\"caption-attachment-249864\" class=\"size-large wp-image-249864\" src=\"https:\/\/jundiai.sp.gov.br\/noticias\/wp-content\/uploads\/sites\/32\/2020\/04\/terminal_colonia_entrega_de_mascaras-30-1215x960.jpg\" alt=\"\" width=\"1024\" height=\"809\" srcset=\"https:\/\/jundiai.sp.gov.br\/noticias\/wp-content\/uploads\/sites\/32\/2020\/04\/terminal_colonia_entrega_de_mascaras-30-1215x960.jpg 1215w, https:\/\/jundiai.sp.gov.br\/noticias\/wp-content\/uploads\/sites\/32\/2020\/04\/terminal_colonia_entrega_de_mascaras-30-300x237.jpg 300w, https:\/\/jundiai.sp.gov.br\/noticias\/wp-content\/uploads\/sites\/32\/2020\/04\/terminal_colonia_entrega_de_mascaras-30-768x607.jpg 768w, https:\/\/jundiai.sp.gov.br\/noticias\/wp-content\/uploads\/sites\/32\/2020\/04\/terminal_colonia_entrega_de_mascaras-30.jpg 1323w\" sizes=\"auto, (max-width: 1024px) 100vw, 1024px\" \/><p id=\"caption-attachment-249864\" class=\"wp-caption-text\">Distribui\u00e7\u00e3o de m\u00e1scaras hoje no Terminal Col\u00f4nia: Prefeitura j\u00e1 distribuiu 20 mil m\u00e1scaras semana passada, que tamb\u00e9m foram doadas<\/p><\/div>\n<p>A prefeitura, por meio da Rede Jundia\u00ed de Coopera\u00e7\u00e3o, j\u00e1 havia recebido 20 mil m\u00e1scaras de tecido da Turma dos Amigos da Festa do Guma e Turma dos Amigos da Festa Sertaneja <strong>&#8211; <\/strong>eventos realizados em c\u00edrculos sociais de Jundia\u00ed h\u00e1 mais de uma d\u00e9cada, que t\u00eam o objetivo de arrecadar fundos para a\u00e7\u00f5es sociais \u2013 e que tamb\u00e9m foram distribu\u00eddas na semana passada nos terminais de \u00f4nibus.<\/p>\n<p>Assim como as demais doa\u00e7\u00f5es de Equipamentos de Prote\u00e7\u00e3o Individual (EPIs) feitas em prol do combate ao coronav\u00edrus, a Rede Jundia\u00ed de Coopera\u00e7\u00e3o \u2013 \u00f3rg\u00e3o ligado \u00e0 Unidade de Gest\u00e3o de Governo e Finan\u00e7as (UGGF) \u2013 \u00e9 uma das portas de entrada para a ajuda da sociedade. \u201cSomente com a parceria entre p\u00fablico e o privado \u00e9 que ser\u00e1 poss\u00edvel vencer todos os desafios que temos pela frente\u201d, ressalta o prefeito e coordenador geral do CEC, Luiz Fernando Machado.<\/p>\n<p>O uso de m\u00e1scaras no transporte coletivo, artesanais ou n\u00e3o, \u00e9 inclusive recomendado no Decreto municipal n\u00ba 28.985, publicado no \u00faltimo s\u00e1bado (25), para prote\u00e7\u00e3o contra a pandemia.<\/p>\n<p>As m\u00e1scaras foram distribu\u00eddas na tarde desta quinta pelas equipes das Unidades de Gest\u00e3o de Promo\u00e7\u00e3o da Sa\u00fade (UGPS) e Mobilidade e Transporte (UGMT) nos sete terminais urbanos, a partir das 16h. De acordo com o gestor da UGPS, Tiago Texera, as m\u00e1scaras de tecido s\u00e3o indicadas pelo Minist\u00e9rio da Sa\u00fade como barreira f\u00edsica \u00e0 dissemina\u00e7\u00e3o de got\u00edculas provenientes da respira\u00e7\u00e3o e da fala, que s\u00e3o um dos canais de propaga\u00e7\u00e3o do v\u00edrus. \u201cAs m\u00e1scaras de pano formam \u00f3tima barreira f\u00edsica para evitar a contamina\u00e7\u00e3o pelo coronav\u00edrus. Com a\u00e7\u00f5es simples como essa, a intensifica\u00e7\u00e3o dos h\u00e1bitos de higiene, a etiqueta respirat\u00f3ria e o isolamento social, conseguiremos reduzir os n\u00fameros de casos na cidade\u201d, disse o gestor.<\/p>\n<p>O gestor da UGGF, Jos\u00e9 Antonio Parimoschi, destaca que a opera\u00e7\u00e3o em rede \u00e9 uma caracter\u00edstica da atualidade que envolve a cidade na constru\u00e7\u00e3o de projetos com benef\u00edcios coletivos. \u201cA ideia \u00e9 fomentar e atrair a iniciativa privada, organiza\u00e7\u00f5es sociais e comunidades para, de maneira organizada e integrada, viabilizar a\u00e7\u00f5es ao lado do poder p\u00fablico\u201d, explica.<\/p>\n<p>Na pr\u00f3xima semana, mais m\u00e1scaras ser\u00e3o entregues para que a popula\u00e7\u00e3o possa usar o transporte p\u00fablico devidamente protegida.<\/p>\n<p><strong><span style=\"font-family: 'Arial',sans-serif;\">Assessoria de Imprensa<\/span><\/strong><span style=\"font-family: 'Arial',sans-serif;\"><br \/>\n<strong>Fotos: Fot\u00f3grafos PMJ<\/strong><\/span><\/p>\n","protected":false},"excerpt":{"rendered":"<p>A Prefeitura de Jundia\u00ed realizou nesta quinta (30), em todos os terminais urbanos de \u00f4nibus, a entrega de mais cinco mil m\u00e1scaras de tecido para prote\u00e7\u00e3o contra o coronav\u00edrus. Essa primeira remessa distribu\u00edda faz parte de um lote de 51.129 unidades, doadas pelas empresas Companhia Saneamento Jundia\u00ed (CSJ), que doou 31.129 m\u00e1scaras; Benassi S\u00e3o Paulo [&hellip;]<\/p>\n","protected":false},"author":45,"featured_media":249864,"comment_status":"closed","ping_status":"closed","sticky":false,"template":"","format":"standard","meta":{"footnotes":""},"categories":[2],"tags":[1500,983,982],"ods":[],"class_list":["post-249862","post","type-post","status-publish","format-standard","has-post-thumbnail","hentry","category-noticias","tag-coronavirus","tag-governo-e-financas","tag-mobilidade-e-transporte"],"_links":{"self":[{"href":"https:\/\/jundiai.sp.gov.br\/noticias\/wp-json\/wp\/v2\/posts\/249862","targetHints":{"allow":["GET"]}}],"collection":[{"href":"https:\/\/jundiai.sp.gov.br\/noticias\/wp-json\/wp\/v2\/posts"}],"about":[{"href":"https:\/\/jundiai.sp.gov.br\/noticias\/wp-json\/wp\/v2\/types\/post"}],"author":[{"embeddable":true,"href":"https:\/\/jundiai.sp.gov.br\/noticias\/wp-json\/wp\/v2\/users\/45"}],"replies":[{"embeddable":true,"href":"https:\/\/jundiai.sp.gov.br\/noticias\/wp-json\/wp\/v2\/comments?post=249862"}],"version-history":[{"count":4,"href":"https:\/\/jundiai.sp.gov.br\/noticias\/wp-json\/wp\/v2\/posts\/249862\/revisions"}],"predecessor-version":[{"id":249867,"href":"https:\/\/jundiai.sp.gov.br\/noticias\/wp-json\/wp\/v2\/posts\/249862\/revisions\/249867"}],"wp:featuredmedia":[{"embeddable":true,"href":"https:\/\/jundiai.sp.gov.br\/noticias\/wp-json\/wp\/v2\/media\/249864"}],"wp:attachment":[{"href":"https:\/\/jundiai.sp.gov.br\/noticias\/wp-json\/wp\/v2\/media?parent=249862"}],"wp:term":[{"taxonomy":"category","embeddable":true,"href":"https:\/\/jundiai.sp.gov.br\/noticias\/wp-json\/wp\/v2\/categories?post=249862"},{"taxonomy":"post_tag","embeddable":true,"href":"https:\/\/jundiai.sp.gov.br\/noticias\/wp-json\/wp\/v2\/tags?post=249862"},{"taxonomy":"ods","embeddable":true,"href":"https:\/\/jundiai.sp.gov.br\/noticias\/wp-json\/wp\/v2\/ods?post=249862"}],"curies":[{"name":"wp","href":"https:\/\/api.w.org\/{rel}","templated":true}]}}