{"id":249973,"date":"2020-05-05T16:18:28","date_gmt":"2020-05-05T19:18:28","guid":{"rendered":"https:\/\/jundiai.sp.gov.br\/noticias\/?p=249973"},"modified":"2020-05-05T17:26:35","modified_gmt":"2020-05-05T20:26:35","slug":"site-aumenta-em-ate-100-vendas-de-produtores-rurais-de-jundiai","status":"publish","type":"post","link":"https:\/\/jundiai.sp.gov.br\/noticias\/2020\/05\/05\/site-aumenta-em-ate-100-vendas-de-produtores-rurais-de-jundiai\/","title":{"rendered":"Site aumenta em at\u00e9 100% vendas de produtores rurais de Jundia\u00ed"},"content":{"rendered":"<p>Paulo Fernando Alves produz hortali\u00e7as e temperos org\u00e2nicos no bairro Medeiros. At\u00e9 o in\u00edcio da pandemia do coronav\u00edrus, ele s\u00f3 vendia a produ\u00e7\u00e3o em uma feira org\u00e2nica, aos s\u00e1bados, mas, por ser do grupo de risco, teve que interromper sua participa\u00e7\u00e3o. Agora, sua venda \u00e9 feita em casa e divulgada no site criado pela Prefeitura de Jundia\u00ed, por meio da Unidade de Gest\u00e3o de Agroneg\u00f3cio, Abastecimento e Turismo (UGAAT) para colocar em contato direto agricultores e consumidores: <a href=\"https:\/\/abastecimento.jundiai.sp.gov.br\/produtor-rural\/\">https:\/\/abastecimento.jundiai.sp.gov.br\/produtor-rural\/<\/a><\/p>\n<p>\u201cEu mudei o formato que tinha, que era vender na feira org\u00e2nica aos s\u00e1bados, e passei a vender aqui em casa. No come\u00e7o foi dif\u00edcil porque apenas alguns clientes da feira passaram a vir aqui\u201d, conta. \u201cDepois do site organizado pela UGAAT minhas vendas agora aumentaram 70% &#8211; e toda semana, mais gente procura\u201d. Ele fica mais tempo na horta e sua irm\u00e3 faz contato com o cliente. \u201c\u00c9 bom para o cliente tamb\u00e9m, que leva, mais do que nunca, uma verdura fresquinha\u201d, diz Paulo.<\/p>\n<div id=\"attachment_250023\" style=\"width: 550px\" class=\"wp-caption aligncenter\"><img loading=\"lazy\" decoding=\"async\" aria-describedby=\"caption-attachment-250023\" class=\"size-large wp-image-250023\" src=\"https:\/\/jundiai.sp.gov.br\/noticias\/wp-content\/uploads\/sites\/32\/2020\/05\/afeira-540x960.jpg\" alt=\"\" width=\"540\" height=\"960\" srcset=\"https:\/\/jundiai.sp.gov.br\/noticias\/wp-content\/uploads\/sites\/32\/2020\/05\/afeira-540x960.jpg 540w, https:\/\/jundiai.sp.gov.br\/noticias\/wp-content\/uploads\/sites\/32\/2020\/05\/afeira-281x500.jpg 281w, https:\/\/jundiai.sp.gov.br\/noticias\/wp-content\/uploads\/sites\/32\/2020\/05\/afeira.jpg 720w\" sizes=\"auto, (max-width: 540px) 100vw, 540px\" \/><p id=\"caption-attachment-250023\" class=\"wp-caption-text\">Paulo em sua horta: \u201cDepois do site organizado pela UGAAT minhas vendas\u00a0 aumentaram 70% &#8211; \u00e9 toda semana, mais gente procura\u201d<\/p><\/div>\n<p>O site, que ir\u00e1 completar um m\u00eas no ar \u2013 tendo sido divulgado em 8 de abril \u2013 possibilitou que os produtores rurais, seriamente impactados pela pandemia, pudessem vender diretamente para o consumidor final e, assim, escoar a produ\u00e7\u00e3o.<\/p>\n<p>Eduardo Alvarez, gestor da UGAAT, conta que foi realizada uma consulta com os agricultores sobre o site e s\u00f3 um pediu a retirada do telefone para contato. \u201cEle j\u00e1 comercializou toda a produ\u00e7\u00e3o de caqui atual e n\u00e3o consegue mais atender a demanda das liga\u00e7\u00f5es, que s\u00e3o muitas\u201d, conta. \u201cMas disse que ir\u00e1 se preparar com outros produtos para voltar ao site, justamente pela resposta positiva da procura\u201d. Segundo o gestor, alguns agricultores registraram comercializa\u00e7\u00e3o com margens significativas, inclusive declarando aumento de 100% nas vendas.<\/p>\n<p>Mesmo quem n\u00e3o conseguiu vender tanto relata um aumento. \u00c9 o caso do produtor Carlos Bigaton, que planta milho verde e mandioca no Distrito Industrial. \u201cO site est\u00e1 me ajudando sim, houve um incremento de 15% nas vendas. J\u00e1 tenho uma clientela que venho formando via redes sociais\u201d, conta.<\/p>\n<p>A pandemia trouxe consequ\u00eancias \u00e0 agricultura, com dificuldades para venda nos CEASAs (centros de abastecimento) e distanciamento do consumidor. A iniciativa de criar o site teve como objetivo fazer a ponte entre os produtores e compradores, com tudo para a feira di\u00e1ria e para quem cozinha para fora, por exemplo, explica Eduardo Alvarez. A p\u00e1gina tem hoje cerca de 60 produtores listados, inclusive j\u00e1 informando quais deles desejam vender para os mercados locais. \u201c\u00c9 uma forma de comercializa\u00e7\u00e3o extremamente inteligente e eficaz, que esperamos que venha para ficar no mundo p\u00f3s-COVID\u201d, diz o gestor. \u201cJundia\u00ed consumindo de Jundia\u00ed \u00e9 a sustentabilidade almejada por n\u00f3s\u201d.<\/p>\n<p><strong>Assessoria de Imprensa<\/strong><br \/>\n<strong>Fotos: Fot\u00f3grafos PMJ<\/strong><\/p>\n<p>&nbsp;<\/p>\n","protected":false},"excerpt":{"rendered":"<p>Paulo Fernando Alves produz hortali\u00e7as e temperos org\u00e2nicos no bairro Medeiros. At\u00e9 o in\u00edcio da pandemia do coronav\u00edrus, ele s\u00f3 vendia a produ\u00e7\u00e3o em uma feira org\u00e2nica, aos s\u00e1bados, mas, por ser do grupo de risco, teve que interromper sua participa\u00e7\u00e3o. Agora, sua venda \u00e9 feita em casa e divulgada no site criado pela Prefeitura [&hellip;]<\/p>\n","protected":false},"author":45,"featured_media":0,"comment_status":"closed","ping_status":"closed","sticky":false,"template":"","format":"standard","meta":{"footnotes":""},"categories":[2],"tags":[974,1500],"ods":[],"class_list":["post-249973","post","type-post","status-publish","format-standard","hentry","category-noticias","tag-agronegocio-abastecimento-e-turismo","tag-coronavirus"],"_links":{"self":[{"href":"https:\/\/jundiai.sp.gov.br\/noticias\/wp-json\/wp\/v2\/posts\/249973","targetHints":{"allow":["GET"]}}],"collection":[{"href":"https:\/\/jundiai.sp.gov.br\/noticias\/wp-json\/wp\/v2\/posts"}],"about":[{"href":"https:\/\/jundiai.sp.gov.br\/noticias\/wp-json\/wp\/v2\/types\/post"}],"author":[{"embeddable":true,"href":"https:\/\/jundiai.sp.gov.br\/noticias\/wp-json\/wp\/v2\/users\/45"}],"replies":[{"embeddable":true,"href":"https:\/\/jundiai.sp.gov.br\/noticias\/wp-json\/wp\/v2\/comments?post=249973"}],"version-history":[{"count":4,"href":"https:\/\/jundiai.sp.gov.br\/noticias\/wp-json\/wp\/v2\/posts\/249973\/revisions"}],"predecessor-version":[{"id":250041,"href":"https:\/\/jundiai.sp.gov.br\/noticias\/wp-json\/wp\/v2\/posts\/249973\/revisions\/250041"}],"wp:attachment":[{"href":"https:\/\/jundiai.sp.gov.br\/noticias\/wp-json\/wp\/v2\/media?parent=249973"}],"wp:term":[{"taxonomy":"category","embeddable":true,"href":"https:\/\/jundiai.sp.gov.br\/noticias\/wp-json\/wp\/v2\/categories?post=249973"},{"taxonomy":"post_tag","embeddable":true,"href":"https:\/\/jundiai.sp.gov.br\/noticias\/wp-json\/wp\/v2\/tags?post=249973"},{"taxonomy":"ods","embeddable":true,"href":"https:\/\/jundiai.sp.gov.br\/noticias\/wp-json\/wp\/v2\/ods?post=249973"}],"curies":[{"name":"wp","href":"https:\/\/api.w.org\/{rel}","templated":true}]}}