{"id":249991,"date":"2020-05-05T11:51:30","date_gmt":"2020-05-05T14:51:30","guid":{"rendered":"https:\/\/jundiai.sp.gov.br\/noticias\/?p=249991"},"modified":"2020-05-05T11:51:30","modified_gmt":"2020-05-05T14:51:30","slug":"justica-determina-o-fechamento-de-comercio-nao-essencial","status":"publish","type":"post","link":"https:\/\/jundiai.sp.gov.br\/noticias\/2020\/05\/05\/justica-determina-o-fechamento-de-comercio-nao-essencial\/","title":{"rendered":"Justi\u00e7a determina o fechamento de com\u00e9rcio n\u00e3o essencial"},"content":{"rendered":"<p>O com\u00e9rcio n\u00e3o essencial em Jundia\u00ed volta a ficar fechado, a partir desta ter\u00e7a-feira (5), em atendimento a uma A\u00e7\u00e3o Direta de Inconstitucionalidade movida pela Procuradoria Geral de Justi\u00e7a Estadual, alegando que o funcionamento parcial e controlado dessas atividades contraria as diretrizes estabelecidas pela Uni\u00e3o e pelo Estado para controle da pandemia do coronav\u00edrus. O munic\u00edpio foi notificado sobre a decis\u00e3o judicial no in\u00edcio da noite de segunda-feira (4).<\/p>\n<p>Com a determina\u00e7\u00e3o, recebida tamb\u00e9m por outras cidades paulistas, devem permanecer fechados servi\u00e7os como com\u00e9rcio de rua em geral; sal\u00f5es de cabeleireiro, barbeiro e manicure; cart\u00f3rios e escrit\u00f3rios de profissionais liberais; al\u00e9m de concession\u00e1rias e revenda de ve\u00edculos. Permanecem abertos apenas os setores considerados essenciais, tais como farm\u00e1cias, supermercados, feiras livres, varej\u00f5es, quitandas, centros de abastecimentos e cong\u00eaneres, lojas de conveni\u00eancia, lojas de alimenta\u00e7\u00e3o para animais, distribuidoras de g\u00e1s, lojas de venda de \u00e1gua mineral, padarias\u00a0e postos de combust\u00edveis.<\/p>\n<div id=\"attachment_250003\" style=\"width: 1034px\" class=\"wp-caption aligncenter\"><img loading=\"lazy\" decoding=\"async\" aria-describedby=\"caption-attachment-250003\" class=\"size-large wp-image-250003\" src=\"https:\/\/jundiai.sp.gov.br\/noticias\/wp-content\/uploads\/sites\/32\/2020\/05\/dji_0496-1280x960.jpg\" alt=\"\" width=\"1024\" height=\"768\" srcset=\"https:\/\/jundiai.sp.gov.br\/noticias\/wp-content\/uploads\/sites\/32\/2020\/05\/dji_0496-1280x960.jpg 1280w, https:\/\/jundiai.sp.gov.br\/noticias\/wp-content\/uploads\/sites\/32\/2020\/05\/dji_0496-300x225.jpg 300w, https:\/\/jundiai.sp.gov.br\/noticias\/wp-content\/uploads\/sites\/32\/2020\/05\/dji_0496-768x575.jpg 768w, https:\/\/jundiai.sp.gov.br\/noticias\/wp-content\/uploads\/sites\/32\/2020\/05\/dji_0496.jpg 1323w\" sizes=\"auto, (max-width: 1024px) 100vw, 1024px\" \/><p id=\"caption-attachment-250003\" class=\"wp-caption-text\">Com a determina\u00e7\u00e3o da Justi\u00e7a, algumas atividades voltaram a fechar nesta ter\u00e7a-feira. Prefeitura est\u00e1 orientando popula\u00e7\u00e3o.<\/p><\/div>\n<p>Ap\u00f3s criteriosos estudos t\u00e9cnicos e orienta\u00e7\u00f5es de autoridades de Sa\u00fade, a Prefeitura de Jundia\u00ed havia orientado, por meio do Decreto Municipal n\u00ba 28.970, de 17 de abril de 2020, e da Nota T\u00e9cnica CAE 005\/20, o funcionamento controlado dos servi\u00e7os essenciais e do grupo restrito daqueles considerados \u00fateis em \u00e2mbito local. Os estabelecimentos autorizados a funcionar, at\u00e9 ent\u00e3o, estavam atendendo a rigorosos crit\u00e9rios, n\u00e3o gerando qualquer tipo de aglomera\u00e7\u00e3o. A decis\u00e3o do munic\u00edpio tamb\u00e9m foi poss\u00edvel em raz\u00e3o do est\u00e1gio da pandemia na cidade e pela estrutura de sa\u00fade disponibilizada para atendimento dos casos notificados.<\/p>\n<p>\u201cO Comit\u00ea de Enfrentamento ao Coronav\u00edrus sempre manteve a defesa pelo isolamento social e pelo afastamento controlado, como importantes medidas para a conten\u00e7\u00e3o do COVID. Estudos foram feitos e todos os cuidados necess\u00e1rios foram tomados ao liberar atividades espec\u00edficas, inclusive foi intensificada a fiscaliza\u00e7\u00e3o efetuada pelo Procon, pela Guarda Municipal (GM) e pela Vigil\u00e2ncia Sanit\u00e1ria. Contudo, o Tribunal de Justi\u00e7a, devido \u00e0 conjuntura do Estado, entende que \u00e9 necess\u00e1rio fechar o que n\u00e3o \u00e9 considerado servi\u00e7o essencial. Acatamos a decis\u00e3o e, neste momento, est\u00e1 sendo avaliada a n\u00e3o interposi\u00e7\u00e3o de recurso\u201d, explica o gestor da Casa Civil, Gustavo Maryssael.<\/p>\n<p>A fiscaliza\u00e7\u00e3o permanecer\u00e1 sendo realizada e os estabelecimentos, bem como a popula\u00e7\u00e3o ser\u00e3o orientados sobre o que o Tribunal determinou.<\/p>\n<p><strong>Assessoria de Imprensa<\/strong><br \/>\n<strong>Foto: Fot\u00f3grafo PMJ<\/strong><\/p>\n","protected":false},"excerpt":{"rendered":"<p>O com\u00e9rcio n\u00e3o essencial em Jundia\u00ed volta a ficar fechado, a partir desta ter\u00e7a-feira (5), em atendimento a uma A\u00e7\u00e3o Direta de Inconstitucionalidade movida pela Procuradoria Geral de Justi\u00e7a Estadual, alegando que o funcionamento parcial e controlado dessas atividades contraria as diretrizes estabelecidas pela Uni\u00e3o e pelo Estado para controle da pandemia do coronav\u00edrus. O [&hellip;]<\/p>\n","protected":false},"author":50,"featured_media":250003,"comment_status":"closed","ping_status":"closed","sticky":false,"template":"","format":"standard","meta":{"footnotes":""},"categories":[2],"tags":[62,1500,1357],"ods":[],"class_list":["post-249991","post","type-post","status-publish","format-standard","has-post-thumbnail","hentry","category-noticias","tag-casa-civil","tag-coronavirus","tag-unidade-de-gestao-da-casa-civil-ugcc"],"_links":{"self":[{"href":"https:\/\/jundiai.sp.gov.br\/noticias\/wp-json\/wp\/v2\/posts\/249991","targetHints":{"allow":["GET"]}}],"collection":[{"href":"https:\/\/jundiai.sp.gov.br\/noticias\/wp-json\/wp\/v2\/posts"}],"about":[{"href":"https:\/\/jundiai.sp.gov.br\/noticias\/wp-json\/wp\/v2\/types\/post"}],"author":[{"embeddable":true,"href":"https:\/\/jundiai.sp.gov.br\/noticias\/wp-json\/wp\/v2\/users\/50"}],"replies":[{"embeddable":true,"href":"https:\/\/jundiai.sp.gov.br\/noticias\/wp-json\/wp\/v2\/comments?post=249991"}],"version-history":[{"count":7,"href":"https:\/\/jundiai.sp.gov.br\/noticias\/wp-json\/wp\/v2\/posts\/249991\/revisions"}],"predecessor-version":[{"id":250005,"href":"https:\/\/jundiai.sp.gov.br\/noticias\/wp-json\/wp\/v2\/posts\/249991\/revisions\/250005"}],"wp:featuredmedia":[{"embeddable":true,"href":"https:\/\/jundiai.sp.gov.br\/noticias\/wp-json\/wp\/v2\/media\/250003"}],"wp:attachment":[{"href":"https:\/\/jundiai.sp.gov.br\/noticias\/wp-json\/wp\/v2\/media?parent=249991"}],"wp:term":[{"taxonomy":"category","embeddable":true,"href":"https:\/\/jundiai.sp.gov.br\/noticias\/wp-json\/wp\/v2\/categories?post=249991"},{"taxonomy":"post_tag","embeddable":true,"href":"https:\/\/jundiai.sp.gov.br\/noticias\/wp-json\/wp\/v2\/tags?post=249991"},{"taxonomy":"ods","embeddable":true,"href":"https:\/\/jundiai.sp.gov.br\/noticias\/wp-json\/wp\/v2\/ods?post=249991"}],"curies":[{"name":"wp","href":"https:\/\/api.w.org\/{rel}","templated":true}]}}