{"id":250286,"date":"2020-05-10T13:18:10","date_gmt":"2020-05-10T16:18:10","guid":{"rendered":"https:\/\/jundiai.sp.gov.br\/noticias\/?p=250286"},"modified":"2020-05-10T13:18:10","modified_gmt":"2020-05-10T16:18:10","slug":"guarda-municipal-e-pm-fazem-acoes-contra-a-aglomeracao-de-pessoas","status":"publish","type":"post","link":"https:\/\/jundiai.sp.gov.br\/noticias\/2020\/05\/10\/guarda-municipal-e-pm-fazem-acoes-contra-a-aglomeracao-de-pessoas\/","title":{"rendered":"Guarda Municipal e PM fazem a\u00e7\u00f5es contra a aglomera\u00e7\u00e3o de pessoas"},"content":{"rendered":"<div id=\"attachment_250288\" style=\"width: 1034px\" class=\"wp-caption aligncenter\"><img loading=\"lazy\" decoding=\"async\" aria-describedby=\"caption-attachment-250288\" class=\"size-large wp-image-250288\" src=\"https:\/\/jundiai.sp.gov.br\/noticias\/wp-content\/uploads\/sites\/32\/2020\/05\/pancadao_covid-1280x853.jpg\" alt=\"Na sexta (8) e no s\u00e1bado (9), GMs e PMs estiveram no S\u00e3o Camilo, Jardim Sorocabana e Jardim Fepasa para coibir os \u201cpancad\u00f5es\u201d\" width=\"1024\" height=\"682\" srcset=\"https:\/\/jundiai.sp.gov.br\/noticias\/wp-content\/uploads\/sites\/32\/2020\/05\/pancadao_covid-1280x853.jpg 1280w, https:\/\/jundiai.sp.gov.br\/noticias\/wp-content\/uploads\/sites\/32\/2020\/05\/pancadao_covid-300x200.jpg 300w, https:\/\/jundiai.sp.gov.br\/noticias\/wp-content\/uploads\/sites\/32\/2020\/05\/pancadao_covid-768x512.jpg 768w, https:\/\/jundiai.sp.gov.br\/noticias\/wp-content\/uploads\/sites\/32\/2020\/05\/pancadao_covid-450x300.jpg 450w\" sizes=\"auto, (max-width: 1024px) 100vw, 1024px\" \/><p id=\"caption-attachment-250288\" class=\"wp-caption-text\">Na sexta (8) e no s\u00e1bado, GMs e PMs estiveram no S\u00e3o Camilo, Jd. Sorocabana e Jd. Fepasa para coibir os \u201cpancad\u00f5es\u201d<\/p><\/div>\n<p>A Guarda Municipal de Jundia\u00ed e a Pol\u00edcia Militar (atrav\u00e9s da 1\u00aa Cia. do 49\u00ba BPM\/I) encerraram neste domingo (10) um conjunto de a\u00e7\u00f5es para tentar conscientizar os moradores a n\u00e3o se aglomerar, evitando desta forma a dissemina\u00e7\u00e3o do Novo Coranav\u00edrus (COVID-19).<\/p>\n<p>Na sexta (8) e no s\u00e1bado (9), GMs e PMs estiveram no Jardim S\u00e3o Camilo, Jardim Sorocabana e Jardim Fepasa para coibir os \u201cpancad\u00f5es\u201d. J\u00e1 no final de semana, o local escolhido foi o bairro Santa Clara, onde pessoas costumam se reunir para caminhar e pedalar nas trilhas da Serra do Japi.<\/p>\n<p>O trabalho preventivo contra os \u201cpancad\u00f5es\u201d atendeu a uma reivindica\u00e7\u00e3o antiga dos moradores, que relatam que os encontros v\u00eam ocorrendo mesmo em tempos de pandemia. Guardas municipais e policiais militares se dividiram nos bairros. Na Rua Idalina Gon\u00e7alves Dias, no S\u00e3o Camilo, os agentes de seguran\u00e7a impediram eventos marcados pelas redes sociais. O local, pr\u00f3ximo a um mercado, \u00e9 um dos alvos preferidos dos jovens.<\/p>\n<p>Dez viaturas e 22 agentes (da GM e da PM) permaneceram no bairro conscientizando os moradores para n\u00e3o se aglomerar. As in\u00fameras reclama\u00e7\u00f5es dos mun\u00edcipes foram feitas nos telefones de emerg\u00eancia da Guarda &#8211; o 153 &#8211; e da PM &#8211; o 190.<\/p>\n<p>Segundo a GM, foram impedidos quatro \u201cpancad\u00f5es\u201d nos tr\u00eas bairros, com o refor\u00e7o da orienta\u00e7\u00e3o a dezenas de moradores para que evitem aglomera\u00e7\u00f5es. Mais a\u00e7\u00f5es preventivas como essa ser\u00e3o feitas na cidade.<\/p>\n<div id=\"attachment_250290\" style=\"width: 1034px\" class=\"wp-caption aligncenter\"><img loading=\"lazy\" decoding=\"async\" aria-describedby=\"caption-attachment-250290\" class=\"size-large wp-image-250290\" src=\"https:\/\/jundiai.sp.gov.br\/noticias\/wp-content\/uploads\/sites\/32\/2020\/05\/serra_covid-1280x720.jpeg\" alt=\"No Santa Clara, Guarda e PM alertaram as pessoas para que mantenham o distanciamento social\" width=\"1024\" height=\"576\" srcset=\"https:\/\/jundiai.sp.gov.br\/noticias\/wp-content\/uploads\/sites\/32\/2020\/05\/serra_covid.jpeg 1280w, https:\/\/jundiai.sp.gov.br\/noticias\/wp-content\/uploads\/sites\/32\/2020\/05\/serra_covid-300x169.jpeg 300w, https:\/\/jundiai.sp.gov.br\/noticias\/wp-content\/uploads\/sites\/32\/2020\/05\/serra_covid-768x432.jpeg 768w\" sizes=\"auto, (max-width: 1024px) 100vw, 1024px\" \/><p id=\"caption-attachment-250290\" class=\"wp-caption-text\">No Santa Clara, Guarda Municipal e PM alertaram as pessoas para que mantenham o distanciamento social<\/p><\/div>\n<p><strong>Serra do Japi<\/strong><br \/>\nNo final de semana, a a\u00e7\u00e3o conjunta entre a Guarda Municipal, Pol\u00edcia Militar e agentes de tr\u00e2nsito aconteceu no Santa Clara, com objetivo de alertar as pessoas para que mantenham o distanciamento social.<\/p>\n<p>Segundo a Divis\u00e3o Florestal da GM, 211 carros, 24 motos, 78 ciclistas e 300 pessoas tiveram a orienta\u00e7\u00e3o dos agentes de seguran\u00e7a. A Divis\u00e3o Florestal da Guarda confirmou que mais a\u00e7\u00f5es de conscientiza\u00e7\u00e3o ser\u00e3o realizadas nos bairros Santa Clara, Terra Nova, Malota e Eloy Chaves, usados para se ter acesso \u00e0 Serra do Japi e que s\u00e3o monitorados pelas equipes da GM.<\/p>\n<p>Viaturas da Guarda Municipal de Jundia\u00ed est\u00e3o propagando, nas entradas da Serra do Japi, uma mensagem sonora refor\u00e7ando a import\u00e2ncia dos mun\u00edcipes manterem o distanciamento social.<\/p>\n<p><strong>Assessoria de Imprensa<\/strong><br \/>\n<strong>Fotos: Divulga\u00e7\u00e3o PMJ<\/strong><\/p>\n","protected":false},"excerpt":{"rendered":"<p>A Guarda Municipal de Jundia\u00ed e a Pol\u00edcia Militar (atrav\u00e9s da 1\u00aa Cia. do 49\u00ba BPM\/I) encerraram neste domingo (10) um conjunto de a\u00e7\u00f5es para tentar conscientizar os moradores a n\u00e3o se aglomerar, evitando desta forma a dissemina\u00e7\u00e3o do Novo Coranav\u00edrus (COVID-19). Na sexta (8) e no s\u00e1bado (9), GMs e PMs estiveram no Jardim [&hellip;]<\/p>\n","protected":false},"author":54,"featured_media":250290,"comment_status":"closed","ping_status":"closed","sticky":false,"template":"","format":"standard","meta":{"footnotes":""},"categories":[2],"tags":[1500,31,948],"ods":[],"class_list":["post-250286","post","type-post","status-publish","format-standard","has-post-thumbnail","hentry","category-noticias","tag-coronavirus","tag-guarda-municipal","tag-seguranca-municipal"],"_links":{"self":[{"href":"https:\/\/jundiai.sp.gov.br\/noticias\/wp-json\/wp\/v2\/posts\/250286","targetHints":{"allow":["GET"]}}],"collection":[{"href":"https:\/\/jundiai.sp.gov.br\/noticias\/wp-json\/wp\/v2\/posts"}],"about":[{"href":"https:\/\/jundiai.sp.gov.br\/noticias\/wp-json\/wp\/v2\/types\/post"}],"author":[{"embeddable":true,"href":"https:\/\/jundiai.sp.gov.br\/noticias\/wp-json\/wp\/v2\/users\/54"}],"replies":[{"embeddable":true,"href":"https:\/\/jundiai.sp.gov.br\/noticias\/wp-json\/wp\/v2\/comments?post=250286"}],"version-history":[{"count":3,"href":"https:\/\/jundiai.sp.gov.br\/noticias\/wp-json\/wp\/v2\/posts\/250286\/revisions"}],"predecessor-version":[{"id":250291,"href":"https:\/\/jundiai.sp.gov.br\/noticias\/wp-json\/wp\/v2\/posts\/250286\/revisions\/250291"}],"wp:featuredmedia":[{"embeddable":true,"href":"https:\/\/jundiai.sp.gov.br\/noticias\/wp-json\/wp\/v2\/media\/250290"}],"wp:attachment":[{"href":"https:\/\/jundiai.sp.gov.br\/noticias\/wp-json\/wp\/v2\/media?parent=250286"}],"wp:term":[{"taxonomy":"category","embeddable":true,"href":"https:\/\/jundiai.sp.gov.br\/noticias\/wp-json\/wp\/v2\/categories?post=250286"},{"taxonomy":"post_tag","embeddable":true,"href":"https:\/\/jundiai.sp.gov.br\/noticias\/wp-json\/wp\/v2\/tags?post=250286"},{"taxonomy":"ods","embeddable":true,"href":"https:\/\/jundiai.sp.gov.br\/noticias\/wp-json\/wp\/v2\/ods?post=250286"}],"curies":[{"name":"wp","href":"https:\/\/api.w.org\/{rel}","templated":true}]}}