{"id":250569,"date":"2020-05-14T09:17:42","date_gmt":"2020-05-14T12:17:42","guid":{"rendered":"https:\/\/jundiai.sp.gov.br\/noticias\/?p=250569"},"modified":"2020-05-14T09:18:27","modified_gmt":"2020-05-14T12:18:27","slug":"campanha-permanente-recebe-doacoes-para-familias-em-vulnerabilidade","status":"publish","type":"post","link":"https:\/\/jundiai.sp.gov.br\/noticias\/2020\/05\/14\/campanha-permanente-recebe-doacoes-para-familias-em-vulnerabilidade\/","title":{"rendered":"Campanha Permanente recebe doa\u00e7\u00f5es para fam\u00edlias em vulnerabilidade"},"content":{"rendered":"<p>Prestes a concluir o \u00faltimo semestre do curso de Enfermagem, na UNIP Jundia\u00ed, Giovanna Zanetti de Oliveira decidiu unir solidariedade aos estudos. A estudante, juntamente com outras quatro amigas, arrecadou alimentos n\u00e3o perec\u00edveis, produtos de higiene pessoal e itens de limpeza. A doa\u00e7\u00e3o foi revertida para a Campanha Permanente do Fundo Social de Solidariedade (Funss) e entregue pela estudante, na sede da unidade.<\/p>\n<p>\u201cA faculdade reconhece a colabora\u00e7\u00e3o \u00e0s a\u00e7\u00f5es sociais como algo bastante positivo e, por isso, concede aos alunos uma determinada carga de horas complementares, que s\u00e3o exigidas para a conclus\u00e3o do curso. No entanto, mais que finalizar a vida acad\u00eamica com facilidade, esta uni\u00e3o agrega valores \u00e0s nossas vidas e, principalmente, \u00e0queles que precisam de ajuda\u201d, explicou.<\/p>\n<div id=\"attachment_250571\" style=\"width: 1034px\" class=\"wp-caption aligncenter\"><img loading=\"lazy\" decoding=\"async\" aria-describedby=\"caption-attachment-250571\" class=\"size-large wp-image-250571\" src=\"https:\/\/jundiai.sp.gov.br\/noticias\/wp-content\/uploads\/sites\/32\/2020\/05\/funss_giovanna-1280x853.jpg\" alt=\"\" width=\"1024\" height=\"682\" srcset=\"https:\/\/jundiai.sp.gov.br\/noticias\/wp-content\/uploads\/sites\/32\/2020\/05\/funss_giovanna-1280x853.jpg 1280w, https:\/\/jundiai.sp.gov.br\/noticias\/wp-content\/uploads\/sites\/32\/2020\/05\/funss_giovanna-300x200.jpg 300w, https:\/\/jundiai.sp.gov.br\/noticias\/wp-content\/uploads\/sites\/32\/2020\/05\/funss_giovanna-768x512.jpg 768w, https:\/\/jundiai.sp.gov.br\/noticias\/wp-content\/uploads\/sites\/32\/2020\/05\/funss_giovanna-450x300.jpg 450w\" sizes=\"auto, (max-width: 1024px) 100vw, 1024px\" \/><p id=\"caption-attachment-250571\" class=\"wp-caption-text\">Giovanna e as amigas da faculdade se uniram em doa\u00e7\u00e3o ao Fundo Social<\/p><\/div>\n<p>Doa\u00e7\u00f5es com esta chegam, todos os dias, de diferentes locais e por meio de iniciativas individuais ou coletivas. A m\u00e9dica Helaine Toledo, por exemplo, soube do trabalho do Fundo Social e tamb\u00e9m colaborou com cestas b\u00e1sicas. \u201cSou pediatra e, no momento, n\u00e3o estou na linha de frente por motivos de sa\u00fade. Mas, sinto que preciso e posso ajudar de outra forma. Tor\u00e7o para que outras pessoas tamb\u00e9m tenham esta iniciativa de ajudar o pr\u00f3ximo\u201d, afirmou.<\/p>\n<p>\u201cRecentemente, o Fundo Social tamb\u00e9m recebeu fardos de papel higi\u00eanico da empresa Clarice Paisagismo e Jardinagem, cestas b\u00e1sicas da Rede Paulist\u00e3o Supermercados e do Covabra Supermercados, al\u00e9m da empresa WART-NP Neg\u00f3cios e da Coca-Cola FEMSA, que j\u00e1 fizeram outras contribui\u00e7\u00f5es \u00e0 unidade. Toda ajuda \u00e9 bem-vinda e, por isso, somos muito agradecidos \u00e0queles que, de alguma maneira, nos auxiliam nesta miss\u00e3o\u201d, contou Vanessa Machado, presidente do Funss.<\/p>\n<p>Do Fundo Social de Solidariedade, as doa\u00e7\u00f5es recebidas e triadas s\u00e3o repassadas para a Unidade de Gest\u00e3o de Assist\u00eancia e Desenvolvimento Social (UGADS), respons\u00e1vel pela distribui\u00e7\u00e3o para as pessoas em vulnerabilidade por meio dos Centros de Refer\u00eancia de Assist\u00eancia Social (CRAS) e pelo abrigo emergencial montado para a popula\u00e7\u00e3o em situa\u00e7\u00e3o de rua no Complexo Esportivo Jardim \u00c2ngela.<\/p>\n<div id=\"attachment_250570\" style=\"width: 1034px\" class=\"wp-caption aligncenter\"><img loading=\"lazy\" decoding=\"async\" aria-describedby=\"caption-attachment-250570\" class=\"wp-image-250570 size-large\" src=\"https:\/\/jundiai.sp.gov.br\/noticias\/wp-content\/uploads\/sites\/32\/2020\/05\/funss_paulistao-1280x853.jpg\" alt=\"\" width=\"1024\" height=\"682\" srcset=\"https:\/\/jundiai.sp.gov.br\/noticias\/wp-content\/uploads\/sites\/32\/2020\/05\/funss_paulistao-1280x853.jpg 1280w, https:\/\/jundiai.sp.gov.br\/noticias\/wp-content\/uploads\/sites\/32\/2020\/05\/funss_paulistao-300x200.jpg 300w, https:\/\/jundiai.sp.gov.br\/noticias\/wp-content\/uploads\/sites\/32\/2020\/05\/funss_paulistao-768x512.jpg 768w, https:\/\/jundiai.sp.gov.br\/noticias\/wp-content\/uploads\/sites\/32\/2020\/05\/funss_paulistao-450x300.jpg 450w\" sizes=\"auto, (max-width: 1024px) 100vw, 1024px\" \/><p id=\"caption-attachment-250570\" class=\"wp-caption-text\">Doa\u00e7\u00f5es como esta, da Rede Paulist\u00e3o, refor\u00e7am o trabalho do Funss<\/p><\/div>\n<p>Os interessados em colaborar podem doar <strong>alimentos n\u00e3o perec\u00edveis<\/strong> (arroz, feij\u00e3o, macarr\u00e3o, a\u00e7\u00facar, \u00f3leo, leite longa vida, leite em p\u00f3, sal, enlatados, molho de tomate e fub\u00e1), <strong>\u00e1gua mineral; fraldas, roupas e toalhas de banho; produtos de limpeza e de higiene pessoal<\/strong> (desinfetante, \u00e1gua sanit\u00e1ria, detergente, sab\u00e3o em p\u00f3, sab\u00e3o em pedra, \u00e1lcool, xampu, sabonete); <strong>ra\u00e7\u00e3o para animais; e saco de lixo.<\/strong><\/p>\n<p>Depois de triadas, as doa\u00e7\u00f5es feitas ao Fundo Social s\u00e3o repassadas para a Unidade de Gest\u00e3o de Assist\u00eancia e Desenvolvimento Social (UGADS), respons\u00e1vel pela distribui\u00e7\u00e3o para as pessoas em vulnerabilidade por meio dos Centros de Refer\u00eancia de Assist\u00eancia Social (CRAS) e pelo abrigo emergencial montado para a popula\u00e7\u00e3o em situa\u00e7\u00e3o de rua no Complexo Esportivo Jardim \u00c2ngela.<\/p>\n<p>O Fundo Social fica dentro do Parque da Uva, com acesso pela avenida Dona Manoela Lacerda de Vergueiro, s\/n, port\u00e3o 03, bairro Anhangaba\u00fa. O funcionamento \u00e9 de segunda a sexta-feira, das 8h \u00e0s 17h. Informa\u00e7\u00f5es pelos telefones: (11) 4521-2762, 4521-2929 e 4521-6833.<\/p>\n<p>&nbsp;<\/p>\n<p><strong>MAIS INFORMA\u00c7\u00d5ES: <a href=\"https:\/\/jundiai.sp.gov.br\/coronavirus\/\">jundiai.sp.gov.br\/coronavirus<\/a><\/strong><\/p>\n<p><strong><em>Assessoria de Imprensa<\/em><\/strong><\/p>\n<p><strong><em>Foto: Fot\u00f3grafo PMJ<\/em><\/strong><\/p>\n<p><strong><em>\u00a0<\/em><\/strong><\/p>\n<p>&nbsp;<\/p>\n","protected":false},"excerpt":{"rendered":"<p>Prestes a concluir o \u00faltimo semestre do curso de Enfermagem, na UNIP Jundia\u00ed, Giovanna Zanetti de Oliveira decidiu unir solidariedade aos estudos. A estudante, juntamente com outras quatro amigas, arrecadou alimentos n\u00e3o perec\u00edveis, produtos de higiene pessoal e itens de limpeza. A doa\u00e7\u00e3o foi revertida para a Campanha Permanente do Fundo Social de Solidariedade (Funss) [&hellip;]<\/p>\n","protected":false},"author":49,"featured_media":250571,"comment_status":"closed","ping_status":"closed","sticky":false,"template":"","format":"standard","meta":{"footnotes":""},"categories":[2],"tags":[1025,1500,416],"ods":[],"class_list":["post-250569","post","type-post","status-publish","format-standard","has-post-thumbnail","hentry","category-noticias","tag-campanha-permanente-de-solidariedade","tag-coronavirus","tag-fundo-social-de-solidariedade-funss"],"_links":{"self":[{"href":"https:\/\/jundiai.sp.gov.br\/noticias\/wp-json\/wp\/v2\/posts\/250569","targetHints":{"allow":["GET"]}}],"collection":[{"href":"https:\/\/jundiai.sp.gov.br\/noticias\/wp-json\/wp\/v2\/posts"}],"about":[{"href":"https:\/\/jundiai.sp.gov.br\/noticias\/wp-json\/wp\/v2\/types\/post"}],"author":[{"embeddable":true,"href":"https:\/\/jundiai.sp.gov.br\/noticias\/wp-json\/wp\/v2\/users\/49"}],"replies":[{"embeddable":true,"href":"https:\/\/jundiai.sp.gov.br\/noticias\/wp-json\/wp\/v2\/comments?post=250569"}],"version-history":[{"count":3,"href":"https:\/\/jundiai.sp.gov.br\/noticias\/wp-json\/wp\/v2\/posts\/250569\/revisions"}],"predecessor-version":[{"id":250574,"href":"https:\/\/jundiai.sp.gov.br\/noticias\/wp-json\/wp\/v2\/posts\/250569\/revisions\/250574"}],"wp:featuredmedia":[{"embeddable":true,"href":"https:\/\/jundiai.sp.gov.br\/noticias\/wp-json\/wp\/v2\/media\/250571"}],"wp:attachment":[{"href":"https:\/\/jundiai.sp.gov.br\/noticias\/wp-json\/wp\/v2\/media?parent=250569"}],"wp:term":[{"taxonomy":"category","embeddable":true,"href":"https:\/\/jundiai.sp.gov.br\/noticias\/wp-json\/wp\/v2\/categories?post=250569"},{"taxonomy":"post_tag","embeddable":true,"href":"https:\/\/jundiai.sp.gov.br\/noticias\/wp-json\/wp\/v2\/tags?post=250569"},{"taxonomy":"ods","embeddable":true,"href":"https:\/\/jundiai.sp.gov.br\/noticias\/wp-json\/wp\/v2\/ods?post=250569"}],"curies":[{"name":"wp","href":"https:\/\/api.w.org\/{rel}","templated":true}]}}