{"id":250645,"date":"2020-05-15T15:24:30","date_gmt":"2020-05-15T18:24:30","guid":{"rendered":"https:\/\/jundiai.sp.gov.br\/noticias\/?p=250645"},"modified":"2020-05-15T15:24:30","modified_gmt":"2020-05-15T18:24:30","slug":"prefeitura-inicia-manutencao-de-dois-viadutos-historicos-de-jundiai","status":"publish","type":"post","link":"https:\/\/jundiai.sp.gov.br\/noticias\/2020\/05\/15\/prefeitura-inicia-manutencao-de-dois-viadutos-historicos-de-jundiai\/","title":{"rendered":"Prefeitura inicia manuten\u00e7\u00e3o de dois viadutos hist\u00f3ricos de Jundia\u00ed"},"content":{"rendered":"<div id=\"attachment_250652\" style=\"width: 1034px\" class=\"wp-caption aligncenter\"><img loading=\"lazy\" decoding=\"async\" aria-describedby=\"caption-attachment-250652\" class=\"size-large wp-image-250652\" src=\"https:\/\/jundiai.sp.gov.br\/noticias\/wp-content\/uploads\/sites\/32\/2020\/05\/obras-de-recuperacao-viaduto-eng-romao-nasser-av-09-de-julho_av-jundiai_c_-6-1280x853.jpg\" alt=\"Homens fazem manuten\u00e7\u00e3o do viaduto Eng. Rom\u00e3o Nasser, sobre a Av. 9 de Julho\" width=\"1024\" height=\"682\" srcset=\"https:\/\/jundiai.sp.gov.br\/noticias\/wp-content\/uploads\/sites\/32\/2020\/05\/obras-de-recuperacao-viaduto-eng-romao-nasser-av-09-de-julho_av-jundiai_c_-6-1280x853.jpg 1280w, https:\/\/jundiai.sp.gov.br\/noticias\/wp-content\/uploads\/sites\/32\/2020\/05\/obras-de-recuperacao-viaduto-eng-romao-nasser-av-09-de-julho_av-jundiai_c_-6-300x200.jpg 300w, https:\/\/jundiai.sp.gov.br\/noticias\/wp-content\/uploads\/sites\/32\/2020\/05\/obras-de-recuperacao-viaduto-eng-romao-nasser-av-09-de-julho_av-jundiai_c_-6-768x512.jpg 768w, https:\/\/jundiai.sp.gov.br\/noticias\/wp-content\/uploads\/sites\/32\/2020\/05\/obras-de-recuperacao-viaduto-eng-romao-nasser-av-09-de-julho_av-jundiai_c_-6-450x300.jpg 450w, https:\/\/jundiai.sp.gov.br\/noticias\/wp-content\/uploads\/sites\/32\/2020\/05\/obras-de-recuperacao-viaduto-eng-romao-nasser-av-09-de-julho_av-jundiai_c_-6.jpg 1323w\" sizes=\"auto, (max-width: 1024px) 100vw, 1024px\" \/><p id=\"caption-attachment-250652\" class=\"wp-caption-text\">Homens fazem manuten\u00e7\u00e3o do viaduto Eng. Rom\u00e3o Nasser, sobre a Av. 9 de Julho<\/p><\/div>\n<p>A Prefeitura de Jundia\u00ed, por meio da Unidade de Gest\u00e3o de Infraestrutura e Servi\u00e7os P\u00fablicos (UGISP), iniciou a recupera\u00e7\u00e3o e o refor\u00e7o estrutural de dois importantes e hist\u00f3ricos viadutos da cidade: o S\u00e3o Jo\u00e3o Baptista, na Ponte S\u00e3o Jo\u00e3o, inaugurado em 1950, e o Engenheiro Rom\u00e3o Nasser, no in\u00edcio da Av. Jundia\u00ed, no Centro (entregue \u00e0 popula\u00e7\u00e3o 24 anos depois).<\/p>\n<p>Est\u00e3o sendo feitos a demoli\u00e7\u00e3o e substitui\u00e7\u00e3o de \u00e1reas de concreto desgastadas e o refor\u00e7o das armaduras de ferro. Posteriormente, ocorrer\u00e3o a conserva\u00e7\u00e3o do leito carro\u00e7\u00e1vel (com a aplica\u00e7\u00e3o de nova camada de asfalto e sinaliza\u00e7\u00e3o) e a troca da ilumina\u00e7\u00e3o.<\/p>\n<p>O investimento da Prefeitura na melhoria dos dois viadutos \u00e9 de R$ 2,9 milh\u00f5es e a previs\u00e3o de t\u00e9rmino das obras \u00e9 setembro deste ano.<\/p>\n<p>Primeiro viaduto de Jundia\u00ed, o S\u00e3o Jo\u00e3o Baptista completa 70 anos em 2020 &#8211; foi inaugurado no dia 24 de setembro de 1950 pelo prefeito e arquiteto Vasco Antonio Venchiarutti. Ele governou o munic\u00edpio de 1948 a 1951 e entre 1956 e 1959. O nome da constru\u00e7\u00e3o foi oficializado no Projeto de Lei 213, do vereador Armando Gaspari, aprovado na sess\u00e3o ordin\u00e1ria da C\u00e2mara de 31 de outubro de 1950.<\/p>\n<p>\u201cA obra passou a interligar Jundia\u00ed e mudou nosso conceito de mobilidade urbana\u201d, destacou Paulo Vicentini, historiador e diretor do Departamento de Museus da Unidade de Gest\u00e3o de Cultura (UGC).<\/p>\n<p>Arquiteto aposentado e ex-coordenador de Projetos Especiais da antiga Secretaria de Planejamento de Jundia\u00ed, na segunda gest\u00e3o do prefeito Andr\u00e9 Benassi (de 1993 a 1996), Araken Martinho lembra de forma especial da cerim\u00f4nia de inaugura\u00e7\u00e3o do viaduto da Ponte S\u00e3o Jo\u00e3o, que teve a ilustre presen\u00e7a do governador paulista \u00e0 \u00e9poca, Adhemar de Barros. \u201cNaquele 24 de setembro de 1950, eu resolvi estudar Arquitetura. Fiquei amigo do prefeito Vasco Venchiarutti, que foi um grande chefe do Executivo e uma pessoa muito af\u00e1vel e cordial. A Avenida Jundia\u00ed tamb\u00e9m foi obra do Vasco\u201d.<\/p>\n<div id=\"attachment_250675\" style=\"width: 1034px\" class=\"wp-caption aligncenter\"><img loading=\"lazy\" decoding=\"async\" aria-describedby=\"caption-attachment-250675\" class=\"size-large wp-image-250675\" src=\"https:\/\/jundiai.sp.gov.br\/noticias\/wp-content\/uploads\/sites\/32\/2020\/05\/3000-2-1280x960.jpg\" alt=\"Constru\u00e7\u00e3o do viaduto S\u00e3o Jo\u00e3o Baptista foi um marco na hist\u00f3ria de Jundia\u00ed\" width=\"1024\" height=\"768\" srcset=\"https:\/\/jundiai.sp.gov.br\/noticias\/wp-content\/uploads\/sites\/32\/2020\/05\/3000-2-1280x960.jpg 1280w, https:\/\/jundiai.sp.gov.br\/noticias\/wp-content\/uploads\/sites\/32\/2020\/05\/3000-2-300x225.jpg 300w, https:\/\/jundiai.sp.gov.br\/noticias\/wp-content\/uploads\/sites\/32\/2020\/05\/3000-2-768x576.jpg 768w\" sizes=\"auto, (max-width: 1024px) 100vw, 1024px\" \/><p id=\"caption-attachment-250675\" class=\"wp-caption-text\">Constru\u00e7\u00e3o do viaduto S\u00e3o Jo\u00e3o Baptista foi um marco na hist\u00f3ria de Jundia\u00ed<\/p><\/div>\n<p>Hoje com 88 anos, Araken \u00e9 dono de uma mem\u00f3ria privilegiada. Ele contou que a obra do viaduto S\u00e3o Jo\u00e3o Baptista teve um ter\u00e7o de seu or\u00e7amento custeado pela Prefeitura, mas o Poder P\u00fablico n\u00e3o tinha dinheiro para viabilizar o restante. \u201cO Dr. Jayme Cintra, presidente da Companhia Paulista de Estradas de Ferro, foi procurado e garantiu que a empresa custearia o segundo ter\u00e7o do or\u00e7amento da obra. Faltava uma \u00faltima parte, viabilizada com a \u2018vaquinha\u2019 de comerciantes e moradores. A contribui\u00e7\u00e3o seria paga pela Prefeitura, com juro de 1% ao m\u00eas durante quatro anos\u201d, emendou o arquiteto, que foi professor da PUC e secret\u00e1rio de Planejamento de Campinas. Ainda \u00e9 autor do projeto do Pa\u00e7o Municipal de Jundia\u00ed.<\/p>\n<p>Na cerim\u00f4nia de inaugura\u00e7\u00e3o do viaduto da Ponte, a emo\u00e7\u00e3o aumentou ainda mais pr\u00f3ximo ao espa\u00e7o destinado \u00e0s autoridades presentes, segundo Araken. O comerciante Am\u00e9rico Picchi, j\u00e1 falecido, pediu a palavra e anunciou que a d\u00edvida do Executivo junto aos donos de com\u00e9rcios da cidade estava perdoada. \u201cAntes do viaduto ser aberto, o acesso das pessoas da regi\u00e3o central \u00e0 Ponte S\u00e3o Jo\u00e3o era feito por uma rua com porteira. Era necess\u00e1rio cruzar os trilhos da Estrada de Ferro Sorocabana. A obra simbolizou o progresso que ajudou a cidade a crescer\u201d, completou o projetista do Pa\u00e7o de Jundia\u00ed.<\/p>\n<div id=\"attachment_250666\" style=\"width: 1034px\" class=\"wp-caption aligncenter\"><img loading=\"lazy\" decoding=\"async\" aria-describedby=\"caption-attachment-250666\" class=\"size-large wp-image-250666\" src=\"https:\/\/jundiai.sp.gov.br\/noticias\/wp-content\/uploads\/sites\/32\/2020\/05\/araken_martinho-36-1280x912.jpg\" alt=\"Araken: &quot;Viaduto da Ponte S\u00e3o Jo\u00e3o simbolizou o progresso que ajudou Jundia\u00ed a crescer&quot;\" width=\"1024\" height=\"730\" srcset=\"https:\/\/jundiai.sp.gov.br\/noticias\/wp-content\/uploads\/sites\/32\/2020\/05\/araken_martinho-36-1280x912.jpg 1280w, https:\/\/jundiai.sp.gov.br\/noticias\/wp-content\/uploads\/sites\/32\/2020\/05\/araken_martinho-36-300x214.jpg 300w, https:\/\/jundiai.sp.gov.br\/noticias\/wp-content\/uploads\/sites\/32\/2020\/05\/araken_martinho-36-768x547.jpg 768w, https:\/\/jundiai.sp.gov.br\/noticias\/wp-content\/uploads\/sites\/32\/2020\/05\/araken_martinho-36.jpg 1323w\" sizes=\"auto, (max-width: 1024px) 100vw, 1024px\" \/><p id=\"caption-attachment-250666\" class=\"wp-caption-text\">Araken: &#8220;Viaduto da Ponte S\u00e3o Jo\u00e3o simbolizou o progresso que ajudou Jundia\u00ed a crescer&#8221;<\/p><\/div>\n<p><strong>Ex-prefeito<\/strong><br \/>\nIbis Cruz comandou os destinos do munic\u00edpio entre 1973 e 1977 e inaugurou o viaduto Engenheiro Rom\u00e3o Nasser em setembro de 74. O nome da obra no Centro de Jundia\u00ed foi oficializado pelo Projeto de Lei 5.833\/1992, do vereador Jayme Leoni. \u201cEste viaduto foi maravilhoso para a cidade, assim como o da Ponte S\u00e3o Jo\u00e3o.<\/p>\n<p>Ambos facilitam o deslocamento das pessoas em dois trechos fundamentais do munic\u00edpio. No caso do Engenheiro Rom\u00e3o Nasser, ele liga o Centro \u00e0 Rodovia Anhanguera e bairros do Vetor Oeste\u201d, disse Ibis Cruz.<\/p>\n<p>O ex-prefeito contou que o come\u00e7o dos trabalhos do viaduto, que passa em cima da Av. 9 de Julho, se deu no final da gest\u00e3o de seu antecessor, Walmor Barbosa, prefeito de 1969 a 1973 e de 1989 a 1992. \u201cA primeira parte da obra foi a da pista sentido Anhanguera. Depois veio a do lado que leva ao Centro. Tivemos que transpor um barranco com a tubula\u00e7\u00e3o do C\u00f3rrego do Mato\u201d, finalizou.<\/p>\n<div id=\"attachment_250667\" style=\"width: 706px\" class=\"wp-caption aligncenter\"><img loading=\"lazy\" decoding=\"async\" aria-describedby=\"caption-attachment-250667\" class=\"size-large wp-image-250667\" src=\"https:\/\/jundiai.sp.gov.br\/noticias\/wp-content\/uploads\/sites\/32\/2020\/05\/av-9-de-julho-viaduto-av-jundiai-696x960.jpg\" alt=\"Viaduto da Av. Jundia\u00ed foi inaugurado nos anos 1970\" width=\"696\" height=\"960\" srcset=\"https:\/\/jundiai.sp.gov.br\/noticias\/wp-content\/uploads\/sites\/32\/2020\/05\/av-9-de-julho-viaduto-av-jundiai-696x960.jpg 696w, https:\/\/jundiai.sp.gov.br\/noticias\/wp-content\/uploads\/sites\/32\/2020\/05\/av-9-de-julho-viaduto-av-jundiai-300x414.jpg 300w, https:\/\/jundiai.sp.gov.br\/noticias\/wp-content\/uploads\/sites\/32\/2020\/05\/av-9-de-julho-viaduto-av-jundiai-768x1060.jpg 768w, https:\/\/jundiai.sp.gov.br\/noticias\/wp-content\/uploads\/sites\/32\/2020\/05\/av-9-de-julho-viaduto-av-jundiai.jpg 1712w\" sizes=\"auto, (max-width: 696px) 100vw, 696px\" \/><p id=\"caption-attachment-250667\" class=\"wp-caption-text\">Viaduto da Av. Jundia\u00ed foi constru\u00eddo e inaugurado nos anos 1970<\/p><\/div>\n<p><strong>O homenageado<\/strong><br \/>\nRom\u00e3o Nasser nasceu em 13 de setembro de 1932 e morreu, aos 47 anos, em 18 de janeiro de 1980. Sua terra natal era Jundia\u00ed e ele formou-se em Engenharia Civil e Hidr\u00e1ulica na Escola Polit\u00e9cnica da Universidade de S\u00e3o Paulo (Poli-USP).<\/p>\n<p>Em 62, Rom\u00e3o come\u00e7ou a trabalhar no Departamento de Obras da Prefeitura de Jundia\u00ed, tendo sido coautor do projeto do primeiro espa\u00e7o do Vel\u00f3rio Municipal. Doze anos mais tarde, passou a integrar o quadro da DAE. Foi o respons\u00e1vel por v\u00e1rios projetos importantes de saneamento b\u00e1sico para a cidade.<\/p>\n<p>Pouco antes de morrer, Rom\u00e3o se preparava para lan\u00e7ar uma t\u00e9cnica \u2013 revolucion\u00e1ria na \u00e9poca \u2013 de constru\u00e7\u00e3o de casas populares com placas pr\u00e9-moldadas.<\/p>\n<p><strong>Assessoria de Imprensa<\/strong><br \/>\n<strong>Fotos: Fot\u00f3grafos PMJ \/ J. Janczur \/ Acervo do Depto. de Museus da Unidade de Gest\u00e3o de Cultura (UGC)<\/strong><\/p>\n","protected":false},"excerpt":{"rendered":"<p>A Prefeitura de Jundia\u00ed, por meio da Unidade de Gest\u00e3o de Infraestrutura e Servi\u00e7os P\u00fablicos (UGISP), iniciou a recupera\u00e7\u00e3o e o refor\u00e7o estrutural de dois importantes e hist\u00f3ricos viadutos da cidade: o S\u00e3o Jo\u00e3o Baptista, na Ponte S\u00e3o Jo\u00e3o, inaugurado em 1950, e o Engenheiro Rom\u00e3o Nasser, no in\u00edcio da Av. Jundia\u00ed, no Centro (entregue [&hellip;]<\/p>\n","protected":false},"author":54,"featured_media":250664,"comment_status":"closed","ping_status":"closed","sticky":false,"template":"","format":"standard","meta":{"footnotes":""},"categories":[2],"tags":[985],"ods":[],"class_list":["post-250645","post","type-post","status-publish","format-standard","has-post-thumbnail","hentry","category-noticias","tag-infraestrutura-e-servicos-publicos"],"_links":{"self":[{"href":"https:\/\/jundiai.sp.gov.br\/noticias\/wp-json\/wp\/v2\/posts\/250645","targetHints":{"allow":["GET"]}}],"collection":[{"href":"https:\/\/jundiai.sp.gov.br\/noticias\/wp-json\/wp\/v2\/posts"}],"about":[{"href":"https:\/\/jundiai.sp.gov.br\/noticias\/wp-json\/wp\/v2\/types\/post"}],"author":[{"embeddable":true,"href":"https:\/\/jundiai.sp.gov.br\/noticias\/wp-json\/wp\/v2\/users\/54"}],"replies":[{"embeddable":true,"href":"https:\/\/jundiai.sp.gov.br\/noticias\/wp-json\/wp\/v2\/comments?post=250645"}],"version-history":[{"count":6,"href":"https:\/\/jundiai.sp.gov.br\/noticias\/wp-json\/wp\/v2\/posts\/250645\/revisions"}],"predecessor-version":[{"id":250676,"href":"https:\/\/jundiai.sp.gov.br\/noticias\/wp-json\/wp\/v2\/posts\/250645\/revisions\/250676"}],"wp:featuredmedia":[{"embeddable":true,"href":"https:\/\/jundiai.sp.gov.br\/noticias\/wp-json\/wp\/v2\/media\/250664"}],"wp:attachment":[{"href":"https:\/\/jundiai.sp.gov.br\/noticias\/wp-json\/wp\/v2\/media?parent=250645"}],"wp:term":[{"taxonomy":"category","embeddable":true,"href":"https:\/\/jundiai.sp.gov.br\/noticias\/wp-json\/wp\/v2\/categories?post=250645"},{"taxonomy":"post_tag","embeddable":true,"href":"https:\/\/jundiai.sp.gov.br\/noticias\/wp-json\/wp\/v2\/tags?post=250645"},{"taxonomy":"ods","embeddable":true,"href":"https:\/\/jundiai.sp.gov.br\/noticias\/wp-json\/wp\/v2\/ods?post=250645"}],"curies":[{"name":"wp","href":"https:\/\/api.w.org\/{rel}","templated":true}]}}