{"id":251013,"date":"2020-05-20T16:33:44","date_gmt":"2020-05-20T19:33:44","guid":{"rendered":"https:\/\/jundiai.sp.gov.br\/noticias\/?p=251013"},"modified":"2020-05-20T16:33:44","modified_gmt":"2020-05-20T19:33:44","slug":"a-pedido-de-moradores-linhas-que-atendem-o-sao-camilo-terao-alteracao","status":"publish","type":"post","link":"https:\/\/jundiai.sp.gov.br\/noticias\/2020\/05\/20\/a-pedido-de-moradores-linhas-que-atendem-o-sao-camilo-terao-alteracao\/","title":{"rendered":"A pedido de moradores, linhas que atendem o S\u00e3o Camilo ter\u00e3o altera\u00e7\u00e3o"},"content":{"rendered":"<p>A Unidade de Gest\u00e3o de Mobilidade e Transporte (UGMT) informa que a partir da pr\u00f3xima segunda-feira, dia 25, ser\u00e3o realizadas altera\u00e7\u00f5es no atendimento de duas linhas do transporte p\u00fablico que atendem a regi\u00e3o do Jardim S\u00e3o Camilo.<\/p>\n<p>A novidade \u00e9 a circula\u00e7\u00e3o de \u00f4nibus pela rua nova do bairro (ainda sem nome). A linha 720 (Terminal Central \u2013 S\u00e3o Camilo) passar\u00e1 a circular pela nova via no sentido da Av. Angelo Rivelli para a Rua Pedro Ravanhani e ter\u00e1 dois pontos de parada. A linha passar\u00e1 a atender tamb\u00e9m o Parque S\u00e3o Luiz em todas as viagens, a pedido de moradores, e a mudan\u00e7a ir\u00e1 facilitar tamb\u00e9m o acesso \u00e0 UBS do Jundia\u00ed Mirim inaugurada no dia 18\/05.<\/p>\n<div id=\"attachment_251018\" style=\"width: 1034px\" class=\"wp-caption aligncenter\"><img loading=\"lazy\" decoding=\"async\" aria-describedby=\"caption-attachment-251018\" class=\"size-large wp-image-251018\" src=\"https:\/\/jundiai.sp.gov.br\/noticias\/wp-content\/uploads\/sites\/32\/2020\/05\/terminal-vila-arens-29-1280x850.jpg\" alt=\"\" width=\"1024\" height=\"680\" srcset=\"https:\/\/jundiai.sp.gov.br\/noticias\/wp-content\/uploads\/sites\/32\/2020\/05\/terminal-vila-arens-29-1280x850.jpg 1280w, https:\/\/jundiai.sp.gov.br\/noticias\/wp-content\/uploads\/sites\/32\/2020\/05\/terminal-vila-arens-29-300x199.jpg 300w, https:\/\/jundiai.sp.gov.br\/noticias\/wp-content\/uploads\/sites\/32\/2020\/05\/terminal-vila-arens-29-768x510.jpg 768w, https:\/\/jundiai.sp.gov.br\/noticias\/wp-content\/uploads\/sites\/32\/2020\/05\/terminal-vila-arens-29-450x300.jpg 450w, https:\/\/jundiai.sp.gov.br\/noticias\/wp-content\/uploads\/sites\/32\/2020\/05\/terminal-vila-arens-29.jpg 1323w\" sizes=\"auto, (max-width: 1024px) 100vw, 1024px\" \/><p id=\"caption-attachment-251018\" class=\"wp-caption-text\">Na pr\u00f3xima semana tamb\u00e9m entra em vigor a mudan\u00e7a na linha 715, que liga o Terminal Vila Arens ao Terminal Col\u00f4nia via Jardim S\u00e3o Camilo<\/p><\/div>\n<p>Durante o per\u00edodo de restri\u00e7\u00e3o de mobilidade a oferta de viagens ser\u00e1 mantida: 43 partidas do Terminal Central com intervalos de 25 minutos. Os hor\u00e1rios nos dias \u00fateis e s\u00e1bados seguem conforme programa\u00e7\u00e3o de domingos e feriados.<\/p>\n<p><strong>Linha 715<\/strong><\/p>\n<p>Na pr\u00f3xima semana tamb\u00e9m entra em vigor a mudan\u00e7a na linha 715, que liga o Terminal Vila Arens ao Terminal Col\u00f4nia via Jardim S\u00e3o Camilo.<\/p>\n<p>A linha passar\u00e1 a atender o Jardim S\u00e3o Marcus em todas as viagens, em ambos os sentidos, o que permitir\u00e1 regularizar o intervalo entre as viagens ao longo de todo o trajeto. As viagens com legenda A ter\u00e3o como destino o Terminal Col\u00f4nia e com legenda B o Terminal Vila Arens.<\/p>\n<p>O intervalo da linha, que \u00e9 de 25 minutos, passar\u00e1 a ser de 27 a 30 minutos, sendo que os usu\u00e1rios do Jardim S\u00e3o Marcus, que s\u00e3o atualmente atendidos a cada 50 minutos, ser\u00e3o melhor atendidos devido \u00e0 redu\u00e7\u00e3o de intervalo e aumento da oferta de viagens (de 21 para 39 no sentido Terminal Col\u00f4nia e de 21 para 37 no Terminal Vila Arens).<\/p>\n<p>A nova tabela com hor\u00e1rios de domingos e feriados ser\u00e1 operada nos dias \u00fateis e finais de semana durante o per\u00edodo de restri\u00e7\u00e3o de mobilidade devido \u00e0 COVID-19, por\u00e9m as mudan\u00e7as relacionadas \u00e0 unifica\u00e7\u00e3o de atendimentos permanecer\u00e1 ap\u00f3s o t\u00e9rmino deste per\u00edodo.<\/p>\n<p>A UGMT informa que os hor\u00e1rios estar\u00e3o dispon\u00edveis no site da Prefeitura de Jundia\u00ed (<a href=\"https:\/\/situ.jundiai.sp.gov.br\/\">https:\/\/situ.jundiai.sp.gov.br\/<\/a>) e nos terminais Central, Vila Arens e Col\u00f4nia.<\/p>\n<p><strong><span style=\"font-family: 'Arial',sans-serif;\">Assessoria de Imprensa<\/span><\/strong><span style=\"font-family: 'Arial',sans-serif;\"><br \/>\n<strong>Fotos: Fot\u00f3grafos PMJ<\/strong><\/span><\/p>\n","protected":false},"excerpt":{"rendered":"<p>A Unidade de Gest\u00e3o de Mobilidade e Transporte (UGMT) informa que a partir da pr\u00f3xima segunda-feira, dia 25, ser\u00e3o realizadas altera\u00e7\u00f5es no atendimento de duas linhas do transporte p\u00fablico que atendem a regi\u00e3o do Jardim S\u00e3o Camilo. A novidade \u00e9 a circula\u00e7\u00e3o de \u00f4nibus pela rua nova do bairro (ainda sem nome). A linha 720 [&hellip;]<\/p>\n","protected":false},"author":45,"featured_media":0,"comment_status":"closed","ping_status":"closed","sticky":false,"template":"","format":"standard","meta":{"footnotes":""},"categories":[2],"tags":[1121,1261],"ods":[],"class_list":["post-251013","post","type-post","status-publish","format-standard","hentry","category-noticias","tag-mobilidade-total","tag-ugmt"],"_links":{"self":[{"href":"https:\/\/jundiai.sp.gov.br\/noticias\/wp-json\/wp\/v2\/posts\/251013","targetHints":{"allow":["GET"]}}],"collection":[{"href":"https:\/\/jundiai.sp.gov.br\/noticias\/wp-json\/wp\/v2\/posts"}],"about":[{"href":"https:\/\/jundiai.sp.gov.br\/noticias\/wp-json\/wp\/v2\/types\/post"}],"author":[{"embeddable":true,"href":"https:\/\/jundiai.sp.gov.br\/noticias\/wp-json\/wp\/v2\/users\/45"}],"replies":[{"embeddable":true,"href":"https:\/\/jundiai.sp.gov.br\/noticias\/wp-json\/wp\/v2\/comments?post=251013"}],"version-history":[{"count":2,"href":"https:\/\/jundiai.sp.gov.br\/noticias\/wp-json\/wp\/v2\/posts\/251013\/revisions"}],"predecessor-version":[{"id":251019,"href":"https:\/\/jundiai.sp.gov.br\/noticias\/wp-json\/wp\/v2\/posts\/251013\/revisions\/251019"}],"wp:attachment":[{"href":"https:\/\/jundiai.sp.gov.br\/noticias\/wp-json\/wp\/v2\/media?parent=251013"}],"wp:term":[{"taxonomy":"category","embeddable":true,"href":"https:\/\/jundiai.sp.gov.br\/noticias\/wp-json\/wp\/v2\/categories?post=251013"},{"taxonomy":"post_tag","embeddable":true,"href":"https:\/\/jundiai.sp.gov.br\/noticias\/wp-json\/wp\/v2\/tags?post=251013"},{"taxonomy":"ods","embeddable":true,"href":"https:\/\/jundiai.sp.gov.br\/noticias\/wp-json\/wp\/v2\/ods?post=251013"}],"curies":[{"name":"wp","href":"https:\/\/api.w.org\/{rel}","templated":true}]}}