{"id":251015,"date":"2020-05-20T19:11:57","date_gmt":"2020-05-20T22:11:57","guid":{"rendered":"https:\/\/jundiai.sp.gov.br\/noticias\/?p=251015"},"modified":"2020-05-20T19:35:27","modified_gmt":"2020-05-20T22:35:27","slug":"unidade-rui-barbosa-passa-a-ser-pronto-atendimento-sentinela","status":"publish","type":"post","link":"https:\/\/jundiai.sp.gov.br\/noticias\/2020\/05\/20\/unidade-rui-barbosa-passa-a-ser-pronto-atendimento-sentinela\/","title":{"rendered":"Unidade Rui Barbosa passa a ser Pronto Atendimento Sentinela"},"content":{"rendered":"<p>Para ampliar o atendimento da popula\u00e7\u00e3o da regi\u00e3o Sul, o pr\u00e9dio de Aten\u00e7\u00e3o B\u00e1sica da Unidade B\u00e1sica de Sa\u00fade Rui Barbosa, &#8211; que foi transformado em atendimento de Unidade Sentinela exclusivo para pacientes com s\u00edndrome gripal grave &#8211; passa a ser Pronto Atendimento Sentinela, tamb\u00e9m para atendimento exclusivo de pessoas suspeitas do Novo Coronav\u00edrus. O espa\u00e7o \u00e9 refer\u00eancia para toda a regi\u00e3o sul, e deixar\u00e1 o do Pronto Atendimento Ponte S\u00e3o Jo\u00e3o para as demais demandas de sa\u00fade. O atendimento descentralizado ter\u00e1 in\u00edcio segunda-feira (01\/06), das 7h \u00e0s 19h. <\/p>\n<p>A separa\u00e7\u00e3o dos fluxos tem por objetivo reduzir os riscos de contamina\u00e7\u00e3o de pessoas que buscam por demandas al\u00e9m de sintomas gripais, bem como facilitar o acesso da popula\u00e7\u00e3o ao atendimento de urg\u00eancia e emerg\u00eancia. &#8220;As adequa\u00e7\u00f5es da rede para o atendimento da popula\u00e7\u00e3o s\u00e3o realizadas para oferecer o melhor atendimento \u00e0 popula\u00e7\u00e3o. Com a transforma\u00e7\u00e3o tempor\u00e1ria para PA, os usu\u00e1rios que fazem parte da UBS Rui Barbosa passar\u00e3o a ter suas demandas de aferi\u00e7\u00f5es, teste de gravidez, dispensa\u00e7\u00e3o de medicamentos, trocas de receitas e acolhimentos realizados na Capela Santa Maria Goretti, a partir de 21\/05 (Rua Zelito Zomiguiguinani, 345 &#8211; Vila Nambi)&#8221;, explica a diretora de Aten\u00e7\u00e3o B\u00e1sica da Unidade de Gest\u00e3o de Promo\u00e7\u00e3o da Sa\u00fade (UGPS), Andreia Pinto de Souza.<\/p>\n<div id=\"attachment_251044\" style=\"width: 1034px\" class=\"wp-caption aligncenter\"><img loading=\"lazy\" decoding=\"async\" aria-describedby=\"caption-attachment-251044\" src=\"https:\/\/jundiai.sp.gov.br\/noticias\/wp-content\/uploads\/sites\/32\/2020\/05\/unidade-sentinelas-coronavirus-195-1280x854.jpg\" alt=\"\" width=\"1024\" height=\"683\" class=\"size-large wp-image-251044\" srcset=\"https:\/\/jundiai.sp.gov.br\/noticias\/wp-content\/uploads\/sites\/32\/2020\/05\/unidade-sentinelas-coronavirus-195-1280x854.jpg 1280w, https:\/\/jundiai.sp.gov.br\/noticias\/wp-content\/uploads\/sites\/32\/2020\/05\/unidade-sentinelas-coronavirus-195-300x200.jpg 300w, https:\/\/jundiai.sp.gov.br\/noticias\/wp-content\/uploads\/sites\/32\/2020\/05\/unidade-sentinelas-coronavirus-195-768x513.jpg 768w, https:\/\/jundiai.sp.gov.br\/noticias\/wp-content\/uploads\/sites\/32\/2020\/05\/unidade-sentinelas-coronavirus-195-450x300.jpg 450w, https:\/\/jundiai.sp.gov.br\/noticias\/wp-content\/uploads\/sites\/32\/2020\/05\/unidade-sentinelas-coronavirus-195.jpg 1323w\" sizes=\"auto, (max-width: 1024px) 100vw, 1024px\" \/><p id=\"caption-attachment-251044\" class=\"wp-caption-text\">Espa\u00e7o da UBS Rui Barbosa passar\u00e1 a atender em formato de Pronto Atendimento, a partir de segunda-feira (25)<\/p><\/div>\n<p>As consultas continuam sendo referenciadas para as UBSs Tamoio (Ginecologia e Obstetr\u00edcia, Cl\u00ednica Geral e medica\u00e7\u00e3o de segmento da Vigil\u00e2ncia Epidemiol\u00f3gica) e na UBS Col\u00f4nia (Curativos e feridas cr\u00f4nicas). <\/p>\n<p>Endere\u00e7os:<br \/>\nUBS Col\u00f4nia: Rua Professora Benedito Siqueira de God\u00f3i, 11 &#8211; Jardim Col\u00f4nia, funcionamento das 8h \u00e0s 17h, de segunda a sexta-feira.<br \/>\nUBS Tamoio: Rua Orestes Barbosa &#8211; Jardim Tamoio, funcionamento das 8h \u00e0s 20h, de segunda a sexta-feira. <\/p>\n<p><strong>Assessoria de Imprensa<br \/>\nFotos: Fot\u00f3grafos PMJ<\/strong><\/p>\n","protected":false},"excerpt":{"rendered":"<p>Para ampliar o atendimento da popula\u00e7\u00e3o da regi\u00e3o Sul, o pr\u00e9dio de Aten\u00e7\u00e3o B\u00e1sica da Unidade B\u00e1sica de Sa\u00fade Rui Barbosa, &#8211; que foi transformado em atendimento de Unidade Sentinela exclusivo para pacientes com s\u00edndrome gripal grave &#8211; passa a ser Pronto Atendimento Sentinela, tamb\u00e9m para atendimento exclusivo de pessoas suspeitas do Novo Coronav\u00edrus. O [&hellip;]<\/p>\n","protected":false},"author":39,"featured_media":251045,"comment_status":"closed","ping_status":"closed","sticky":false,"template":"","format":"standard","meta":{"footnotes":""},"categories":[2],"tags":[1500],"ods":[],"class_list":["post-251015","post","type-post","status-publish","format-standard","has-post-thumbnail","hentry","category-noticias","tag-coronavirus"],"_links":{"self":[{"href":"https:\/\/jundiai.sp.gov.br\/noticias\/wp-json\/wp\/v2\/posts\/251015","targetHints":{"allow":["GET"]}}],"collection":[{"href":"https:\/\/jundiai.sp.gov.br\/noticias\/wp-json\/wp\/v2\/posts"}],"about":[{"href":"https:\/\/jundiai.sp.gov.br\/noticias\/wp-json\/wp\/v2\/types\/post"}],"author":[{"embeddable":true,"href":"https:\/\/jundiai.sp.gov.br\/noticias\/wp-json\/wp\/v2\/users\/39"}],"replies":[{"embeddable":true,"href":"https:\/\/jundiai.sp.gov.br\/noticias\/wp-json\/wp\/v2\/comments?post=251015"}],"version-history":[{"count":8,"href":"https:\/\/jundiai.sp.gov.br\/noticias\/wp-json\/wp\/v2\/posts\/251015\/revisions"}],"predecessor-version":[{"id":251057,"href":"https:\/\/jundiai.sp.gov.br\/noticias\/wp-json\/wp\/v2\/posts\/251015\/revisions\/251057"}],"wp:featuredmedia":[{"embeddable":true,"href":"https:\/\/jundiai.sp.gov.br\/noticias\/wp-json\/wp\/v2\/media\/251045"}],"wp:attachment":[{"href":"https:\/\/jundiai.sp.gov.br\/noticias\/wp-json\/wp\/v2\/media?parent=251015"}],"wp:term":[{"taxonomy":"category","embeddable":true,"href":"https:\/\/jundiai.sp.gov.br\/noticias\/wp-json\/wp\/v2\/categories?post=251015"},{"taxonomy":"post_tag","embeddable":true,"href":"https:\/\/jundiai.sp.gov.br\/noticias\/wp-json\/wp\/v2\/tags?post=251015"},{"taxonomy":"ods","embeddable":true,"href":"https:\/\/jundiai.sp.gov.br\/noticias\/wp-json\/wp\/v2\/ods?post=251015"}],"curies":[{"name":"wp","href":"https:\/\/api.w.org\/{rel}","templated":true}]}}