{"id":251325,"date":"2020-05-26T15:59:08","date_gmt":"2020-05-26T18:59:08","guid":{"rendered":"https:\/\/jundiai.sp.gov.br\/noticias\/?p=251325"},"modified":"2020-05-26T15:59:08","modified_gmt":"2020-05-26T18:59:08","slug":"testes-rapidos-jundiai-avanca-na-identificacao-dos-casos-de-covid-19","status":"publish","type":"post","link":"https:\/\/jundiai.sp.gov.br\/noticias\/2020\/05\/26\/testes-rapidos-jundiai-avanca-na-identificacao-dos-casos-de-covid-19\/","title":{"rendered":"Testes R\u00e1pidos: Jundia\u00ed avan\u00e7a na identifica\u00e7\u00e3o dos casos de COVID-19"},"content":{"rendered":"<p>A aplica\u00e7\u00e3o dos testes r\u00e1pidos de COVID-19 entre a popula\u00e7\u00e3o que registrou sintomas gripais nos \u00faltimos 50 dias e seus comunicantes tem resultado no aumento da quantidade de casos positivos da doen\u00e7a em Jundia\u00ed. O crescimento \u00e9 esperado, j\u00e1 que a a\u00e7\u00e3o reduz a subnotifica\u00e7\u00e3o e demonstra a real situa\u00e7\u00e3o do Novo Coronav\u00edrus no cen\u00e1rio jundiaiense. Com a aplica\u00e7\u00e3o do Inqu\u00e9rito Epidemiol\u00f3gico nos assintom\u00e1ticos, a partir desta ter\u00e7a-feira (26), pela segunda fase do estudo, a inten\u00e7\u00e3o \u00e9 mapear o avan\u00e7o da doen\u00e7a.<\/p>\n<p>Jundia\u00ed adquiriu 10 mil testes r\u00e1pidos COVID-19 para a testagem de \u00edndices de anticorpos diferentes, com a identifica\u00e7\u00e3o do contato recente e (IgM) e anticorpos de mem\u00f3ria, ou seja, que j\u00e1 teve contato e n\u00e3o est\u00e1 em per\u00edodo de transmiss\u00e3o (IgG) e recebeu do Minist\u00e9rio da Sa\u00fade a mesma quantidade, para a testagem IgG. A aplica\u00e7\u00e3o \u00e9 realizada conforme o quadro dos usu\u00e1rios, evitando sempre o deslocamento durante o per\u00edodo de viremia (transmiss\u00e3o do v\u00edrus).<\/p>\n<p>&#8220;Desde que come\u00e7amos a testar os profissionais da Sa\u00fade, Seguran\u00e7a, motoristas e cobradores do transporte p\u00fablico, al\u00e9m da popula\u00e7\u00e3o notificada com sintoma gripal e seus comunicantes, al\u00e9m daqueles que tiveram sintomas e n\u00e3o passaram por servi\u00e7o de sa\u00fade, trabalhamos a redu\u00e7\u00e3o da subnotifica\u00e7\u00e3o da cidade. Um grave problema que as cidades sem testes dispon\u00edveis para a amplia\u00e7\u00e3o da cobertura enfrentam. Jundia\u00ed est\u00e1 \u00e0 frente at\u00e9 de pa\u00edses como a Alemanha, que testa 25 pessoas a cada 1 mil.\u00a0 Agora, com a implementa\u00e7\u00e3o dos testes PCR, chegaremos a 52 testes por 1 mil habitantes&#8221;, ressalta o gestor da Unidade de Gest\u00e3o de Promo\u00e7\u00e3o da Sa\u00fade (UGPS), Tiago Texera.<\/p>\n<div id=\"attachment_250066\" style=\"width: 1034px\" class=\"wp-caption aligncenter\"><img loading=\"lazy\" decoding=\"async\" aria-describedby=\"caption-attachment-250066\" class=\"size-large wp-image-250066\" src=\"https:\/\/jundiai.sp.gov.br\/noticias\/wp-content\/uploads\/sites\/32\/2020\/05\/unidade_sentinela_anhangabau_teste_coronavirus-39-1280x854.jpg\" alt=\"\" width=\"1024\" height=\"683\" srcset=\"https:\/\/jundiai.sp.gov.br\/noticias\/wp-content\/uploads\/sites\/32\/2020\/05\/unidade_sentinela_anhangabau_teste_coronavirus-39-1280x854.jpg 1280w, https:\/\/jundiai.sp.gov.br\/noticias\/wp-content\/uploads\/sites\/32\/2020\/05\/unidade_sentinela_anhangabau_teste_coronavirus-39-300x200.jpg 300w, https:\/\/jundiai.sp.gov.br\/noticias\/wp-content\/uploads\/sites\/32\/2020\/05\/unidade_sentinela_anhangabau_teste_coronavirus-39-768x513.jpg 768w, https:\/\/jundiai.sp.gov.br\/noticias\/wp-content\/uploads\/sites\/32\/2020\/05\/unidade_sentinela_anhangabau_teste_coronavirus-39-450x300.jpg 450w, https:\/\/jundiai.sp.gov.br\/noticias\/wp-content\/uploads\/sites\/32\/2020\/05\/unidade_sentinela_anhangabau_teste_coronavirus-39.jpg 1323w\" sizes=\"auto, (max-width: 1024px) 100vw, 1024px\" \/><p id=\"caption-attachment-250066\" class=\"wp-caption-text\">Testes r\u00e1pidos ser\u00e3o aplicados na popula\u00e7\u00e3o notificada com sintomas gripais para identificar avan\u00e7o do Novo Coronav\u00edrus<\/p><\/div>\n<p><strong>Aplica\u00e7\u00e3o<\/strong><br \/>\nOs testes r\u00e1pidos possuem acur\u00e1cia a partir do 8\u00ba dia de sintomas. O protocolo estabelecido para a testagem das pessoas que tiveram sintomas \u00e9 a partir dos 15\u00ba dia, desde que n\u00e3o apresente sintomas. &#8220;\u00c9 fundamental o isolamento da popula\u00e7\u00e3o a partir do surgimento do sintoma gripal por 14 dias. Somente desta forma \u00e9 poss\u00edvel conter o avan\u00e7o da doen\u00e7a e reduzir a ocorr\u00eancia de casos graves&#8221;, explica a diretora do Departamento de Regula\u00e7\u00e3o, da UGPS, Fabiana Barrete Alc\u00e2ntara.<\/p>\n<p>Desde o in\u00edcio da testagem at\u00e9 o levantamento realizado \u00e0s 10h desta ter\u00e7a-feira (26), 3.839 testes foram realizados, sendo 356 confirmados. Deste total, 175 identificaram o \u00edndice IgM, de contato recente com o v\u00edrus Sars-CoV-2. Segundo a diretora, o percentual de positividade \u00e9 de 9,27%.<\/p>\n<p><strong>Assessoria de Imprensa<br \/>\nFotos: Fot\u00f3grafos PMJ<\/strong><\/p>\n","protected":false},"excerpt":{"rendered":"<p>A aplica\u00e7\u00e3o dos testes r\u00e1pidos de COVID-19 entre a popula\u00e7\u00e3o que registrou sintomas gripais nos \u00faltimos 50 dias e seus comunicantes tem resultado no aumento da quantidade de casos positivos da doen\u00e7a em Jundia\u00ed. O crescimento \u00e9 esperado, j\u00e1 que a a\u00e7\u00e3o reduz a subnotifica\u00e7\u00e3o e demonstra a real situa\u00e7\u00e3o do Novo Coronav\u00edrus no cen\u00e1rio [&hellip;]<\/p>\n","protected":false},"author":39,"featured_media":251100,"comment_status":"closed","ping_status":"closed","sticky":false,"template":"","format":"standard","meta":{"footnotes":""},"categories":[2],"tags":[1500],"ods":[],"class_list":["post-251325","post","type-post","status-publish","format-standard","has-post-thumbnail","hentry","category-noticias","tag-coronavirus"],"_links":{"self":[{"href":"https:\/\/jundiai.sp.gov.br\/noticias\/wp-json\/wp\/v2\/posts\/251325","targetHints":{"allow":["GET"]}}],"collection":[{"href":"https:\/\/jundiai.sp.gov.br\/noticias\/wp-json\/wp\/v2\/posts"}],"about":[{"href":"https:\/\/jundiai.sp.gov.br\/noticias\/wp-json\/wp\/v2\/types\/post"}],"author":[{"embeddable":true,"href":"https:\/\/jundiai.sp.gov.br\/noticias\/wp-json\/wp\/v2\/users\/39"}],"replies":[{"embeddable":true,"href":"https:\/\/jundiai.sp.gov.br\/noticias\/wp-json\/wp\/v2\/comments?post=251325"}],"version-history":[{"count":5,"href":"https:\/\/jundiai.sp.gov.br\/noticias\/wp-json\/wp\/v2\/posts\/251325\/revisions"}],"predecessor-version":[{"id":251337,"href":"https:\/\/jundiai.sp.gov.br\/noticias\/wp-json\/wp\/v2\/posts\/251325\/revisions\/251337"}],"wp:featuredmedia":[{"embeddable":true,"href":"https:\/\/jundiai.sp.gov.br\/noticias\/wp-json\/wp\/v2\/media\/251100"}],"wp:attachment":[{"href":"https:\/\/jundiai.sp.gov.br\/noticias\/wp-json\/wp\/v2\/media?parent=251325"}],"wp:term":[{"taxonomy":"category","embeddable":true,"href":"https:\/\/jundiai.sp.gov.br\/noticias\/wp-json\/wp\/v2\/categories?post=251325"},{"taxonomy":"post_tag","embeddable":true,"href":"https:\/\/jundiai.sp.gov.br\/noticias\/wp-json\/wp\/v2\/tags?post=251325"},{"taxonomy":"ods","embeddable":true,"href":"https:\/\/jundiai.sp.gov.br\/noticias\/wp-json\/wp\/v2\/ods?post=251325"}],"curies":[{"name":"wp","href":"https:\/\/api.w.org\/{rel}","templated":true}]}}