{"id":251342,"date":"2020-05-26T17:53:52","date_gmt":"2020-05-26T20:53:52","guid":{"rendered":"https:\/\/jundiai.sp.gov.br\/noticias\/?p=251342"},"modified":"2020-05-26T17:57:58","modified_gmt":"2020-05-26T20:57:58","slug":"inovando-dia-do-desafio-conta-com-participacao-de-jundiai","status":"publish","type":"post","link":"https:\/\/jundiai.sp.gov.br\/noticias\/2020\/05\/26\/inovando-dia-do-desafio-conta-com-participacao-de-jundiai\/","title":{"rendered":"Inovando, Dia do Desafio conta com participa\u00e7\u00e3o de Jundia\u00ed"},"content":{"rendered":"<p>A 26\u00aa edi\u00e7\u00e3o da maior campanha mundial de incentivo \u00e0 a pr\u00e1tica regular de atividades f\u00edsicas e esportivas em todas as fases da vida e para todos os p\u00fablicos ser\u00e1 realizada nesta quarta (27). Mesmo diferente devido \u00e0 pandemia, o evento ir\u00e1 ocorrer e contar\u00e1 com a participa\u00e7\u00e3o de Jundia\u00ed, que, desta vez, n\u00e3o ir\u00e1 competir com outra cidade.<\/p>\n<p>At\u00e9 2019, o Brasil e mais 13 pa\u00edses do continente americano participaram do Desafio Trienal, iniciado em 2018, no qual as duplas de cidades que foram sorteadas em 2018, al\u00e9m de disputarem entre si, somaram esfor\u00e7os para aumentar o n\u00famero de praticantes de atividades f\u00edsicas e esportes. Entretanto, tendo em vista o cen\u00e1rio global de pandemia do Covid-19, as respectivas medidas de distanciamento social e restri\u00e7\u00e3o de circula\u00e7\u00e3o da popula\u00e7\u00e3o, neste ano o evento ser\u00e1 realizado em um novo modelo, que incentiva a promo\u00e7\u00e3o de a\u00e7\u00f5es no ambiente digital, por meio das redes sociais.<\/p>\n<div id=\"attachment_251349\" style=\"width: 1034px\" class=\"wp-caption aligncenter\"><img loading=\"lazy\" decoding=\"async\" aria-describedby=\"caption-attachment-251349\" class=\"size-large wp-image-251349\" src=\"https:\/\/jundiai.sp.gov.br\/noticias\/wp-content\/uploads\/sites\/32\/2020\/05\/dia_do_desafio_prefeitura_sesc-689-1280x889.jpg\" alt=\"\" width=\"1024\" height=\"711\" srcset=\"https:\/\/jundiai.sp.gov.br\/noticias\/wp-content\/uploads\/sites\/32\/2020\/05\/dia_do_desafio_prefeitura_sesc-689-1280x889.jpg 1280w, https:\/\/jundiai.sp.gov.br\/noticias\/wp-content\/uploads\/sites\/32\/2020\/05\/dia_do_desafio_prefeitura_sesc-689-300x208.jpg 300w, https:\/\/jundiai.sp.gov.br\/noticias\/wp-content\/uploads\/sites\/32\/2020\/05\/dia_do_desafio_prefeitura_sesc-689-768x533.jpg 768w, https:\/\/jundiai.sp.gov.br\/noticias\/wp-content\/uploads\/sites\/32\/2020\/05\/dia_do_desafio_prefeitura_sesc-689.jpg 1323w\" sizes=\"auto, (max-width: 1024px) 100vw, 1024px\" \/><p id=\"caption-attachment-251349\" class=\"wp-caption-text\">Dia do Desafio em 2019: este ano, ideia \u00e9 que cidades, institui\u00e7\u00f5es e pessoas compartilhem em suas redes sociais desafios e experi\u00eancias relativos \u00e0 atividade f\u00edsica<\/p><\/div>\n<p>A ideia \u00e9 que, nesta quarta, cidades, institui\u00e7\u00f5es e pessoas compartilhem em suas redes sociais desafios, v\u00eddeos com pr\u00e1ticas de atividade f\u00edsica, bate-papos, relatos de experi\u00eancias e boas pr\u00e1ticas relacionadas a import\u00e2ncia da pratica de esportes e atividade f\u00edsica.<\/p>\n<p>Jundia\u00ed participa do <a href=\"https:\/\/www.facebook.com\/events\/696742684498039\/\" target=\"_blank\" rel=\"noopener noreferrer\">Dia do Desafio com um evento no Facebook &#8211; divulgado nas p\u00e1ginas da Prefeitura e do TIME Jundia\u00ed<\/a>. V\u00eddeos e fotos tamb\u00e9m podem ser publicados utilizando #DiaDoDesafio e #JuntosNoDiaDoDesafio<\/p>\n<p>Para o gestor de Esporte e Lazer, Luiz Trientini, a proposta \u00e9 excelente. \u201cO TIME Jundia\u00ed j\u00e1 vem atuando desta forma desde o in\u00edcio da pandemia, com a campanha \u2018Fique em casa, fique em movimento\u2019. Por meio das nossas redes sociais, incentivamos a atividade f\u00edsica e damos dicas para todas as idades, de crian\u00e7as a idosos\u201d, conta. \u201cManter-se em movimento \u00e9 importante at\u00e9 para o aspecto psicol\u00f3gico, durante esse per\u00edodo de isolamento social\u201d. No <a href=\"https:\/\/www.facebook.com\/esporteelazerjundiai\/\" target=\"_blank\" rel=\"noopener noreferrer\">Facebook, a p\u00e1gina pode ser conferida neste link<\/a>.<\/p>\n<p><strong><span style=\"font-family: 'Arial',sans-serif;\">Assessoria de Imprensa<\/span><\/strong><span style=\"font-family: 'Arial',sans-serif;\"><br \/>\n<strong>Fotos: Fot\u00f3grafos PMJ<\/strong><\/span><\/p>\n","protected":false},"excerpt":{"rendered":"<p>A 26\u00aa edi\u00e7\u00e3o da maior campanha mundial de incentivo \u00e0 a pr\u00e1tica regular de atividades f\u00edsicas e esportivas em todas as fases da vida e para todos os p\u00fablicos ser\u00e1 realizada nesta quarta (27). Mesmo diferente devido \u00e0 pandemia, o evento ir\u00e1 ocorrer e contar\u00e1 com a participa\u00e7\u00e3o de Jundia\u00ed, que, desta vez, n\u00e3o ir\u00e1 [&hellip;]<\/p>\n","protected":false},"author":45,"featured_media":0,"comment_status":"closed","ping_status":"closed","sticky":false,"template":"","format":"standard","meta":{"footnotes":""},"categories":[2],"tags":[1500,168],"ods":[],"class_list":["post-251342","post","type-post","status-publish","format-standard","hentry","category-noticias","tag-coronavirus","tag-dia-do-desafio"],"_links":{"self":[{"href":"https:\/\/jundiai.sp.gov.br\/noticias\/wp-json\/wp\/v2\/posts\/251342","targetHints":{"allow":["GET"]}}],"collection":[{"href":"https:\/\/jundiai.sp.gov.br\/noticias\/wp-json\/wp\/v2\/posts"}],"about":[{"href":"https:\/\/jundiai.sp.gov.br\/noticias\/wp-json\/wp\/v2\/types\/post"}],"author":[{"embeddable":true,"href":"https:\/\/jundiai.sp.gov.br\/noticias\/wp-json\/wp\/v2\/users\/45"}],"replies":[{"embeddable":true,"href":"https:\/\/jundiai.sp.gov.br\/noticias\/wp-json\/wp\/v2\/comments?post=251342"}],"version-history":[{"count":6,"href":"https:\/\/jundiai.sp.gov.br\/noticias\/wp-json\/wp\/v2\/posts\/251342\/revisions"}],"predecessor-version":[{"id":251354,"href":"https:\/\/jundiai.sp.gov.br\/noticias\/wp-json\/wp\/v2\/posts\/251342\/revisions\/251354"}],"wp:attachment":[{"href":"https:\/\/jundiai.sp.gov.br\/noticias\/wp-json\/wp\/v2\/media?parent=251342"}],"wp:term":[{"taxonomy":"category","embeddable":true,"href":"https:\/\/jundiai.sp.gov.br\/noticias\/wp-json\/wp\/v2\/categories?post=251342"},{"taxonomy":"post_tag","embeddable":true,"href":"https:\/\/jundiai.sp.gov.br\/noticias\/wp-json\/wp\/v2\/tags?post=251342"},{"taxonomy":"ods","embeddable":true,"href":"https:\/\/jundiai.sp.gov.br\/noticias\/wp-json\/wp\/v2\/ods?post=251342"}],"curies":[{"name":"wp","href":"https:\/\/api.w.org\/{rel}","templated":true}]}}