{"id":251576,"date":"2020-05-29T14:46:51","date_gmt":"2020-05-29T17:46:51","guid":{"rendered":"https:\/\/jundiai.sp.gov.br\/noticias\/?p=251576"},"modified":"2020-06-05T11:38:03","modified_gmt":"2020-06-05T14:38:03","slug":"musica-em-casa-traz-apresentacoes-diarias-e-ineditas-da-orquestra-municipal","status":"publish","type":"post","link":"https:\/\/jundiai.sp.gov.br\/noticias\/2020\/05\/29\/musica-em-casa-traz-apresentacoes-diarias-e-ineditas-da-orquestra-municipal\/","title":{"rendered":"\u201cM\u00fasica em Casa\u201d traz apresenta\u00e7\u00f5es di\u00e1rias e in\u00e9ditas da Orquestra Municipal"},"content":{"rendered":"<p>No ano em que completa dez anos desde a sua cria\u00e7\u00e3o, a Orquestra Municipal de Jundia\u00ed (OMJ) tem driblado o isolamento social para manter suas apresenta\u00e7\u00f5es ao p\u00fablico. Por meio de v\u00eddeos gravados em casa e dispon\u00edveis no <a href=\"https:\/\/cultura.jundiai.sp.gov.br\/fiqueemcasa-da-cultura\/corpos-artisticos-da-cultura\/orquestra-municipal-de-jundiai-omj-musica-em-casa\/\" target=\"_blank\" rel=\"noopener noreferrer\">site da Cultura<\/a> e na <a href=\"https:\/\/www.youtube.com\/watch?v=oMRbhJFlETY&amp;list=PLy-QfdXb97PnEfM-ZdEwnWEkP6yfL8DbU\" target=\"_blank\" rel=\"noopener noreferrer\">playlist #FiqueemCasaJundia\u00ed da Prefeitura<\/a>, de segunda a sexta-feira os m\u00fasicos da Orquestra compartilham suas apresenta\u00e7\u00f5es in\u00e9ditas pela s\u00e9rie \u201cM\u00fasica em Casa\u201d.<\/p>\n<p>As apresenta\u00e7\u00f5es individuais ou em grupos, respeitando o distanciamento, trazem os esfor\u00e7os do corpo art\u00edstico ligado \u00e0 Unidade de Gest\u00e3o de Cultura (UGC) e um repert\u00f3rio selecionado e diversificado. Nesta sexta-feira (29), por exemplo, <a href=\"https:\/\/www.youtube.com\/watch?v=S4soC3yUnfs\" target=\"_blank\" rel=\"noopener noreferrer\">Valdiner Rossi, no violino, e Valter Kakizaki, na viola, apresentam \u201cLibertango\u201d, do compositor argentino Astor Piazzolla<\/a>.<\/p>\n<p>O gestor da UGC, Marcelo Peroni, refor\u00e7a a import\u00e2ncia de levar, com seguran\u00e7a, conte\u00fados art\u00edsticos \u00e0 popula\u00e7\u00e3o. \u201cNosso trabalho neste per\u00edodo tem se preocupado em manter a seguran\u00e7a dos nossos artistas, em suas casas, mas produzindo conte\u00fado art\u00edstico de qualidade para os jundiaienses. Nesse sentido, surgiram diversas iniciativas e o reconhecimento do p\u00fablico e da imprensa, como a Folha de S.Paulo e a TV Gazeta\u201d.<\/p>\n<div id=\"attachment_251578\" style=\"width: 1034px\" class=\"wp-caption aligncenter\"><img loading=\"lazy\" decoding=\"async\" aria-describedby=\"caption-attachment-251578\" class=\"size-large wp-image-251578\" src=\"https:\/\/jundiai.sp.gov.br\/noticias\/wp-content\/uploads\/sites\/32\/2020\/05\/musica_em_casa_omj_1-1280x720.png\" alt=\"Mosaico de pessoas tocando instrumentos como viola, violino e violoncelo\" width=\"1024\" height=\"576\" srcset=\"https:\/\/jundiai.sp.gov.br\/noticias\/wp-content\/uploads\/sites\/32\/2020\/05\/musica_em_casa_omj_1-1280x720.png 1280w, https:\/\/jundiai.sp.gov.br\/noticias\/wp-content\/uploads\/sites\/32\/2020\/05\/musica_em_casa_omj_1-300x169.png 300w, https:\/\/jundiai.sp.gov.br\/noticias\/wp-content\/uploads\/sites\/32\/2020\/05\/musica_em_casa_omj_1-768x432.png 768w, https:\/\/jundiai.sp.gov.br\/noticias\/wp-content\/uploads\/sites\/32\/2020\/05\/musica_em_casa_omj_1.png 1366w\" sizes=\"auto, (max-width: 1024px) 100vw, 1024px\" \/><p id=\"caption-attachment-251578\" class=\"wp-caption-text\">Apresenta\u00e7\u00e3o da m\u00fasica &#8220;Fuga y Misterio\u201d, com a participa\u00e7\u00e3o de todos os m\u00fasicos da Orquestra<\/p><\/div>\n<p>A diretora art\u00edstica e regente da OMJ, Cl\u00e1udia Feres, explica que a \u201ctemporada virtual\u201d j\u00e1 conta com 50 conte\u00fados in\u00e9ditos j\u00e1 produzidos ou em fase de produ\u00e7\u00e3o. \u201cEste \u00e9 um momento em que precisamos de arte e cultura, e tivemos a feliz not\u00edcia, j\u00e1 no in\u00edcio do isolamento, que a Prefeitura iria manter nossos contratos. Entre os trabalhos j\u00e1 produzidos, podemos destacar alguns, as parcerias com os demais corpos art\u00edsticos da Prefeitura, um <a href=\"https:\/\/www.youtube.com\/watch?v=1aPqT7PJdcU\" target=\"_blank\" rel=\"noopener noreferrer\">especial em homenagem \u00e0s m\u00e3es<\/a> no in\u00edcio do m\u00eas, uma capacita\u00e7\u00e3o sobre orquestra para os professores da rede municipal e um v\u00eddeo em que todos os nossos m\u00fasicos, em isolamento, apresentam juntos <a href=\"https:\/\/www.youtube.com\/watch?v=jVF0qXptRlo&amp;feature=emb_title\" target=\"_blank\" rel=\"noopener noreferrer\">\u201cFuga y Misterio\u201d, tamb\u00e9m de Piazzolla<\/a>, que teria sido apresentado em nossa temporada presencial. Isso para citar alguns exemplos. A OMJ estar\u00e1 presente na vida da cidade, por enquanto, virtualmente, mas esperamos que possa voltar a s\u00ea-lo presencialmente em breve\u201d.<\/p>\n<p>Al\u00e9m dos conte\u00fados in\u00e9ditos, \u00e0s quintas-feiras, a OMJ prop\u00f5e ainda um <a href=\"https:\/\/cultura.jundiai.sp.gov.br\/fiqueemcasa-da-cultura\/corpos-artisticos-da-cultura\/concertos-da-orquestra-municipal-de-jundiai-omj-tbt10anos\/\" target=\"_blank\" rel=\"noopener noreferrer\">#tbt10anos<\/a>, com trechos de apresenta\u00e7\u00f5es realizadas em seus dez anos de exist\u00eancia. Esse conte\u00fado tamb\u00e9m se encontra dispon\u00edvel no site da Cultura e na playlist #FiqueemCasaJundia\u00ed da Prefeitura, assim como outros conte\u00fados, como o concerto <a href=\"https:\/\/www.youtube.com\/watch?v=SuGyUTbvSCM\" target=\"_blank\" rel=\"noopener noreferrer\">\u201cCl\u00e1ssicos em Movimento: 108 anos do Teatro Polytheama\u201d, realizado em dezembro do ano passado<\/a>.<\/p>\n<div id=\"attachment_251580\" style=\"width: 1034px\" class=\"wp-caption aligncenter\"><img loading=\"lazy\" decoding=\"async\" aria-describedby=\"caption-attachment-251580\" class=\"size-large wp-image-251580\" src=\"https:\/\/jundiai.sp.gov.br\/noticias\/wp-content\/uploads\/sites\/32\/2020\/05\/classicos_em_movimento-1280x854.jpg\" alt=\"Palco de teatro no escuro, com m\u00fasicos de orquestra se apresentando, enquanto atores sob feixe de luz reproduzem imagem projetada sobre a parede de fundo\" width=\"1024\" height=\"683\" srcset=\"https:\/\/jundiai.sp.gov.br\/noticias\/wp-content\/uploads\/sites\/32\/2020\/05\/classicos_em_movimento-1280x854.jpg 1280w, https:\/\/jundiai.sp.gov.br\/noticias\/wp-content\/uploads\/sites\/32\/2020\/05\/classicos_em_movimento-300x200.jpg 300w, https:\/\/jundiai.sp.gov.br\/noticias\/wp-content\/uploads\/sites\/32\/2020\/05\/classicos_em_movimento-768x513.jpg 768w, https:\/\/jundiai.sp.gov.br\/noticias\/wp-content\/uploads\/sites\/32\/2020\/05\/classicos_em_movimento-450x300.jpg 450w, https:\/\/jundiai.sp.gov.br\/noticias\/wp-content\/uploads\/sites\/32\/2020\/05\/classicos_em_movimento.jpg 2048w\" sizes=\"auto, (max-width: 1024px) 100vw, 1024px\" \/><p id=\"caption-attachment-251580\" class=\"wp-caption-text\">Espet\u00e1culos dos corpos art\u00edsticos, como &#8220;Cl\u00e1ssicos em Movimento&#8221;, apresentado no Polytheama em dezembro do ano passado, tamb\u00e9m fazem parte dos conte\u00fados dispon\u00edveis<\/p><\/div>\n<p><strong>Mais corpos art\u00edsticos<\/strong><br \/>\nAl\u00e9m de espet\u00e1culos e apresenta\u00e7\u00f5es j\u00e1 realizadas, os outros corpos art\u00edsticos ligados \u00e0 UGC tamb\u00e9m t\u00eam produzido conte\u00fados exclusivos e online para a popula\u00e7\u00e3o. A Cia. Jovem de Dan\u00e7a tem realizado pr\u00e1ticas di\u00e1rias com seus bailarinos, com transmiss\u00f5es ao vivo, participa\u00e7\u00e3o gratuita e parceria com outras companhias de dan\u00e7a do pa\u00eds.<\/p>\n<p>J\u00e1 a Companhia de Teatro de Jundia\u00ed publica diariamente, sempre \u00e0s 18h24, um v\u00eddeo da <a href=\"https:\/\/cultura.jundiai.sp.gov.br\/fiqueemcasa-da-cultura\/corpos-artisticos-da-cultura\/quarentena-de-historias-com-a-cia-de-teatro-de-jundiai\/\" target=\"_blank\" rel=\"noopener noreferrer\">Quarentena de hist\u00f3rias<\/a>, com a conta\u00e7\u00e3o de hist\u00f3rias por seus atores de segunda a quinta-feira e a participa\u00e7\u00e3o de um convidado especial \u00e0s sextas-feiras.<\/p>\n<p>O Coral Infantojuvenil Cidade das Crian\u00e7as (idades entre oito e onze anos) e o Coral Municipal de Jundia\u00ed (adultos) t\u00eam realizado ensaios pela internet. As <a href=\"https:\/\/jundiai.sp.gov.br\/noticias\/2020\/05\/13\/inscricoes-para-os-corais-municipais-seguem-abertas-com-audicao-e-ensaios-online\/\">inscri\u00e7\u00f5es gratuitas<\/a> para ambos tamb\u00e9m seguem abertas, com participa\u00e7\u00e3o volunt\u00e1ria, e audi\u00e7\u00f5es online, em datas informadas ap\u00f3s a confirma\u00e7\u00e3o das inscri\u00e7\u00f5es.<\/p>\n<p>As aulas do programa de Oficinas Culturais tamb\u00e9m ficam dispon\u00edveis no <a href=\"https:\/\/cultura.jundiai.sp.gov.br\/fiqueemcasa-da-cultura\/oficinas-culturais\/\" target=\"_blank\" rel=\"noopener noreferrer\">site da Cultura<\/a>, para os alunos inscritos e outros interessados.<\/p>\n<p><strong>Assessoria de Imprensa<br \/>\nFotos: Fot\u00f3grafos PMJ<\/strong><\/p>\n","protected":false},"excerpt":{"rendered":"<p>Durante o per\u00edodo de isolamento social, corpos art\u00edsticos municipais prop\u00f5em pela internet conte\u00fados in\u00e9ditos e j\u00e1 apresentados para a popula\u00e7\u00e3o<\/p>\n","protected":false},"author":14,"featured_media":251578,"comment_status":"closed","ping_status":"closed","sticky":false,"template":"","format":"standard","meta":{"footnotes":""},"categories":[2],"tags":[1130,812,1246,275,29,307,98],"ods":[],"class_list":["post-251576","post","type-post","status-publish","format-standard","has-post-thumbnail","hentry","category-noticias","tag-cia-jovem-de-danca","tag-companhia-de-teatro-de-jundiai","tag-coral-infantojuvenil-cidade-das-criancas","tag-coral-municipal-de-jundiai","tag-cultura","tag-orquestra-municipal-de-jundiai","tag-teatro-polytheama"],"_links":{"self":[{"href":"https:\/\/jundiai.sp.gov.br\/noticias\/wp-json\/wp\/v2\/posts\/251576","targetHints":{"allow":["GET"]}}],"collection":[{"href":"https:\/\/jundiai.sp.gov.br\/noticias\/wp-json\/wp\/v2\/posts"}],"about":[{"href":"https:\/\/jundiai.sp.gov.br\/noticias\/wp-json\/wp\/v2\/types\/post"}],"author":[{"embeddable":true,"href":"https:\/\/jundiai.sp.gov.br\/noticias\/wp-json\/wp\/v2\/users\/14"}],"replies":[{"embeddable":true,"href":"https:\/\/jundiai.sp.gov.br\/noticias\/wp-json\/wp\/v2\/comments?post=251576"}],"version-history":[{"count":4,"href":"https:\/\/jundiai.sp.gov.br\/noticias\/wp-json\/wp\/v2\/posts\/251576\/revisions"}],"predecessor-version":[{"id":251903,"href":"https:\/\/jundiai.sp.gov.br\/noticias\/wp-json\/wp\/v2\/posts\/251576\/revisions\/251903"}],"wp:featuredmedia":[{"embeddable":true,"href":"https:\/\/jundiai.sp.gov.br\/noticias\/wp-json\/wp\/v2\/media\/251578"}],"wp:attachment":[{"href":"https:\/\/jundiai.sp.gov.br\/noticias\/wp-json\/wp\/v2\/media?parent=251576"}],"wp:term":[{"taxonomy":"category","embeddable":true,"href":"https:\/\/jundiai.sp.gov.br\/noticias\/wp-json\/wp\/v2\/categories?post=251576"},{"taxonomy":"post_tag","embeddable":true,"href":"https:\/\/jundiai.sp.gov.br\/noticias\/wp-json\/wp\/v2\/tags?post=251576"},{"taxonomy":"ods","embeddable":true,"href":"https:\/\/jundiai.sp.gov.br\/noticias\/wp-json\/wp\/v2\/ods?post=251576"}],"curies":[{"name":"wp","href":"https:\/\/api.w.org\/{rel}","templated":true}]}}