{"id":251649,"date":"2020-06-01T15:04:50","date_gmt":"2020-06-01T18:04:50","guid":{"rendered":"https:\/\/jundiai.sp.gov.br\/noticias\/?p=251649"},"modified":"2020-06-01T17:48:05","modified_gmt":"2020-06-01T20:48:05","slug":"sesao-sera-posto-de-testes-covid-19-agendados-pelo-disque-156-coronavirus","status":"publish","type":"post","link":"https:\/\/jundiai.sp.gov.br\/noticias\/2020\/06\/01\/sesao-sera-posto-de-testes-covid-19-agendados-pelo-disque-156-coronavirus\/","title":{"rendered":"Ses\u00e3o ser\u00e1 posto de testes COVID-19 agendados pelo Disque 156 Coronav\u00edrus"},"content":{"rendered":"<p>Facilitar o acesso e agilizar o atendimento da popula\u00e7\u00e3o que teve sintomas gripais e seus comunicantes familiares tamb\u00e9m est\u00e3o entre as a\u00e7\u00f5es do Comit\u00ea de Enfrentamento ao Coronav\u00edrus (CEC), da Prefeitura de Jundia\u00ed. Desta forma, a partir de parceria com o Servi\u00e7o Social da Ind\u00fastria (Sesi), os testes r\u00e1pidos de COVID-19 agendados pelo Disque 156 Coronav\u00edrus para a regi\u00e3o Central passam a ser realizados na unidade Sesi \u00c9lcio Guerazzi, o Ses\u00e3o, a partir de quarta-feira (3).<\/p>\n<p>&#8220;Formalizamos uma parceria com a equipe da Federa\u00e7\u00e3o das Ind\u00fastrias do Estado de S\u00e3o Paulo (Fiesp), a partir de conversa com o presidente Paulo Skaf e, viabilizamos um espa\u00e7o amplo para o atendimento da popula\u00e7\u00e3o para a realiza\u00e7\u00e3o do teste na unidade Ses\u00e3o, muito pr\u00f3xima da Unidade B\u00e1sica de Sa\u00fade (UBS) Central. A testagem \u00e9 fundamental para mapear o avan\u00e7o da doen\u00e7a na cidade&#8221;, argumenta o prefeito Luiz Fernando Machado, lembrando que Jundia\u00ed testar\u00e1 5,2% da popula\u00e7\u00e3o entre testes r\u00e1pidos para sintom\u00e1ticos, comunicantes familiares, p\u00fablicos determinados (profissionais da Sa\u00fade p\u00fablica, for\u00e7as de seguran\u00e7a, motoristas e cobradores do transporte p\u00fablico), idosos em institui\u00e7\u00f5es de longa perman\u00eancia al\u00e9m dos assintom\u00e1ticos, a partir do Inqu\u00e9rito Epidemiol\u00f3gico realizado.<\/p>\n<p>A testagem na unidade Ses\u00e3o (avenida Uni\u00e3o dos Ferrovi\u00e1rios, em frente ao Tauste), inicialmente, mant\u00e9m o mesmo fluxo de atendimento realizado na UBS Central, com cerca de 40 agendamentos por dia, servi\u00e7o l\u00edder em solicita\u00e7\u00f5es de hor\u00e1rio para o teste r\u00e1pido. &#8220;Jundia\u00ed oferece a testagem r\u00e1pida para COVID-19 nas Unidades Sentinelas (UBs) e tamb\u00e9m em v\u00e1rias UBSs, tudo pensado para facilitar o acesso da popula\u00e7\u00e3o. A confirma\u00e7\u00e3o ou descarte do contato com o v\u00edrus Sars-CoV-2 mapeia o avan\u00e7o da doen\u00e7a e indica quais os locais \u00e9 necess\u00e1rio intervir com a\u00e7\u00f5es pontuais&#8221;, explica o gestor da Unidade de Gest\u00e3o de Promo\u00e7\u00e3o da Sa\u00fade (UGPS), Tiago Texera.<\/p>\n<p><img loading=\"lazy\" decoding=\"async\" class=\"aligncenter size-large wp-image-250478\" src=\"https:\/\/jundiai.sp.gov.br\/noticias\/wp-content\/uploads\/sites\/32\/2020\/05\/unidade_sentinela_anhangabau_teste_coronavirus-70-1280x854.jpg\" alt=\"\" width=\"1024\" height=\"683\" srcset=\"https:\/\/jundiai.sp.gov.br\/noticias\/wp-content\/uploads\/sites\/32\/2020\/05\/unidade_sentinela_anhangabau_teste_coronavirus-70-1280x854.jpg 1280w, https:\/\/jundiai.sp.gov.br\/noticias\/wp-content\/uploads\/sites\/32\/2020\/05\/unidade_sentinela_anhangabau_teste_coronavirus-70-300x200.jpg 300w, https:\/\/jundiai.sp.gov.br\/noticias\/wp-content\/uploads\/sites\/32\/2020\/05\/unidade_sentinela_anhangabau_teste_coronavirus-70-768x513.jpg 768w, https:\/\/jundiai.sp.gov.br\/noticias\/wp-content\/uploads\/sites\/32\/2020\/05\/unidade_sentinela_anhangabau_teste_coronavirus-70-450x300.jpg 450w, https:\/\/jundiai.sp.gov.br\/noticias\/wp-content\/uploads\/sites\/32\/2020\/05\/unidade_sentinela_anhangabau_teste_coronavirus-70.jpg 1323w\" sizes=\"auto, (max-width: 1024px) 100vw, 1024px\" \/><\/p>\n<p><strong>Em n\u00fameros<\/strong><br \/>\nDesde o in\u00edcio da disponibiliza\u00e7\u00e3o do teste r\u00e1pido para COVID-19 em Jundia\u00ed, em meados de abril, at\u00e9 as 10h desta segunda-feira (1), j\u00e1 foram realizados 5.496 testes r\u00e1pidos COVID-19, sendo 542 positivos (9,86%). Ao todo foram agendados 8.082. &#8220;A testagem ampla garante o mapeamento do avan\u00e7o da doen\u00e7a na cidade e reduz a subnotifica\u00e7\u00e3o, permitindo que a cidade conte com informa\u00e7\u00f5es precisas e em tempo real sobre a COVID-19 no territ\u00f3rio&#8221;, detalha o gestor.<\/p>\n<p>As pessoas que tiveram ou que est\u00e3o com sintomas gripais (febre associada a tosse ou coriza) podem realizar o agendamento pelo Disque 156 Coronav\u00edrus, op\u00e7\u00e3o 0. O agendamento ser\u00e1 feito conforme a data de in\u00edcio de sintomas, lembrando que para a acur\u00e1cia acima de 90% do teste r\u00e1pido oferecido, \u00e9 necess\u00e1rio que a pessoa esteja com mais de 8 dias de in\u00edcio dos sintomas. Para evitar o deslocamento durante o per\u00edodo de transmiss\u00e3o do v\u00edrus, o protocolo definido \u00e9 a testagem a partir do 15\u00ba dia ap\u00f3s o in\u00edcio dos sintomas.<\/p>\n<p><strong>Assessoria de Imprensa<br \/>\nFotos: Fot\u00f3grafos PMJ<\/strong><\/p>\n","protected":false},"excerpt":{"rendered":"<p>Facilitar o acesso e agilizar o atendimento da popula\u00e7\u00e3o que teve sintomas gripais e seus comunicantes familiares tamb\u00e9m est\u00e3o entre as a\u00e7\u00f5es do Comit\u00ea de Enfrentamento ao Coronav\u00edrus (CEC), da Prefeitura de Jundia\u00ed. Desta forma, a partir de parceria com o Servi\u00e7o Social da Ind\u00fastria (Sesi), os testes r\u00e1pidos de COVID-19 agendados pelo Disque 156 [&hellip;]<\/p>\n","protected":false},"author":39,"featured_media":250067,"comment_status":"closed","ping_status":"closed","sticky":false,"template":"","format":"standard","meta":{"footnotes":""},"categories":[2],"tags":[1500,1176],"ods":[],"class_list":["post-251649","post","type-post","status-publish","format-standard","has-post-thumbnail","hentry","category-noticias","tag-coronavirus","tag-prefeito-luiz-fernando-machado"],"_links":{"self":[{"href":"https:\/\/jundiai.sp.gov.br\/noticias\/wp-json\/wp\/v2\/posts\/251649","targetHints":{"allow":["GET"]}}],"collection":[{"href":"https:\/\/jundiai.sp.gov.br\/noticias\/wp-json\/wp\/v2\/posts"}],"about":[{"href":"https:\/\/jundiai.sp.gov.br\/noticias\/wp-json\/wp\/v2\/types\/post"}],"author":[{"embeddable":true,"href":"https:\/\/jundiai.sp.gov.br\/noticias\/wp-json\/wp\/v2\/users\/39"}],"replies":[{"embeddable":true,"href":"https:\/\/jundiai.sp.gov.br\/noticias\/wp-json\/wp\/v2\/comments?post=251649"}],"version-history":[{"count":10,"href":"https:\/\/jundiai.sp.gov.br\/noticias\/wp-json\/wp\/v2\/posts\/251649\/revisions"}],"predecessor-version":[{"id":251695,"href":"https:\/\/jundiai.sp.gov.br\/noticias\/wp-json\/wp\/v2\/posts\/251649\/revisions\/251695"}],"wp:featuredmedia":[{"embeddable":true,"href":"https:\/\/jundiai.sp.gov.br\/noticias\/wp-json\/wp\/v2\/media\/250067"}],"wp:attachment":[{"href":"https:\/\/jundiai.sp.gov.br\/noticias\/wp-json\/wp\/v2\/media?parent=251649"}],"wp:term":[{"taxonomy":"category","embeddable":true,"href":"https:\/\/jundiai.sp.gov.br\/noticias\/wp-json\/wp\/v2\/categories?post=251649"},{"taxonomy":"post_tag","embeddable":true,"href":"https:\/\/jundiai.sp.gov.br\/noticias\/wp-json\/wp\/v2\/tags?post=251649"},{"taxonomy":"ods","embeddable":true,"href":"https:\/\/jundiai.sp.gov.br\/noticias\/wp-json\/wp\/v2\/ods?post=251649"}],"curies":[{"name":"wp","href":"https:\/\/api.w.org\/{rel}","templated":true}]}}