{"id":251707,"date":"2020-06-02T09:47:25","date_gmt":"2020-06-02T12:47:25","guid":{"rendered":"https:\/\/jundiai.sp.gov.br\/noticias\/?p=251707"},"modified":"2020-06-02T09:49:18","modified_gmt":"2020-06-02T12:49:18","slug":"dae-realiza-manutencao-preventiva-em-adutora-na-avenida-osmundo-dos-santos-pelegrini-nesta-quarta-feira-3","status":"publish","type":"post","link":"https:\/\/jundiai.sp.gov.br\/noticias\/2020\/06\/02\/dae-realiza-manutencao-preventiva-em-adutora-na-avenida-osmundo-dos-santos-pelegrini-nesta-quarta-feira-3\/","title":{"rendered":"DAE realiza manuten\u00e7\u00e3o preventiva em adutora na avenida Osmundo dos Santos Pelegrini, nesta quarta-feira (3)"},"content":{"rendered":"<p>A DAE Jundia\u00ed informa que, nesta quarta-feira (3), ser\u00e1 realizada a substitui\u00e7\u00e3o de uma v\u00e1lvula em uma adutora de 450 mm de di\u00e2metro, localizada na avenida Osmundo dos Santos Pelegrini, pr\u00f3ximo ao Cemit\u00e9rio Parque dos Ip\u00eas. Em fun\u00e7\u00e3o do servi\u00e7o, o abastecimento ser\u00e1 afetado a partir das 7 horas, em bairros da cidade.<\/p>\n<div id=\"attachment_248979\" style=\"width: 1034px\" class=\"wp-caption aligncenter\"><img loading=\"lazy\" decoding=\"async\" aria-describedby=\"caption-attachment-248979\" class=\"wp-image-248979 size-large\" src=\"https:\/\/jundiai.sp.gov.br\/noticias\/wp-content\/uploads\/sites\/32\/2020\/04\/torneira-1280x853.jpg\" alt=\" A previs\u00e3o \u00e9 de que o sistema seja normalizado a partir das 18 horas.\" width=\"1024\" height=\"682\" srcset=\"https:\/\/jundiai.sp.gov.br\/noticias\/wp-content\/uploads\/sites\/32\/2020\/04\/torneira-1280x853.jpg 1280w, https:\/\/jundiai.sp.gov.br\/noticias\/wp-content\/uploads\/sites\/32\/2020\/04\/torneira-300x200.jpg 300w, https:\/\/jundiai.sp.gov.br\/noticias\/wp-content\/uploads\/sites\/32\/2020\/04\/torneira-768x512.jpg 768w, https:\/\/jundiai.sp.gov.br\/noticias\/wp-content\/uploads\/sites\/32\/2020\/04\/torneira-450x300.jpg 450w\" sizes=\"auto, (max-width: 1024px) 100vw, 1024px\" \/><p id=\"caption-attachment-248979\" class=\"wp-caption-text\">O fornecimento de \u00e1gua ser\u00e1 paralisado no Jardim Samambaia, Quinta das Videiras, Condom\u00ednio Vilas de Jundia\u00ed, Jardim Am\u00e9rica, Horto Santo Ant\u00f4nio, Vila Alvorada, Recanto IV Centen\u00e1rio, Jardim Planalto, Parque Bras\u00edlia, Vila Esp\u00e9ria, Vila Hortol\u00e2ndia, Vila Vioto, Torres de S\u00e3o Jos\u00e9, Vila Marlene, Cecap, Engordadouro, Parque Centen\u00e1rio, Corrupira, Rio Acima e adjac\u00eancias.<\/p><\/div>\n<p>O fornecimento de \u00e1gua ser\u00e1 paralisado no Jardim Samambaia, Quinta das Videiras, Condom\u00ednio Vilas de Jundia\u00ed, Jardim Am\u00e9rica, Horto Santo Ant\u00f4nio, Vila Alvorada, Recanto IV Centen\u00e1rio, Jardim Planalto, Parque Bras\u00edlia, Vila Esp\u00e9ria, Vila Hortol\u00e2ndia, Vila Vioto, Torres de S\u00e3o Jos\u00e9, Vila Marlene, Cecap, Engordadouro, Parque Centen\u00e1rio, Corrupira, Rio Acima e adjac\u00eancias. A previs\u00e3o \u00e9 de que o sistema seja normalizado a partir das 18 horas.<\/p>\n<p>Segundo recomenda\u00e7\u00f5es da Associa\u00e7\u00e3o Brasileira de Normas T\u00e9cnicas, \u00e9 importante que toda constru\u00e7\u00e3o mantenha uma reserva m\u00ednima de 250 litros de \u00e1gua por morador, por dia, para evitar transtornos no abastecimento durante interrup\u00e7\u00f5es no fornecimento.<\/p>\n<p>Em caso de d\u00favida, os mun\u00edcipes podem entrar em contato com a DAE pela Central de Relacionamento, pelo telefone 0800 133 155. A liga\u00e7\u00e3o \u00e9 gratuita e o atendimento 24 horas.<\/p>\n<p><strong>Assessoria de Comunica\u00e7\u00e3o &#8211; DAE Jundia\u00ed<\/strong><\/p>\n<p>Foto: Divulga\u00e7\u00e3o<\/p>\n","protected":false},"excerpt":{"rendered":"<p>A DAE Jundia\u00ed informa que, nesta quarta-feira (3), ser\u00e1 realizada a substitui\u00e7\u00e3o de uma v\u00e1lvula em uma adutora de 450 mm de di\u00e2metro, localizada na avenida Osmundo dos Santos Pelegrini, pr\u00f3ximo ao Cemit\u00e9rio Parque dos Ip\u00eas. Em fun\u00e7\u00e3o do servi\u00e7o, o abastecimento ser\u00e1 afetado a partir das 7 horas, em bairros da cidade. O fornecimento [&hellip;]<\/p>\n","protected":false},"author":51,"featured_media":248979,"comment_status":"closed","ping_status":"closed","sticky":false,"template":"","format":"standard","meta":{"footnotes":""},"categories":[2],"tags":[66],"ods":[],"class_list":["post-251707","post","type-post","status-publish","format-standard","has-post-thumbnail","hentry","category-noticias","tag-dae"],"_links":{"self":[{"href":"https:\/\/jundiai.sp.gov.br\/noticias\/wp-json\/wp\/v2\/posts\/251707","targetHints":{"allow":["GET"]}}],"collection":[{"href":"https:\/\/jundiai.sp.gov.br\/noticias\/wp-json\/wp\/v2\/posts"}],"about":[{"href":"https:\/\/jundiai.sp.gov.br\/noticias\/wp-json\/wp\/v2\/types\/post"}],"author":[{"embeddable":true,"href":"https:\/\/jundiai.sp.gov.br\/noticias\/wp-json\/wp\/v2\/users\/51"}],"replies":[{"embeddable":true,"href":"https:\/\/jundiai.sp.gov.br\/noticias\/wp-json\/wp\/v2\/comments?post=251707"}],"version-history":[{"count":2,"href":"https:\/\/jundiai.sp.gov.br\/noticias\/wp-json\/wp\/v2\/posts\/251707\/revisions"}],"predecessor-version":[{"id":251709,"href":"https:\/\/jundiai.sp.gov.br\/noticias\/wp-json\/wp\/v2\/posts\/251707\/revisions\/251709"}],"wp:featuredmedia":[{"embeddable":true,"href":"https:\/\/jundiai.sp.gov.br\/noticias\/wp-json\/wp\/v2\/media\/248979"}],"wp:attachment":[{"href":"https:\/\/jundiai.sp.gov.br\/noticias\/wp-json\/wp\/v2\/media?parent=251707"}],"wp:term":[{"taxonomy":"category","embeddable":true,"href":"https:\/\/jundiai.sp.gov.br\/noticias\/wp-json\/wp\/v2\/categories?post=251707"},{"taxonomy":"post_tag","embeddable":true,"href":"https:\/\/jundiai.sp.gov.br\/noticias\/wp-json\/wp\/v2\/tags?post=251707"},{"taxonomy":"ods","embeddable":true,"href":"https:\/\/jundiai.sp.gov.br\/noticias\/wp-json\/wp\/v2\/ods?post=251707"}],"curies":[{"name":"wp","href":"https:\/\/api.w.org\/{rel}","templated":true}]}}