{"id":252028,"date":"2020-06-08T12:52:54","date_gmt":"2020-06-08T15:52:54","guid":{"rendered":"https:\/\/jundiai.sp.gov.br\/noticias\/?p=252028"},"modified":"2020-06-08T13:01:10","modified_gmt":"2020-06-08T16:01:10","slug":"horiba-doa-alimentos-nao-pereciveis-para-o-fundo-social","status":"publish","type":"post","link":"https:\/\/jundiai.sp.gov.br\/noticias\/2020\/06\/08\/horiba-doa-alimentos-nao-pereciveis-para-o-fundo-social\/","title":{"rendered":"Horiba doa alimentos n\u00e3o perec\u00edveis para o Fundo Social"},"content":{"rendered":"<p>O Fundo Social de Solidariedade de Jundia\u00ed (Funss) recebeu, da <span style=\"font-weight: 400;\">Horiba Instruments Brasil, a doa\u00e7\u00e3o de cestas b\u00e1sicas. A entrega foi feita, diretamente, \u00e0<\/span><span style=\"font-weight: 400;\"> primeira-dama e presidente do Funss, Vanessa Machado, acompanhada do gestor da Unidade de Gest\u00e3o da Casa Civil (UGCC), Gustavo Maryssael, durante visita realizada na empresa.<\/span><\/p>\n<p><span style=\"font-weight: 400;\">\u201cEsta a\u00e7\u00e3o do Fundo Social j\u00e1 era realizada, durante o ano inteiro. No entanto, neste momento t\u00e3o dif\u00edcil pelo qual vivemos, a iniciativa se tornou ainda mais importante porque d\u00e1 suporte \u00e0s demais medidas adotadas pela Prefeitura de Jundia\u00ed no combate ao Novo Coronav\u00edrus e seus impactos sociais e econ\u00f4micos. Deste modo, toda colabora\u00e7\u00e3o \u00e9 importante e faz diferen\u00e7a na vida de quem mais precisa\u201d, explicou Vanessa.<\/span><\/p>\n<p><span style=\"font-weight: 400;\">\u201cTodos os anos, somos ponto de coleta para a Campanha de Inverno, incentivando o social e facilitando o acesso das doa\u00e7\u00f5es dos nossos colaboradores. Em 2019, por meio do Funss, tamb\u00e9m participamos da Campanha Natal Solid\u00e1rio, beneficiando crian\u00e7as moradoras do entorno da empresa com brinquedos novos. Este esp\u00edrito faz parte da ess\u00eancia da empresa e, por isso, a Horiba preza pela parceria com o Poder P\u00fablico em diferentes iniciativas\u201d, explicou o diretor geral, Fernando Jorio.<\/span><\/p>\n<div id=\"attachment_252029\" style=\"width: 1034px\" class=\"wp-caption aligncenter\"><img loading=\"lazy\" decoding=\"async\" aria-describedby=\"caption-attachment-252029\" class=\"size-large wp-image-252029\" src=\"https:\/\/jundiai.sp.gov.br\/noticias\/wp-content\/uploads\/sites\/32\/2020\/06\/horiba_funss-3-1280x836.jpg\" alt=\"\" width=\"1024\" height=\"669\" srcset=\"https:\/\/jundiai.sp.gov.br\/noticias\/wp-content\/uploads\/sites\/32\/2020\/06\/horiba_funss-3-1280x836.jpg 1280w, https:\/\/jundiai.sp.gov.br\/noticias\/wp-content\/uploads\/sites\/32\/2020\/06\/horiba_funss-3-300x196.jpg 300w, https:\/\/jundiai.sp.gov.br\/noticias\/wp-content\/uploads\/sites\/32\/2020\/06\/horiba_funss-3-768x502.jpg 768w\" sizes=\"auto, (max-width: 1024px) 100vw, 1024px\" \/><p id=\"caption-attachment-252029\" class=\"wp-caption-text\">Fernando Jorio e Vanessa: empresa \u00e9 parceira nas a\u00e7\u00f5es do Fundo Social<\/p><\/div>\n<p><span style=\"font-weight: 400;\">Durante a visita, Vanessa conheceu as depend\u00eancias da empresa, que est\u00e1 presente em 28 pa\u00edses e conta com outras 49 unidades e 13 centros de pesquisa, empregando, aproximadamente, sete mil funcion\u00e1rios em todo o mundo. \u201cHoje, a Horiba possui produtos para diferentes segmentos especializados. Oferecemos solu\u00e7\u00f5es para as \u00e1reas m\u00e9dica e cient\u00edfica, bem como processos e meio ambiente\u201d, explicou Jorio.\u00a0<\/span><\/p>\n<p><span style=\"font-weight: 400;\">Atualmente, em fun\u00e7\u00e3o da pandemia, apenas 20% dos funcion\u00e1rios trabalham presencialmente. Os demais atuam em <\/span><i><span style=\"font-weight: 400;\">home office<\/span><\/i><span style=\"font-weight: 400;\">. \u201cNosso objetivo \u00e9 manter uma produ\u00e7\u00e3o respons\u00e1vel, cumprindo os regramentos sanit\u00e1rios de modo a oferecer total seguran\u00e7a aos nossos profissionais e, ainda, aos clientes que adquirem os produtos que s\u00e3o destinados ao mercado\u201d.<\/span><\/p>\n<p><span style=\"font-weight: 400;\">\u201cInstalamos um comit\u00ea de crise, dentro da empresa, que orienta, acompanha e, se necess\u00e1rio, encaminha os funcion\u00e1rios para o atendimento m\u00e9dico. Nossos colaboradores tamb\u00e9m receberam m\u00e1scaras e \u00e1lcool em gel. Al\u00e9m disso, a unidade, em Jundia\u00ed, conta com diversas sinaliza\u00e7\u00f5es verticais e horizontais para refor\u00e7ar a necessidade do distanciamento social em locais comuns, principalmente, o refeit\u00f3rio\u201d, explicou Ana Maria Souza, coordenadora de Recursos Humanos.<\/span><\/p>\n<p><b>Trabalho cont\u00ednuo<\/b><\/p>\n<p><span style=\"font-weight: 400;\">Depois de triadas,<\/span> <span style=\"font-weight: 400;\">parte das doa\u00e7\u00f5es entregues no Fundo Social \u00e9 repassada para as entidades com cadastro atualizado e tamb\u00e9m para a Unidade de Gest\u00e3o de Assist\u00eancia e Desenvolvimento Social (UGADS), respons\u00e1vel pela distribui\u00e7\u00e3o para as fam\u00edlias em vulnerabilidade por meio dos Centros de Refer\u00eancia de Assist\u00eancia Social (CRAS) e pelo abrigo emergencial montado para a popula\u00e7\u00e3o em situa\u00e7\u00e3o de rua no Complexo Esportivo Jardim \u00c2ngela.<\/span><\/p>\n<p><span style=\"font-weight: 400;\">Os interessados em colaborar podem doar <\/span><b>alimentos n\u00e3o perec\u00edveis<\/b><span style=\"font-weight: 400;\"> (arroz, feij\u00e3o, macarr\u00e3o, a\u00e7\u00facar, \u00f3leo, leite longa vida, leite em p\u00f3, sal, enlatados, molho de tomate e fub\u00e1), <\/span><b>\u00e1gua mineral; fraldas, roupas e toalhas de banho; produtos de limpeza e de higiene pessoal<\/b><span style=\"font-weight: 400;\"> (desinfetante, \u00e1gua sanit\u00e1ria, detergente, sab\u00e3o em p\u00f3, sab\u00e3o em pedra, \u00e1lcool, xampu, sabonete); <\/span><b>ra\u00e7\u00e3o para animais; e saco de lixo<\/b><span style=\"font-weight: 400;\">.<\/span><\/p>\n<p><span style=\"font-weight: 400;\">O Fundo Social fica dentro do Parque da Uva, com acesso pela avenida Dona Manoela Lacerda de Vergueiro, s\/n, port\u00e3o 03, bairro Anhangaba\u00fa. O funcionamento \u00e9 de segunda a sexta-feira, das 8h \u00e0s 17h. Informa\u00e7\u00f5es pelos telefones: (11) 4521-2762, 4521-2929 e 4521-6833.<\/span><\/p>\n<p>&nbsp;<\/p>\n<p><b>MAIS INFORMA\u00c7\u00d5ES: <a href=\"https:\/\/jundiai.sp.gov.br\/coronavirus\/\">jundiai.sp.gov.br\/coronavirus<\/a><\/b><\/p>\n<p>&nbsp;<\/p>\n<p><b><i>Assessoria de Imprensa<\/i><\/b><\/p>\n<p><b><i>Foto: Fot\u00f3grafo PMJ<\/i><\/b><\/p>\n","protected":false},"excerpt":{"rendered":"<p>O Fundo Social de Solidariedade de Jundia\u00ed (Funss) recebeu, da Horiba Instruments Brasil, a doa\u00e7\u00e3o de cestas b\u00e1sicas. A entrega foi feita, diretamente, \u00e0 primeira-dama e presidente do Funss, Vanessa Machado, acompanhada do gestor da Unidade de Gest\u00e3o da Casa Civil (UGCC), Gustavo Maryssael, durante visita realizada na empresa. \u201cEsta a\u00e7\u00e3o do Fundo Social j\u00e1 [&hellip;]<\/p>\n","protected":false},"author":49,"featured_media":252029,"comment_status":"closed","ping_status":"closed","sticky":false,"template":"","format":"standard","meta":{"footnotes":""},"categories":[2],"tags":[1025,1500,416],"ods":[],"class_list":["post-252028","post","type-post","status-publish","format-standard","has-post-thumbnail","hentry","category-noticias","tag-campanha-permanente-de-solidariedade","tag-coronavirus","tag-fundo-social-de-solidariedade-funss"],"_links":{"self":[{"href":"https:\/\/jundiai.sp.gov.br\/noticias\/wp-json\/wp\/v2\/posts\/252028","targetHints":{"allow":["GET"]}}],"collection":[{"href":"https:\/\/jundiai.sp.gov.br\/noticias\/wp-json\/wp\/v2\/posts"}],"about":[{"href":"https:\/\/jundiai.sp.gov.br\/noticias\/wp-json\/wp\/v2\/types\/post"}],"author":[{"embeddable":true,"href":"https:\/\/jundiai.sp.gov.br\/noticias\/wp-json\/wp\/v2\/users\/49"}],"replies":[{"embeddable":true,"href":"https:\/\/jundiai.sp.gov.br\/noticias\/wp-json\/wp\/v2\/comments?post=252028"}],"version-history":[{"count":5,"href":"https:\/\/jundiai.sp.gov.br\/noticias\/wp-json\/wp\/v2\/posts\/252028\/revisions"}],"predecessor-version":[{"id":252035,"href":"https:\/\/jundiai.sp.gov.br\/noticias\/wp-json\/wp\/v2\/posts\/252028\/revisions\/252035"}],"wp:featuredmedia":[{"embeddable":true,"href":"https:\/\/jundiai.sp.gov.br\/noticias\/wp-json\/wp\/v2\/media\/252029"}],"wp:attachment":[{"href":"https:\/\/jundiai.sp.gov.br\/noticias\/wp-json\/wp\/v2\/media?parent=252028"}],"wp:term":[{"taxonomy":"category","embeddable":true,"href":"https:\/\/jundiai.sp.gov.br\/noticias\/wp-json\/wp\/v2\/categories?post=252028"},{"taxonomy":"post_tag","embeddable":true,"href":"https:\/\/jundiai.sp.gov.br\/noticias\/wp-json\/wp\/v2\/tags?post=252028"},{"taxonomy":"ods","embeddable":true,"href":"https:\/\/jundiai.sp.gov.br\/noticias\/wp-json\/wp\/v2\/ods?post=252028"}],"curies":[{"name":"wp","href":"https:\/\/api.w.org\/{rel}","templated":true}]}}