{"id":252036,"date":"2020-06-09T15:29:18","date_gmt":"2020-06-09T18:29:18","guid":{"rendered":"https:\/\/jundiai.sp.gov.br\/noticias\/?p=252036"},"modified":"2020-06-10T10:41:05","modified_gmt":"2020-06-10T13:41:05","slug":"ambulatorio-de-saude-do-idoso-retoma-atendimento-no-criju","status":"publish","type":"post","link":"https:\/\/jundiai.sp.gov.br\/noticias\/2020\/06\/09\/ambulatorio-de-saude-do-idoso-retoma-atendimento-no-criju\/","title":{"rendered":"Ambulat\u00f3rio de Sa\u00fade do Idoso retoma atendimento no Criju"},"content":{"rendered":"<p>Com localiza\u00e7\u00e3o f\u00e1cil, estacionamento e acesso por transporte coletivo facilitado, o Ambulat\u00f3rio de Sa\u00fade do Idoso da Unidade de Gest\u00e3o de Promo\u00e7\u00e3o da Sa\u00fade (UGPS), da Prefeitura de Jundia\u00ed, volta a funcionar no Complexo Argos. O agendamento \u00e9 retomado com a amplia\u00e7\u00e3o de intervalo entre um paciente e outro, exatamente para evitar o cruzamento dos usu\u00e1rios, que formam o p\u00fablico mais vulner\u00e1vel \u00e0 pandemia do Novo Coronav\u00edrus.<\/p>\n<p>De acordo com o diretor do Departamento de Aten\u00e7\u00e3o Ambulatorial e Hospitalar, da UGPS, Pierre Lambert Oliveira, o espa\u00e7o teve de ser temporariamente alterado de local em virtude da necessidade de reforma do telhado do pr\u00e9dio. &#8220;Em dezembro, por conta de uma chuva forte, houve uma avaria no telhado, com necessidade interven\u00e7\u00e3o. Temporariamente o atendimento foi realizado no N\u00facleo Integrado de Sa\u00fade (NIS), retornando neste m\u00eas para o Complexo Argos&#8221;, comenta o diretor, lembrando que o espa\u00e7o \u00e9 cedido pela Unidade de Gest\u00e3o de Educa\u00e7\u00e3o (UGE) para o uso da Sa\u00fade.<\/p>\n<div id=\"attachment_252039\" style=\"width: 1034px\" class=\"wp-caption aligncenter\"><img loading=\"lazy\" decoding=\"async\" aria-describedby=\"caption-attachment-252039\" class=\"size-large wp-image-252039\" src=\"https:\/\/jundiai.sp.gov.br\/noticias\/wp-content\/uploads\/sites\/32\/2020\/06\/criju_ambulatorio_idosos-16-1280x833.jpg\" alt=\"\" width=\"1024\" height=\"666\" srcset=\"https:\/\/jundiai.sp.gov.br\/noticias\/wp-content\/uploads\/sites\/32\/2020\/06\/criju_ambulatorio_idosos-16-1280x833.jpg 1280w, https:\/\/jundiai.sp.gov.br\/noticias\/wp-content\/uploads\/sites\/32\/2020\/06\/criju_ambulatorio_idosos-16-300x195.jpg 300w, https:\/\/jundiai.sp.gov.br\/noticias\/wp-content\/uploads\/sites\/32\/2020\/06\/criju_ambulatorio_idosos-16-768x500.jpg 768w, https:\/\/jundiai.sp.gov.br\/noticias\/wp-content\/uploads\/sites\/32\/2020\/06\/criju_ambulatorio_idosos-16.jpg 1323w\" sizes=\"auto, (max-width: 1024px) 100vw, 1024px\" \/><p id=\"caption-attachment-252039\" class=\"wp-caption-text\">Ambulat\u00f3rio de Sa\u00fade do Idoso volta a funcionar no Complexo Argos<\/p><\/div>\n<p>Com o retorno ao espa\u00e7o e a retomada da oferta dos atendimentos com geriatras sendo feito de forma gradual, com intervalos ampliados para evitar aglomera\u00e7\u00e3o no servi\u00e7o, a popula\u00e7\u00e3o passa a contar com pr\u00e9dio totalmente acess\u00edvel, de f\u00e1cil acesso e com estacionamento. &#8220;A ambi\u00eancia foi renovada e o atendimento ganhou mais profissionais, que proporcionou a implanta\u00e7\u00e3o do acolhimento de enfermagem, que realiza o atendimento e entende as necessidades dos pacientes e familiares&#8221;, detalha o gerente do espa\u00e7o, comenta o gerente Leandro Ferreira dos Santos.<\/p>\n<p>O Ambulat\u00f3rio de Sa\u00fade do Idoso funciona de segunda a sexta-feira, das 8h \u00e0s 17h, para consultas agendadas e encaminhadas pelos demais equipamentos de Sa\u00fade da cidade. O espa\u00e7o est\u00e1 localizado na Avenida Dr Cavalcanti, 396, Centro.<\/p>\n<p><strong>Assessoria de Imprensa<br \/>\nFotos: Fot\u00f3grafos PMJ<\/strong><\/p>\n","protected":false},"excerpt":{"rendered":"<p>Com localiza\u00e7\u00e3o f\u00e1cil, estacionamento e acesso por transporte coletivo facilitado, o Ambulat\u00f3rio de Sa\u00fade do Idoso da Unidade de Gest\u00e3o de Promo\u00e7\u00e3o da Sa\u00fade (UGPS), da Prefeitura de Jundia\u00ed, volta a funcionar no Complexo Argos. O agendamento \u00e9 retomado com a amplia\u00e7\u00e3o de intervalo entre um paciente e outro, exatamente para evitar o cruzamento dos [&hellip;]<\/p>\n","protected":false},"author":39,"featured_media":252040,"comment_status":"closed","ping_status":"closed","sticky":false,"template":"","format":"standard","meta":{"footnotes":""},"categories":[2],"tags":[981],"ods":[],"class_list":["post-252036","post","type-post","status-publish","format-standard","has-post-thumbnail","hentry","category-noticias","tag-promocao-da-saude"],"_links":{"self":[{"href":"https:\/\/jundiai.sp.gov.br\/noticias\/wp-json\/wp\/v2\/posts\/252036","targetHints":{"allow":["GET"]}}],"collection":[{"href":"https:\/\/jundiai.sp.gov.br\/noticias\/wp-json\/wp\/v2\/posts"}],"about":[{"href":"https:\/\/jundiai.sp.gov.br\/noticias\/wp-json\/wp\/v2\/types\/post"}],"author":[{"embeddable":true,"href":"https:\/\/jundiai.sp.gov.br\/noticias\/wp-json\/wp\/v2\/users\/39"}],"replies":[{"embeddable":true,"href":"https:\/\/jundiai.sp.gov.br\/noticias\/wp-json\/wp\/v2\/comments?post=252036"}],"version-history":[{"count":9,"href":"https:\/\/jundiai.sp.gov.br\/noticias\/wp-json\/wp\/v2\/posts\/252036\/revisions"}],"predecessor-version":[{"id":252174,"href":"https:\/\/jundiai.sp.gov.br\/noticias\/wp-json\/wp\/v2\/posts\/252036\/revisions\/252174"}],"wp:featuredmedia":[{"embeddable":true,"href":"https:\/\/jundiai.sp.gov.br\/noticias\/wp-json\/wp\/v2\/media\/252040"}],"wp:attachment":[{"href":"https:\/\/jundiai.sp.gov.br\/noticias\/wp-json\/wp\/v2\/media?parent=252036"}],"wp:term":[{"taxonomy":"category","embeddable":true,"href":"https:\/\/jundiai.sp.gov.br\/noticias\/wp-json\/wp\/v2\/categories?post=252036"},{"taxonomy":"post_tag","embeddable":true,"href":"https:\/\/jundiai.sp.gov.br\/noticias\/wp-json\/wp\/v2\/tags?post=252036"},{"taxonomy":"ods","embeddable":true,"href":"https:\/\/jundiai.sp.gov.br\/noticias\/wp-json\/wp\/v2\/ods?post=252036"}],"curies":[{"name":"wp","href":"https:\/\/api.w.org\/{rel}","templated":true}]}}