{"id":252046,"date":"2020-06-08T18:19:18","date_gmt":"2020-06-08T21:19:18","guid":{"rendered":"https:\/\/jundiai.sp.gov.br\/noticias\/?p=252046"},"modified":"2020-06-08T18:19:18","modified_gmt":"2020-06-08T21:19:18","slug":"jundiai-amplia-leitos-publicos-em-uti-e-enfermaria-exclusivos-para-covid-19","status":"publish","type":"post","link":"https:\/\/jundiai.sp.gov.br\/noticias\/2020\/06\/08\/jundiai-amplia-leitos-publicos-em-uti-e-enfermaria-exclusivos-para-covid-19\/","title":{"rendered":"Jundia\u00ed amplia leitos p\u00fablicos em UTI e enfermaria exclusivos para COVID-19"},"content":{"rendered":"<p>O Comit\u00ea de Enfrentamento ao Coronav\u00edrus (CEC) da Prefeitura de Jundia\u00ed iniciou o planejamento para atendimento aos casos do Novo Coronav\u00edrus ainda no m\u00eas de fevereiro, com a reorganiza\u00e7\u00e3o dos fluxos dos servi\u00e7os, cria\u00e7\u00e3o de leitos exclusivos, al\u00e9m dos espa\u00e7os de atendimento pelas Unidades Sentinelas. Neste m\u00eas, para suprir a demanda e atendendo ao Plano de Enfrentamento e Contingenciamento \u00e0 COVID-19, o Hospital S\u00e3o Vicente criou 16 novos leitos de Unidade de Terapia Intensiva (UTI) exclusivas bem como outros 19 leitos de enfermaria espec\u00edficos para o atendimento aos pacientes com suspeita ou confirma\u00e7\u00e3o de COVID-19. <\/p>\n<p>Desde o in\u00edcio da pandemia, ainda em mar\u00e7o, o HSV contava apenas com 16 leitos para o atendimento exclusivo aos pacientes do Novo Coronav\u00edrus em UTI. Em 17 de mar\u00e7o, a partir de parceria firmada com o Hospital Regional, foi poss\u00edvel saltar para 69 leitos de UTI exclusivas e 48 leitos de enfermaria para o atendimento. Em maio houve a necessidade de amplia\u00e7\u00e3o dos leitos de enfermaria, passando para 63. Em junho, com a previs\u00e3o do in\u00edcio do pico das ocorr\u00eancias de casos de COVID-19, a estrutura para atendimento p\u00fablico saltou para 85 leitos de UTI e 82 leitos em enfermaria, ambos exclusivos para os casos do Novo Coronav\u00edrus. <\/p>\n<div id=\"attachment_252083\" style=\"width: 1034px\" class=\"wp-caption aligncenter\"><img loading=\"lazy\" decoding=\"async\" aria-describedby=\"caption-attachment-252083\" src=\"https:\/\/jundiai.sp.gov.br\/noticias\/wp-content\/uploads\/sites\/32\/2020\/06\/hospital-sao-vicente_c_-33-1280x853.jpg\" alt=\"\" width=\"1024\" height=\"682\" class=\"size-large wp-image-252083\" srcset=\"https:\/\/jundiai.sp.gov.br\/noticias\/wp-content\/uploads\/sites\/32\/2020\/06\/hospital-sao-vicente_c_-33-1280x853.jpg 1280w, https:\/\/jundiai.sp.gov.br\/noticias\/wp-content\/uploads\/sites\/32\/2020\/06\/hospital-sao-vicente_c_-33-300x200.jpg 300w, https:\/\/jundiai.sp.gov.br\/noticias\/wp-content\/uploads\/sites\/32\/2020\/06\/hospital-sao-vicente_c_-33-768x512.jpg 768w, https:\/\/jundiai.sp.gov.br\/noticias\/wp-content\/uploads\/sites\/32\/2020\/06\/hospital-sao-vicente_c_-33-450x300.jpg 450w, https:\/\/jundiai.sp.gov.br\/noticias\/wp-content\/uploads\/sites\/32\/2020\/06\/hospital-sao-vicente_c_-33.jpg 1323w\" sizes=\"auto, (max-width: 1024px) 100vw, 1024px\" \/><p id=\"caption-attachment-252083\" class=\"wp-caption-text\">Novos leitos exclusivos foram criados  no m\u00eas de junho para o atendimento exclusivo aos pacientes suspeitos ou confirmados do Novo Coronav\u00edrus<br \/><\/p><\/div>\n<p>&#8220;Jundia\u00ed conta com planejamento feito por t\u00e9cnicos especializados, que se baseiam no cen\u00e1rio epidemiol\u00f3gico di\u00e1rio para o acionamento dos recursos necess\u00e1rios para o melhor atendimento \u00e0 popula\u00e7\u00e3o. O HSV \u00e9 o hospital base e refer\u00eancia para o cuidado aos pacientes do sistema p\u00fablico da regi\u00e3o de Sa\u00fade de Jundia\u00ed. Por isso, a abertura de mais vagas tamb\u00e9m leva em considera\u00e7\u00e3o a necessidade dos mais de 800 mil habitantes das sete cidades. Jundia\u00ed ainda investiu em testagem, com a aquisi\u00e7\u00e3o de 10 mil testes r\u00e1pidos  &#8211; e a recep\u00e7\u00e3o de outros 10 mil do Minist\u00e9rio da Sa\u00fade &#8211; e outros 2 mil PCRs para identificar, isolar, bloquear e tratar os casos rapidamente&#8221;, detalha o prefeito Luiz Fernando Machado. <\/p>\n<p>Segundo o gestor da Unidade de Gest\u00e3o de Promo\u00e7\u00e3o da Sa\u00fade (UGPS), Tiago Texera, os investimentos realizados no setor, ao longo dos \u00faltimos anos, corroboraram para o bom desempenho da cidade no combate \u00e0 pandemia. &#8220;Os investimentos em novas Unidades B\u00e1sicas de Sa\u00fade, melhorias nas estruturas e mais servi\u00e7os de Urg\u00eancia e Emerg\u00eancia, possibilitaram adequar o atendimento com portas exclusivas para os pacientes com sintomas suspeitos de COVID-19. Todas as medidas foram tomadas de forma a evitar os contatos das pessoas suspeitas com quem busca por outros servi\u00e7os&#8221;, explica. <\/p>\n<p><strong>Assessoria de Imprensa<br \/>\nFotos: Fot\u00f3grafos PMJ<br \/>\n<\/strong><\/p>\n","protected":false},"excerpt":{"rendered":"<p>O Comit\u00ea de Enfrentamento ao Coronav\u00edrus (CEC) da Prefeitura de Jundia\u00ed iniciou o planejamento para atendimento aos casos do Novo Coronav\u00edrus ainda no m\u00eas de fevereiro, com a reorganiza\u00e7\u00e3o dos fluxos dos servi\u00e7os, cria\u00e7\u00e3o de leitos exclusivos, al\u00e9m dos espa\u00e7os de atendimento pelas Unidades Sentinelas. Neste m\u00eas, para suprir a demanda e atendendo ao Plano [&hellip;]<\/p>\n","protected":false},"author":39,"featured_media":252084,"comment_status":"closed","ping_status":"closed","sticky":false,"template":"","format":"standard","meta":{"footnotes":""},"categories":[2],"tags":[1500],"ods":[],"class_list":["post-252046","post","type-post","status-publish","format-standard","has-post-thumbnail","hentry","category-noticias","tag-coronavirus"],"_links":{"self":[{"href":"https:\/\/jundiai.sp.gov.br\/noticias\/wp-json\/wp\/v2\/posts\/252046","targetHints":{"allow":["GET"]}}],"collection":[{"href":"https:\/\/jundiai.sp.gov.br\/noticias\/wp-json\/wp\/v2\/posts"}],"about":[{"href":"https:\/\/jundiai.sp.gov.br\/noticias\/wp-json\/wp\/v2\/types\/post"}],"author":[{"embeddable":true,"href":"https:\/\/jundiai.sp.gov.br\/noticias\/wp-json\/wp\/v2\/users\/39"}],"replies":[{"embeddable":true,"href":"https:\/\/jundiai.sp.gov.br\/noticias\/wp-json\/wp\/v2\/comments?post=252046"}],"version-history":[{"count":8,"href":"https:\/\/jundiai.sp.gov.br\/noticias\/wp-json\/wp\/v2\/posts\/252046\/revisions"}],"predecessor-version":[{"id":252085,"href":"https:\/\/jundiai.sp.gov.br\/noticias\/wp-json\/wp\/v2\/posts\/252046\/revisions\/252085"}],"wp:featuredmedia":[{"embeddable":true,"href":"https:\/\/jundiai.sp.gov.br\/noticias\/wp-json\/wp\/v2\/media\/252084"}],"wp:attachment":[{"href":"https:\/\/jundiai.sp.gov.br\/noticias\/wp-json\/wp\/v2\/media?parent=252046"}],"wp:term":[{"taxonomy":"category","embeddable":true,"href":"https:\/\/jundiai.sp.gov.br\/noticias\/wp-json\/wp\/v2\/categories?post=252046"},{"taxonomy":"post_tag","embeddable":true,"href":"https:\/\/jundiai.sp.gov.br\/noticias\/wp-json\/wp\/v2\/tags?post=252046"},{"taxonomy":"ods","embeddable":true,"href":"https:\/\/jundiai.sp.gov.br\/noticias\/wp-json\/wp\/v2\/ods?post=252046"}],"curies":[{"name":"wp","href":"https:\/\/api.w.org\/{rel}","templated":true}]}}