{"id":252059,"date":"2020-06-08T16:31:10","date_gmt":"2020-06-08T19:31:10","guid":{"rendered":"https:\/\/jundiai.sp.gov.br\/noticias\/?p=252059"},"modified":"2020-06-08T16:31:10","modified_gmt":"2020-06-08T19:31:10","slug":"covid-19-sao-vicente-transfere-alas-e-adequa-fluxo-de-visitantes","status":"publish","type":"post","link":"https:\/\/jundiai.sp.gov.br\/noticias\/2020\/06\/08\/covid-19-sao-vicente-transfere-alas-e-adequa-fluxo-de-visitantes\/","title":{"rendered":"COVID-19 &#8211; S\u00e3o Vicente transfere alas e adequa fluxo de visitantes"},"content":{"rendered":"<p>A partir desta ter\u00e7a-feira, dia 09 de junho, o Hospital de Caridade S\u00e3o Vicente de Paulo (HSV) faz novas mudan\u00e7as em sua estrutura de atendimento e fluxo de visitas. A interna\u00e7\u00e3o de pacientes das alas de Ortopedia, Feminina, Masculina e Mista passa a ser no Pronto-Atendimento Central, localizado em frente ao hospital (Rua Luiz Rosa, 227). Os espa\u00e7os ocupados por essas alas no hospital passam a receber pacientes com suspeita ou confirmados para covid-19.<\/p>\n<div id=\"attachment_252062\" style=\"width: 1034px\" class=\"wp-caption aligncenter\"><img loading=\"lazy\" decoding=\"async\" aria-describedby=\"caption-attachment-252062\" class=\"size-large wp-image-252062\" src=\"https:\/\/jundiai.sp.gov.br\/noticias\/wp-content\/uploads\/sites\/32\/2020\/06\/20200326_121958-1280x720.jpg\" alt=\"\" width=\"1024\" height=\"576\" srcset=\"https:\/\/jundiai.sp.gov.br\/noticias\/wp-content\/uploads\/sites\/32\/2020\/06\/20200326_121958-1280x720.jpg 1280w, https:\/\/jundiai.sp.gov.br\/noticias\/wp-content\/uploads\/sites\/32\/2020\/06\/20200326_121958-300x169.jpg 300w, https:\/\/jundiai.sp.gov.br\/noticias\/wp-content\/uploads\/sites\/32\/2020\/06\/20200326_121958-768x432.jpg 768w\" sizes=\"auto, (max-width: 1024px) 100vw, 1024px\" \/><p id=\"caption-attachment-252062\" class=\"wp-caption-text\">S\u00e3o Vicente faz mudan\u00e7as para reduzir o fluxo de pessoas no hospital<\/p><\/div>\n<p>A visita a pacientes internados na Unidade Coronariana (UCO) e Recupera\u00e7\u00e3o P\u00f3s-Anest\u00e9sica (RPA) deixa de ser permitida. O objetivo \u00e9 reduzir o fluxo de pessoas dentro do hospital e assim garantir a seguran\u00e7a de pacientes, profissionais de sa\u00fade, acompanhantes e visitantes. O boletim m\u00e9dico passa a ser transmitido aos familiares dos pacientes por contato telef\u00f4nico.<\/p>\n<p>Nas demais unidades, est\u00e3o mantidos os mesmos hor\u00e1rios para visita, obedecendo restri\u00e7\u00f5es j\u00e1 estabelecidas no m\u00eas de mar\u00e7o, ou seja, \u00e9 permitido um (01) visitante em cada setor, com idade acima de 18 e menor de 60 anos.\u00a0 \u00c9 imprescind\u00edvel o uso de m\u00e1scaras de prote\u00e7\u00e3o. Os hor\u00e1rios s\u00e3o os seguintes:<\/p>\n<p>&nbsp;<\/p>\n<p>Cl\u00ednicas de Ortopedia, Feminina, Masculina e Mista (PA-Central): das 14h \u00e0s 15h.<\/p>\n<p>Cl\u00ednica Cir\u00fargica 1: 14h \u00e0s 15h<\/p>\n<p>Unidade Semi-Neuro: 11h \u00e0s 11h30<\/p>\n<p>Unidade Neurol\u00f3gica: 12h \u00e0s 12h30<\/p>\n<p>Pronto-Socorro (interna\u00e7\u00e3o): 15h \u00e0s 15h30<\/p>\n<p>Emerg\u00eancia (somente se n\u00e3o houver intercorr\u00eancias): 11h \u00e0s 11h30<\/p>\n<p>Troca de acompanhantes de pacientes: 8h e \u00e0s 20h.<\/p>\n<p>Os pacientes com suspeita ou confirma\u00e7\u00e3o para covid-19, que est\u00e3o em isolamento, recebem diariamente o boletim m\u00e9dico, por meio de contato telef\u00f4nico.<\/p>\n<p>&nbsp;<\/p>\n<p>Informa\u00e7\u00f5es sobre visitas (11)4583-8155<\/p>\n<div id=\"attachment_252063\" style=\"width: 1034px\" class=\"wp-caption aligncenter\"><img loading=\"lazy\" decoding=\"async\" aria-describedby=\"caption-attachment-252063\" class=\"size-large wp-image-252063\" src=\"https:\/\/jundiai.sp.gov.br\/noticias\/wp-content\/uploads\/sites\/32\/2020\/06\/fachada-pronto-atendimento-1280x888.jpg\" alt=\"\" width=\"1024\" height=\"710\" srcset=\"https:\/\/jundiai.sp.gov.br\/noticias\/wp-content\/uploads\/sites\/32\/2020\/06\/fachada-pronto-atendimento-1280x888.jpg 1280w, https:\/\/jundiai.sp.gov.br\/noticias\/wp-content\/uploads\/sites\/32\/2020\/06\/fachada-pronto-atendimento-300x208.jpg 300w, https:\/\/jundiai.sp.gov.br\/noticias\/wp-content\/uploads\/sites\/32\/2020\/06\/fachada-pronto-atendimento-768x533.jpg 768w, https:\/\/jundiai.sp.gov.br\/noticias\/wp-content\/uploads\/sites\/32\/2020\/06\/fachada-pronto-atendimento.jpg 1990w\" sizes=\"auto, (max-width: 1024px) 100vw, 1024px\" \/><p id=\"caption-attachment-252063\" class=\"wp-caption-text\">Alas Masculina, Feminina, Mista e Cl\u00ednica Cir\u00fargica 1 passam a funcionar no PA Central<\/p><\/div>\n<p>&nbsp;<\/p>\n<p>Fotos: Assessoria de Imprensa do HSV<\/p>\n","protected":false},"excerpt":{"rendered":"<p>A partir desta ter\u00e7a-feira, dia 09 de junho, o Hospital de Caridade S\u00e3o Vicente de Paulo (HSV) faz novas mudan\u00e7as em sua estrutura de atendimento e fluxo de visitas. A interna\u00e7\u00e3o de pacientes das alas de Ortopedia, Feminina, Masculina e Mista passa a ser no Pronto-Atendimento Central, localizado em frente ao hospital (Rua Luiz Rosa, [&hellip;]<\/p>\n","protected":false},"author":53,"featured_media":0,"comment_status":"closed","ping_status":"closed","sticky":false,"template":"","format":"standard","meta":{"footnotes":""},"categories":[2],"tags":[321],"ods":[],"class_list":["post-252059","post","type-post","status-publish","format-standard","hentry","category-noticias","tag-hospital-de-caridade-sao-vicente-de-paulo"],"_links":{"self":[{"href":"https:\/\/jundiai.sp.gov.br\/noticias\/wp-json\/wp\/v2\/posts\/252059","targetHints":{"allow":["GET"]}}],"collection":[{"href":"https:\/\/jundiai.sp.gov.br\/noticias\/wp-json\/wp\/v2\/posts"}],"about":[{"href":"https:\/\/jundiai.sp.gov.br\/noticias\/wp-json\/wp\/v2\/types\/post"}],"author":[{"embeddable":true,"href":"https:\/\/jundiai.sp.gov.br\/noticias\/wp-json\/wp\/v2\/users\/53"}],"replies":[{"embeddable":true,"href":"https:\/\/jundiai.sp.gov.br\/noticias\/wp-json\/wp\/v2\/comments?post=252059"}],"version-history":[{"count":1,"href":"https:\/\/jundiai.sp.gov.br\/noticias\/wp-json\/wp\/v2\/posts\/252059\/revisions"}],"predecessor-version":[{"id":252064,"href":"https:\/\/jundiai.sp.gov.br\/noticias\/wp-json\/wp\/v2\/posts\/252059\/revisions\/252064"}],"wp:attachment":[{"href":"https:\/\/jundiai.sp.gov.br\/noticias\/wp-json\/wp\/v2\/media?parent=252059"}],"wp:term":[{"taxonomy":"category","embeddable":true,"href":"https:\/\/jundiai.sp.gov.br\/noticias\/wp-json\/wp\/v2\/categories?post=252059"},{"taxonomy":"post_tag","embeddable":true,"href":"https:\/\/jundiai.sp.gov.br\/noticias\/wp-json\/wp\/v2\/tags?post=252059"},{"taxonomy":"ods","embeddable":true,"href":"https:\/\/jundiai.sp.gov.br\/noticias\/wp-json\/wp\/v2\/ods?post=252059"}],"curies":[{"name":"wp","href":"https:\/\/api.w.org\/{rel}","templated":true}]}}