{"id":252070,"date":"2020-06-09T09:38:58","date_gmt":"2020-06-09T12:38:58","guid":{"rendered":"https:\/\/jundiai.sp.gov.br\/noticias\/?p=252070"},"modified":"2020-06-09T09:43:14","modified_gmt":"2020-06-09T12:43:14","slug":"fiscalizacao-integrada-notifica-comercios-e-estabelecimentos-irregulares","status":"publish","type":"post","link":"https:\/\/jundiai.sp.gov.br\/noticias\/2020\/06\/09\/fiscalizacao-integrada-notifica-comercios-e-estabelecimentos-irregulares\/","title":{"rendered":"Fiscaliza\u00e7\u00e3o integrada notifica com\u00e9rcios e estabelecimentos irregulares"},"content":{"rendered":"<p style=\"font-weight: 400;\">Na primeira semana ap\u00f3s o decreto municipal n\u00ba\u00a0 29.026, de 29 de maio de 2020, que regulamenta a abertura gradual dos estabelecimentos, conforme as fases determinadas pelo Governo do Estado de S\u00e3o Paulo, as equipes da Fiscaliza\u00e7\u00e3o do Com\u00e9rcio, Vigil\u00e2ncia Sanit\u00e1ria e Guarda Municipal de Jundia\u00ed (GMJ) realizaram a\u00e7\u00f5es em 58 estabelecimentos comerciais em v\u00e1rios bairros. Ao todo, entre os dias 1 a 5 de junho, 11 notifica\u00e7\u00f5es ou autos de infra\u00e7\u00e3o foram emitidos, em raz\u00e3o do descumprimento dos regramentos estabelecidos pelos decretos 28.970 e 29.026, ambos de 2020.<\/p>\n<p style=\"font-weight: 400;\">Somente na \u00faltima sexta-feira (5), a equipe de Fiscaliza\u00e7\u00e3o do Com\u00e9rcio lavrou duas notifica\u00e7\u00f5es e dois Autos de Infra\u00e7\u00e3o e Imposi\u00e7\u00e3o de Multa, pelo descumprimento dos decretos pelos motivos de funcionamento de servi\u00e7o n\u00e3o autorizado e descumprimento de hor\u00e1rio autorizado (das 9h30 \u00e0s 15h30) no referido decreto municipal.<\/p>\n<div id=\"attachment_252072\" style=\"width: 1034px\" class=\"wp-caption aligncenter\"><img loading=\"lazy\" decoding=\"async\" aria-describedby=\"caption-attachment-252072\" class=\"size-large wp-image-252072\" src=\"https:\/\/jundiai.sp.gov.br\/noticias\/wp-content\/uploads\/sites\/32\/2020\/06\/acao-fiscalizacao-do-comercio-no-centro_c_-56-1280x853.jpg\" alt=\"\" width=\"1024\" height=\"682\" srcset=\"https:\/\/jundiai.sp.gov.br\/noticias\/wp-content\/uploads\/sites\/32\/2020\/06\/acao-fiscalizacao-do-comercio-no-centro_c_-56-1280x853.jpg 1280w, https:\/\/jundiai.sp.gov.br\/noticias\/wp-content\/uploads\/sites\/32\/2020\/06\/acao-fiscalizacao-do-comercio-no-centro_c_-56-300x200.jpg 300w, https:\/\/jundiai.sp.gov.br\/noticias\/wp-content\/uploads\/sites\/32\/2020\/06\/acao-fiscalizacao-do-comercio-no-centro_c_-56-768x512.jpg 768w, https:\/\/jundiai.sp.gov.br\/noticias\/wp-content\/uploads\/sites\/32\/2020\/06\/acao-fiscalizacao-do-comercio-no-centro_c_-56-450x300.jpg 450w, https:\/\/jundiai.sp.gov.br\/noticias\/wp-content\/uploads\/sites\/32\/2020\/06\/acao-fiscalizacao-do-comercio-no-centro_c_-56.jpg 1323w\" sizes=\"auto, (max-width: 1024px) 100vw, 1024px\" \/><p id=\"caption-attachment-252072\" class=\"wp-caption-text\">Fiscaliza\u00e7\u00e3o do Com\u00e9rcio em a\u00e7\u00e3o no Centro: den\u00fancias de aglomera\u00e7\u00e3o de pessoas e funcionamento irregular do com\u00e9rcio podem ser registradas pelos telefones 153 e 156<\/p><\/div>\n<p style=\"font-weight: 400;\">A Vigil\u00e2ncia Sanit\u00e1ria fez sete notifica\u00e7\u00f5es por aus\u00eancia de informativo sobre a capacidade de atendimento da loja e da capacidade reduzida (restrita a 20% da capacidade do local), aus\u00eancia da barreira de acr\u00edlico e falta de disponibiliza\u00e7\u00e3o de \u00e1lcool em gel ou sanitizante para a higieniza\u00e7\u00e3o de sacolas ou cestas de clientes, conforme estabelecido no protocolo sanit\u00e1rio que faz parte do plano de reabertura do com\u00e9rcio.\u00a0Os demais estabelecimentos foram orientados sobre as a\u00e7\u00f5es de enfrentamento ao Novo Coronav\u00edrus.<\/p>\n<p style=\"font-weight: 400;\">As a\u00e7\u00f5es de fiscaliza\u00e7\u00e3o t\u00eam como base den\u00fancias realizadas por mun\u00edcipes nos canais da Prefeitura de Jundia\u00ed, Disque 156 ou no 153, da Guarda Municipal.<\/p>\n<p>Dentro da fiscaliza\u00e7\u00e3o integrada, a GMJ d\u00e1 apoio ao trabalho dos fiscais e, entre 29 de maio e 7 de junho, realizou 80 atendimentos.<\/p>\n<p style=\"font-weight: 400;\">Gestor da Unidade de Gest\u00e3o de Governo e Finan\u00e7as, Jos\u00e9 Antonio Parimoschi ressalta que o momento \u00e9 de exce\u00e7\u00e3o e que \u00e9 preciso de colabora\u00e7\u00e3o. \u201cLidamos com um v\u00edrus que se transmite rapidamente e de alta letalidade, especialmente nos grupos de risco. Portanto, precisamos da conscientiza\u00e7\u00e3o e colabora\u00e7\u00e3o de todos para que possamos avan\u00e7ar no combate ao v\u00edrus e na retomada da economia, com responsabilidade. Com rela\u00e7\u00e3o \u00e0 fiscaliza\u00e7\u00e3o, apenas se houver persist\u00eancia do comerciante em desrespeitar as orienta\u00e7\u00f5es \u00e9 que ocorre multa, interdi\u00e7\u00e3o e fechamento das portas\u201d.<\/p>\n<p><strong>Assessoria de Imprensa<\/strong><\/p>\n<p><strong>Foto: Fot\u00f3grafo PMJ<\/strong><\/p>\n","protected":false},"excerpt":{"rendered":"<p>Na primeira semana ap\u00f3s o decreto municipal n\u00ba\u00a0 29.026, de 29 de maio de 2020, que regulamenta a abertura gradual dos estabelecimentos, conforme as fases determinadas pelo Governo do Estado de S\u00e3o Paulo, as equipes da Fiscaliza\u00e7\u00e3o do Com\u00e9rcio, Vigil\u00e2ncia Sanit\u00e1ria e Guarda Municipal de Jundia\u00ed (GMJ) realizaram a\u00e7\u00f5es em 58 estabelecimentos comerciais em v\u00e1rios [&hellip;]<\/p>\n","protected":false},"author":45,"featured_media":0,"comment_status":"closed","ping_status":"closed","sticky":false,"template":"","format":"standard","meta":{"footnotes":""},"categories":[2],"tags":[1500,77,983],"ods":[],"class_list":["post-252070","post","type-post","status-publish","format-standard","hentry","category-noticias","tag-coronavirus","tag-fiscalizacao-do-comercio","tag-governo-e-financas"],"_links":{"self":[{"href":"https:\/\/jundiai.sp.gov.br\/noticias\/wp-json\/wp\/v2\/posts\/252070","targetHints":{"allow":["GET"]}}],"collection":[{"href":"https:\/\/jundiai.sp.gov.br\/noticias\/wp-json\/wp\/v2\/posts"}],"about":[{"href":"https:\/\/jundiai.sp.gov.br\/noticias\/wp-json\/wp\/v2\/types\/post"}],"author":[{"embeddable":true,"href":"https:\/\/jundiai.sp.gov.br\/noticias\/wp-json\/wp\/v2\/users\/45"}],"replies":[{"embeddable":true,"href":"https:\/\/jundiai.sp.gov.br\/noticias\/wp-json\/wp\/v2\/comments?post=252070"}],"version-history":[{"count":6,"href":"https:\/\/jundiai.sp.gov.br\/noticias\/wp-json\/wp\/v2\/posts\/252070\/revisions"}],"predecessor-version":[{"id":252101,"href":"https:\/\/jundiai.sp.gov.br\/noticias\/wp-json\/wp\/v2\/posts\/252070\/revisions\/252101"}],"wp:attachment":[{"href":"https:\/\/jundiai.sp.gov.br\/noticias\/wp-json\/wp\/v2\/media?parent=252070"}],"wp:term":[{"taxonomy":"category","embeddable":true,"href":"https:\/\/jundiai.sp.gov.br\/noticias\/wp-json\/wp\/v2\/categories?post=252070"},{"taxonomy":"post_tag","embeddable":true,"href":"https:\/\/jundiai.sp.gov.br\/noticias\/wp-json\/wp\/v2\/tags?post=252070"},{"taxonomy":"ods","embeddable":true,"href":"https:\/\/jundiai.sp.gov.br\/noticias\/wp-json\/wp\/v2\/ods?post=252070"}],"curies":[{"name":"wp","href":"https:\/\/api.w.org\/{rel}","templated":true}]}}