{"id":252263,"date":"2020-06-11T15:33:59","date_gmt":"2020-06-11T18:33:59","guid":{"rendered":"https:\/\/jundiai.sp.gov.br\/noticias\/?p=252263"},"modified":"2020-06-11T15:33:59","modified_gmt":"2020-06-11T18:33:59","slug":"gm-e-pm-voltam-a-fazer-trabalho-de-conscientizacao-na-serra-do-japi","status":"publish","type":"post","link":"https:\/\/jundiai.sp.gov.br\/noticias\/2020\/06\/11\/gm-e-pm-voltam-a-fazer-trabalho-de-conscientizacao-na-serra-do-japi\/","title":{"rendered":"GM e PM voltam a fazer trabalho de conscientiza\u00e7\u00e3o na Serra do Japi"},"content":{"rendered":"<div id=\"attachment_252264\" style=\"width: 1034px\" class=\"wp-caption aligncenter\"><img loading=\"lazy\" decoding=\"async\" aria-describedby=\"caption-attachment-252264\" class=\"size-large wp-image-252264\" src=\"https:\/\/jundiai.sp.gov.br\/noticias\/wp-content\/uploads\/sites\/32\/2020\/06\/operacao_santa_clara_serra_do_japi_gm-1-1280x853.jpeg\" alt=\"Guardas municipais e PMs orientaram motoristas, pedestres e ciclistas nesta quinta no Santa Clara\" width=\"1024\" height=\"682\" srcset=\"https:\/\/jundiai.sp.gov.br\/noticias\/wp-content\/uploads\/sites\/32\/2020\/06\/operacao_santa_clara_serra_do_japi_gm-1-1280x853.jpeg 1280w, https:\/\/jundiai.sp.gov.br\/noticias\/wp-content\/uploads\/sites\/32\/2020\/06\/operacao_santa_clara_serra_do_japi_gm-1-300x200.jpeg 300w, https:\/\/jundiai.sp.gov.br\/noticias\/wp-content\/uploads\/sites\/32\/2020\/06\/operacao_santa_clara_serra_do_japi_gm-1-768x512.jpeg 768w, https:\/\/jundiai.sp.gov.br\/noticias\/wp-content\/uploads\/sites\/32\/2020\/06\/operacao_santa_clara_serra_do_japi_gm-1-450x300.jpeg 450w, https:\/\/jundiai.sp.gov.br\/noticias\/wp-content\/uploads\/sites\/32\/2020\/06\/operacao_santa_clara_serra_do_japi_gm-1.jpeg 1323w\" sizes=\"auto, (max-width: 1024px) 100vw, 1024px\" \/><p id=\"caption-attachment-252264\" class=\"wp-caption-text\">Guardas municipais e PMs orientaram motoristas, pedestres e ciclistas nesta quinta-feira no Santa Clara<\/p><\/div>\n<p>Guardas municipais e policiais militares voltaram na manh\u00e3 desta quinta-feira (11) ao Santa Clara, numa das entradas da Serra do Japi, para conscientizar motoristas, ciclistas e pedestres da import\u00e2ncia da preven\u00e7\u00e3o ao Novo Coronav\u00edrus, seja na manuten\u00e7\u00e3o da higiene das m\u00e3os ou em evitar aglomera\u00e7\u00f5es.<\/p>\n<p>Cinco GMs da Divis\u00e3o Florestal (divididos em duas equipes), al\u00e9m de dois PMs do 4\u00ba Batalh\u00e3o Ambiental e seis do 11\u00ba BPM\/I, estiveram no bairro e montaram barreiras para abordar e conversar com os mun\u00edcipes.<\/p>\n<p>O trabalho, que tamb\u00e9m inclui o alerta aos frequentadores para que preservem a Serra do Japi, se repetir\u00e1 nesta sexta (12), s\u00e1bado e domingo no per\u00edodo da manh\u00e3. \u201cA luta contra o Coronav\u00edrus \u00e9 uma miss\u00e3o de todos. Estamos contribuindo para a conscientiza\u00e7\u00e3o dos cidad\u00e3os no combate \u00e0 pandemia\u201d, disse Benedito Marcos Moreno, comandante da GM.<\/p>\n<p>H\u00e1 alguns dias, viaturas da Guarda Municipal de Jundia\u00ed est\u00e3o propagando, nas entradas da serra, no Centro e em bairros com grande concentra\u00e7\u00e3o de estabelecimentos comerciais, uma mensagem sonora emitida por seus autofalantes para refor\u00e7ar a import\u00e2ncia das pessoas manterem o distanciamento social.<\/p>\n<p><strong>Assessoria de Imprensa<\/strong><br \/>\n<strong>Foto: Fot\u00f3grafos PMJ<\/strong><\/p>\n","protected":false},"excerpt":{"rendered":"<p>Guardas municipais e policiais militares voltaram na manh\u00e3 desta quinta-feira (11) ao Santa Clara, numa das entradas da Serra do Japi, para conscientizar motoristas, ciclistas e pedestres da import\u00e2ncia da preven\u00e7\u00e3o ao Novo Coronav\u00edrus, seja na manuten\u00e7\u00e3o da higiene das m\u00e3os ou em evitar aglomera\u00e7\u00f5es. Cinco GMs da Divis\u00e3o Florestal (divididos em duas equipes), al\u00e9m [&hellip;]<\/p>\n","protected":false},"author":54,"featured_media":252264,"comment_status":"closed","ping_status":"closed","sticky":false,"template":"","format":"standard","meta":{"footnotes":""},"categories":[2],"tags":[574,31,948],"ods":[],"class_list":["post-252263","post","type-post","status-publish","format-standard","has-post-thumbnail","hentry","category-noticias","tag-fundacao-serra-do-japi","tag-guarda-municipal","tag-seguranca-municipal"],"_links":{"self":[{"href":"https:\/\/jundiai.sp.gov.br\/noticias\/wp-json\/wp\/v2\/posts\/252263","targetHints":{"allow":["GET"]}}],"collection":[{"href":"https:\/\/jundiai.sp.gov.br\/noticias\/wp-json\/wp\/v2\/posts"}],"about":[{"href":"https:\/\/jundiai.sp.gov.br\/noticias\/wp-json\/wp\/v2\/types\/post"}],"author":[{"embeddable":true,"href":"https:\/\/jundiai.sp.gov.br\/noticias\/wp-json\/wp\/v2\/users\/54"}],"replies":[{"embeddable":true,"href":"https:\/\/jundiai.sp.gov.br\/noticias\/wp-json\/wp\/v2\/comments?post=252263"}],"version-history":[{"count":1,"href":"https:\/\/jundiai.sp.gov.br\/noticias\/wp-json\/wp\/v2\/posts\/252263\/revisions"}],"predecessor-version":[{"id":252265,"href":"https:\/\/jundiai.sp.gov.br\/noticias\/wp-json\/wp\/v2\/posts\/252263\/revisions\/252265"}],"wp:featuredmedia":[{"embeddable":true,"href":"https:\/\/jundiai.sp.gov.br\/noticias\/wp-json\/wp\/v2\/media\/252264"}],"wp:attachment":[{"href":"https:\/\/jundiai.sp.gov.br\/noticias\/wp-json\/wp\/v2\/media?parent=252263"}],"wp:term":[{"taxonomy":"category","embeddable":true,"href":"https:\/\/jundiai.sp.gov.br\/noticias\/wp-json\/wp\/v2\/categories?post=252263"},{"taxonomy":"post_tag","embeddable":true,"href":"https:\/\/jundiai.sp.gov.br\/noticias\/wp-json\/wp\/v2\/tags?post=252263"},{"taxonomy":"ods","embeddable":true,"href":"https:\/\/jundiai.sp.gov.br\/noticias\/wp-json\/wp\/v2\/ods?post=252263"}],"curies":[{"name":"wp","href":"https:\/\/api.w.org\/{rel}","templated":true}]}}