{"id":252395,"date":"2020-06-16T14:01:48","date_gmt":"2020-06-16T17:01:48","guid":{"rendered":"https:\/\/jundiai.sp.gov.br\/noticias\/?p=252395"},"modified":"2020-06-16T16:25:28","modified_gmt":"2020-06-16T19:25:28","slug":"pas-ponte-sao-joao-e-hortolandia-tem-enderecos-exclusivos-para-atendimento-aos-casos-suspeitos-de-coronavirus","status":"publish","type":"post","link":"https:\/\/jundiai.sp.gov.br\/noticias\/2020\/06\/16\/pas-ponte-sao-joao-e-hortolandia-tem-enderecos-exclusivos-para-atendimento-aos-casos-suspeitos-de-coronavirus\/","title":{"rendered":"PAs Ponte S\u00e3o Jo\u00e3o e Hortol\u00e2ndia t\u00eam endere\u00e7os exclusivos para atendimento aos casos suspeitos de Coronav\u00edrus"},"content":{"rendered":"<p>As pessoas com sintomas gripais que envolvem, al\u00e9m da febre, coriza e tosse, a falta de ar e que residam nas regi\u00f5es Norte e Sul devem buscar pelo atendimento nos Prontos Atendimentos (PAs) Exclusivos descentralizados, instalados na Cidade Administrativa (ao lado da Vila Hortol\u00e2ndia) e na\u00a0 Vila Nambi (pr\u00f3ximo \u00e0 Ponte S\u00e3o Jo\u00e3o). A descentraliza\u00e7\u00e3o\u00a0 do atendimento aos casos suspeitos do Novo Coronav\u00edrus se d\u00e1 pela import\u00e2ncia em evitar a exposi\u00e7\u00e3o de pessoas com outras necessidades em sa\u00fade daquelas sintom\u00e1ticas. Os demais PAs, com maior estrutura, contam com fluxo espec\u00edfico, sem o cruzamento de pessoas com sintomas gripais com outros usu\u00e1rios.<\/p>\n<p>O atendimento aos moradores da regi\u00e3o atendida pelo PA Ponte S\u00e3o Jo\u00e3o, ou seja, Ponte S\u00e3o, S\u00e3o Camilo, Nambi, Tamoio, s\u00e3o orientados a buscar pelo atendimento na rua Ant\u00f4nio Zandona, 944 &#8211; Vila Nambi, no pr\u00e9dio da UBS Rui Barbosa (que teve os atendimentos deslocados para o sal\u00e3o paroquial da Capela Santa Maria Goretti &#8211; Rua Zelito Zomiguinani, 345 \u2013 Vila Nambi), com funcionamento todos os dias, das 7h \u00e0s 19h.<\/p>\n<p>J\u00e1 os moradores pr\u00f3ximos \u00e0 Vila Hortol\u00e2ndia\u00a0 como Vila Marlene, Cecap, Morada das Vinhas, Fernandes e Corrupira contam com o atendimento espec\u00edfico aos casos suspeitos de COVID-19 na avenida Alexandre Ludke, 780, Cidade Administrativa, ao lado do terminal\u00a0 urbano da Vila Hortol\u00e2ndia. O funcionamento \u00e9 di\u00e1rio, das 7h \u00e0s 19h.<\/p>\n<div id=\"attachment_252403\" style=\"width: 1034px\" class=\"wp-caption aligncenter\"><img loading=\"lazy\" decoding=\"async\" aria-describedby=\"caption-attachment-252403\" class=\"size-large wp-image-252403\" src=\"https:\/\/jundiai.sp.gov.br\/noticias\/wp-content\/uploads\/sites\/32\/2020\/06\/fachada-ubs-rui-barbosa-vila-nambi_c_-3_-1280x853.jpg\" alt=\"\" width=\"1024\" height=\"682\" srcset=\"https:\/\/jundiai.sp.gov.br\/noticias\/wp-content\/uploads\/sites\/32\/2020\/06\/fachada-ubs-rui-barbosa-vila-nambi_c_-3_-1280x853.jpg 1280w, https:\/\/jundiai.sp.gov.br\/noticias\/wp-content\/uploads\/sites\/32\/2020\/06\/fachada-ubs-rui-barbosa-vila-nambi_c_-3_-300x200.jpg 300w, https:\/\/jundiai.sp.gov.br\/noticias\/wp-content\/uploads\/sites\/32\/2020\/06\/fachada-ubs-rui-barbosa-vila-nambi_c_-3_-768x512.jpg 768w, https:\/\/jundiai.sp.gov.br\/noticias\/wp-content\/uploads\/sites\/32\/2020\/06\/fachada-ubs-rui-barbosa-vila-nambi_c_-3_-450x300.jpg 450w, https:\/\/jundiai.sp.gov.br\/noticias\/wp-content\/uploads\/sites\/32\/2020\/06\/fachada-ubs-rui-barbosa-vila-nambi_c_-3_.jpg 1323w\" sizes=\"auto, (max-width: 1024px) 100vw, 1024px\" \/><p id=\"caption-attachment-252403\" class=\"wp-caption-text\">Atendimento exclusivo para pessoas com sintomas do Novo Coronav\u00edrus e com a falta de ar devem buscar pelos PAs<\/p><\/div>\n<p>As demais unidades de Pronto Atendimento contam com portas exclusivas para os pacientes suspeitos de COVID-19. Todos os endere\u00e7os podem ser consultados na p\u00e1gina do &#8216;<a href=\"https:\/\/jundiai.sp.gov.br\/onde-procurar-atendimento\/\">Coronav\u00edrus<\/a>&#8216;, do site da Prefeitura de Jundia\u00ed.<\/p>\n<p><strong>Casos Leves<\/strong><br \/>\nPara quem tem sintomas leves de gripe, ou seja, sem falta de ar, a busca por atendimento deve ser nas Unidades Sentinelas (USs), instaladas em todas as regi\u00f5es da cidade como Vila Rami (Rua Cica, 1.345 \u2013 Vila Rami), Anhangaba\u00fa (Rua Hans Staden, 40 \u2013 Anhangaba\u00fa), Jardim do Lago (Rua Leonita Faber Ladeira, 1358), todas de segunda \u00e0 sexta-feira, das 8h \u00e0s 17h e Cl\u00ednica da Fam\u00edlia (Av. Presb\u00edtero Manoel Ant\u00f4nio Dias Filho, 1540 \u2013 Parque Residencial Jundia\u00ed), de segunda \u00e0 sexta-feira, das 8h \u00e0s 20h.<\/p>\n<p><strong><br \/>\nAssessoria de Imprensa<br \/>\nFotos: Fot\u00f3grafos PMJ<\/strong><\/p>\n","protected":false},"excerpt":{"rendered":"<p>As pessoas com sintomas gripais que envolvem, al\u00e9m da febre, coriza e tosse, a falta de ar e que residam nas regi\u00f5es Norte e Sul devem buscar pelo atendimento nos Prontos Atendimentos (PAs) Exclusivos descentralizados, instalados na Cidade Administrativa (ao lado da Vila Hortol\u00e2ndia) e na\u00a0 Vila Nambi (pr\u00f3ximo \u00e0 Ponte S\u00e3o Jo\u00e3o). A descentraliza\u00e7\u00e3o\u00a0 [&hellip;]<\/p>\n","protected":false},"author":39,"featured_media":252403,"comment_status":"closed","ping_status":"closed","sticky":false,"template":"","format":"standard","meta":{"footnotes":""},"categories":[2],"tags":[1500,981],"ods":[],"class_list":["post-252395","post","type-post","status-publish","format-standard","has-post-thumbnail","hentry","category-noticias","tag-coronavirus","tag-promocao-da-saude"],"_links":{"self":[{"href":"https:\/\/jundiai.sp.gov.br\/noticias\/wp-json\/wp\/v2\/posts\/252395","targetHints":{"allow":["GET"]}}],"collection":[{"href":"https:\/\/jundiai.sp.gov.br\/noticias\/wp-json\/wp\/v2\/posts"}],"about":[{"href":"https:\/\/jundiai.sp.gov.br\/noticias\/wp-json\/wp\/v2\/types\/post"}],"author":[{"embeddable":true,"href":"https:\/\/jundiai.sp.gov.br\/noticias\/wp-json\/wp\/v2\/users\/39"}],"replies":[{"embeddable":true,"href":"https:\/\/jundiai.sp.gov.br\/noticias\/wp-json\/wp\/v2\/comments?post=252395"}],"version-history":[{"count":8,"href":"https:\/\/jundiai.sp.gov.br\/noticias\/wp-json\/wp\/v2\/posts\/252395\/revisions"}],"predecessor-version":[{"id":252414,"href":"https:\/\/jundiai.sp.gov.br\/noticias\/wp-json\/wp\/v2\/posts\/252395\/revisions\/252414"}],"wp:featuredmedia":[{"embeddable":true,"href":"https:\/\/jundiai.sp.gov.br\/noticias\/wp-json\/wp\/v2\/media\/252403"}],"wp:attachment":[{"href":"https:\/\/jundiai.sp.gov.br\/noticias\/wp-json\/wp\/v2\/media?parent=252395"}],"wp:term":[{"taxonomy":"category","embeddable":true,"href":"https:\/\/jundiai.sp.gov.br\/noticias\/wp-json\/wp\/v2\/categories?post=252395"},{"taxonomy":"post_tag","embeddable":true,"href":"https:\/\/jundiai.sp.gov.br\/noticias\/wp-json\/wp\/v2\/tags?post=252395"},{"taxonomy":"ods","embeddable":true,"href":"https:\/\/jundiai.sp.gov.br\/noticias\/wp-json\/wp\/v2\/ods?post=252395"}],"curies":[{"name":"wp","href":"https:\/\/api.w.org\/{rel}","templated":true}]}}