{"id":252546,"date":"2020-06-19T18:26:51","date_gmt":"2020-06-19T21:26:51","guid":{"rendered":"https:\/\/jundiai.sp.gov.br\/noticias\/?p=252546"},"modified":"2020-06-19T20:09:07","modified_gmt":"2020-06-19T23:09:07","slug":"testagem-jundiai-inicia-novo-metodo-para-bloqueio-viral","status":"publish","type":"post","link":"https:\/\/jundiai.sp.gov.br\/noticias\/2020\/06\/19\/testagem-jundiai-inicia-novo-metodo-para-bloqueio-viral\/","title":{"rendered":"Testagem: Jundia\u00ed inicia novo m\u00e9todo para bloqueio viral"},"content":{"rendered":"<p>A partir da pr\u00f3xima segunda-feira (22), Jundia\u00ed passar\u00e1 a aplicar os testes RT-PCR na popula\u00e7\u00e3o que apresentar sintomas gripais sugestivos para o Novo Coronav\u00edrus. O novo m\u00e9todo tem o objetivo de identificar o v\u00edrus em sua forma ativa no organismo e ser\u00e1 aplicado a partir de atendimento em Unidades Sentinelas (USs).<\/p>\n<p>A metodologia passa a ser aplicada a partir de delibera\u00e7\u00e3o do Comit\u00ea de Enfrentamento ao Coronav\u00edrus (CEC), da Prefeitura de Jundia\u00ed, em decorr\u00eancia da chegada do inverno e circula\u00e7\u00e3o de diversos v\u00edrus causadores de gripes e para o acompanhamento em tempo real da doen\u00e7a, possibilitando o telemonitoramento dos casos.<\/p>\n<p>Espec\u00edfico para detectar a exist\u00eancia de v\u00edrus ativo no organismo entre o terceiro e s\u00e9timo dia de sintoma, o RT-PCR utiliza amostras de secre\u00e7\u00f5es colhidas do nariz e da garganta da pessoa com suspeita de COVID-19. &#8220;Esse teste identificar\u00e1 se existe o v\u00edrus Sars-CoV-2 ativo no organismo. A op\u00e7\u00e3o por esse sistema tem rela\u00e7\u00e3o com o per\u00edodo, j\u00e1 que estamos na \u00e9poca mais propensa \u00e0 ocorr\u00eancia de s\u00edndromes gripais e a a\u00e7\u00e3o de bloqueio \u00e9 a resposta determinada&#8221;, ressalta o gestor da Unidade de Gest\u00e3o de Promo\u00e7\u00e3o da Sa\u00fade (UGPS), Tiago Texera.<\/p>\n<div id=\"attachment_252613\" style=\"width: 1034px\" class=\"wp-caption aligncenter\"><img loading=\"lazy\" decoding=\"async\" aria-describedby=\"caption-attachment-252613\" class=\"size-large wp-image-252613\" src=\"https:\/\/jundiai.sp.gov.br\/noticias\/wp-content\/uploads\/sites\/32\/2020\/06\/sentinela2-1280x854.jpg\" alt=\"\" width=\"1024\" height=\"683\" srcset=\"https:\/\/jundiai.sp.gov.br\/noticias\/wp-content\/uploads\/sites\/32\/2020\/06\/sentinela2-1280x854.jpg 1280w, https:\/\/jundiai.sp.gov.br\/noticias\/wp-content\/uploads\/sites\/32\/2020\/06\/sentinela2-300x200.jpg 300w, https:\/\/jundiai.sp.gov.br\/noticias\/wp-content\/uploads\/sites\/32\/2020\/06\/sentinela2-768x513.jpg 768w, https:\/\/jundiai.sp.gov.br\/noticias\/wp-content\/uploads\/sites\/32\/2020\/06\/sentinela2-450x300.jpg 450w, https:\/\/jundiai.sp.gov.br\/noticias\/wp-content\/uploads\/sites\/32\/2020\/06\/sentinela2.jpg 1323w\" sizes=\"auto, (max-width: 1024px) 100vw, 1024px\" \/><p id=\"caption-attachment-252613\" class=\"wp-caption-text\">Avalia\u00e7\u00e3o em Unidade Sentinela identificar\u00e1 o quadro cl\u00ednico e a indica\u00e7\u00e3o para a realiza\u00e7\u00e3o do RT-PCR se a pessoa estiver entre o 3\u00ba ao 7\u00ba dia de sintomas; al\u00e9m deste prazo e antes de 14 dias, encaminhamento ser\u00e1 para o teste r\u00e1pido<\/p><\/div>\n<p><strong>Aplica\u00e7\u00e3o<\/strong><br \/>\nOs testes visam al\u00e9m de refor\u00e7ar as a\u00e7\u00f5es de isolamento social da pessoa com s\u00edndrome gripal e de seus familiares, reduzindo assim a probabilidade de cont\u00e1gio da popula\u00e7\u00e3o, ofertar o retrato em tempo real dos pacientes infectados pelo Sars-CoV-2 e possibilitar o planejamento das a\u00e7\u00f5es de intensifica\u00e7\u00e3o de monitoramento e planejamento de leitos e ventiladores, uma vez que ser\u00e1 amplamente utilizado pela popula\u00e7\u00e3o de risco para complica\u00e7\u00f5es do COVID-19.<\/p>\n<p>O exame n\u00e3o ter\u00e1 agendamento pelo Disque 156 Coronav\u00edrus, pelo enceramento da fase pelo Inqu\u00e9rito Epidemiol\u00f3gico, e ser\u00e1 aplicado naqueles que buscarem por atendimento nas Unidades Sentinelas (USs) e apresentarem os sintomas de febre aferida ou sensa\u00e7\u00e3o febril ou febre relatada, acompanhada de tosse ou dor de garganta ou coriza ou dificuldade respirat\u00f3ria.<\/p>\n<p>&#8220;A regi\u00e3o de Sa\u00fade em que Jundia\u00ed est\u00e1 inserida est\u00e1 na fase de acelera\u00e7\u00e3o da COVID-19, por isso, a testagem molecular espec\u00edfica deste exame proporciona o planejamento das a\u00e7\u00f5es e o monitoramento dos grupos de risco, j\u00e1 que ao detectar a infec\u00e7\u00e3o, a pessoa passar\u00e1 a contar com telemonitoramento das equipes de Sa\u00fade da Aten\u00e7\u00e3o B\u00e1sica, garantindo a busca pelo servi\u00e7o de urg\u00eancia &#8211; se necess\u00e1rio &#8211; rapidamente&#8221;, completa o gestor.<\/p>\n<p><strong>Assessoria de Imprensa<br \/>\nFotos: Fot\u00f3grafos PMJ<\/strong><\/p>\n","protected":false},"excerpt":{"rendered":"<p>A partir da pr\u00f3xima segunda-feira (22), Jundia\u00ed passar\u00e1 a aplicar os testes RT-PCR na popula\u00e7\u00e3o que apresentar sintomas gripais sugestivos para o Novo Coronav\u00edrus. O novo m\u00e9todo tem o objetivo de identificar o v\u00edrus em sua forma ativa no organismo e ser\u00e1 aplicado a partir de atendimento em Unidades Sentinelas (USs). A metodologia passa a [&hellip;]<\/p>\n","protected":false},"author":39,"featured_media":252614,"comment_status":"closed","ping_status":"closed","sticky":false,"template":"","format":"standard","meta":{"footnotes":""},"categories":[2],"tags":[1500],"ods":[],"class_list":["post-252546","post","type-post","status-publish","format-standard","has-post-thumbnail","hentry","category-noticias","tag-coronavirus"],"_links":{"self":[{"href":"https:\/\/jundiai.sp.gov.br\/noticias\/wp-json\/wp\/v2\/posts\/252546","targetHints":{"allow":["GET"]}}],"collection":[{"href":"https:\/\/jundiai.sp.gov.br\/noticias\/wp-json\/wp\/v2\/posts"}],"about":[{"href":"https:\/\/jundiai.sp.gov.br\/noticias\/wp-json\/wp\/v2\/types\/post"}],"author":[{"embeddable":true,"href":"https:\/\/jundiai.sp.gov.br\/noticias\/wp-json\/wp\/v2\/users\/39"}],"replies":[{"embeddable":true,"href":"https:\/\/jundiai.sp.gov.br\/noticias\/wp-json\/wp\/v2\/comments?post=252546"}],"version-history":[{"count":11,"href":"https:\/\/jundiai.sp.gov.br\/noticias\/wp-json\/wp\/v2\/posts\/252546\/revisions"}],"predecessor-version":[{"id":252627,"href":"https:\/\/jundiai.sp.gov.br\/noticias\/wp-json\/wp\/v2\/posts\/252546\/revisions\/252627"}],"wp:featuredmedia":[{"embeddable":true,"href":"https:\/\/jundiai.sp.gov.br\/noticias\/wp-json\/wp\/v2\/media\/252614"}],"wp:attachment":[{"href":"https:\/\/jundiai.sp.gov.br\/noticias\/wp-json\/wp\/v2\/media?parent=252546"}],"wp:term":[{"taxonomy":"category","embeddable":true,"href":"https:\/\/jundiai.sp.gov.br\/noticias\/wp-json\/wp\/v2\/categories?post=252546"},{"taxonomy":"post_tag","embeddable":true,"href":"https:\/\/jundiai.sp.gov.br\/noticias\/wp-json\/wp\/v2\/tags?post=252546"},{"taxonomy":"ods","embeddable":true,"href":"https:\/\/jundiai.sp.gov.br\/noticias\/wp-json\/wp\/v2\/ods?post=252546"}],"curies":[{"name":"wp","href":"https:\/\/api.w.org\/{rel}","templated":true}]}}