{"id":252632,"date":"2020-06-20T16:11:45","date_gmt":"2020-06-20T19:11:45","guid":{"rendered":"https:\/\/jundiai.sp.gov.br\/noticias\/?p=252632"},"modified":"2020-06-20T17:18:17","modified_gmt":"2020-06-20T20:18:17","slug":"nota-a-imprensa-52","status":"publish","type":"post","link":"https:\/\/jundiai.sp.gov.br\/noticias\/2020\/06\/20\/nota-a-imprensa-52\/","title":{"rendered":"Nota \u00e0 Imprensa"},"content":{"rendered":"<p>A Prefeitura de Jundia\u00ed informa que, neste s\u00e1bado (20), o munic\u00edpio contabiliza mais dois \u00f3bitos de residentes na cidade causados pelo Novo Coronav\u00edrus:<\/p>\n<p>Mulher, 28 anos, internada em hospital particular em 05\/05, sem comorbidades. \u00d3bito em 19\/06, positivo para COVID-19.<\/p>\n<p>Homem, 71 anos, internado no Hospital S\u00e3o Vicente em 17\/05, com doen\u00e7a cardiovascular e diabetes. \u00d3bito em 19\/06, positivo para COVID-19.<\/p>\n<p>Com estas mortes, a cidade passa a contabilizar 146 \u00f3bitos positivos para COVID-19 desde o in\u00edcio da pandemia.<\/p>\n<p><strong>Assessoria de Imprensa<\/strong><strong><br \/>\nFotos: Fot\u00f3grafos PMJ<\/strong><\/p>\n","protected":false},"excerpt":{"rendered":"<p>A Prefeitura de Jundia\u00ed informa que, neste s\u00e1bado (20), o munic\u00edpio contabiliza mais dois \u00f3bitos de residentes na cidade causados pelo Novo Coronav\u00edrus: Mulher, 28 anos, internada em hospital particular em 05\/05, sem comorbidades. \u00d3bito em 19\/06, positivo para COVID-19. Homem, 71 anos, internado no Hospital S\u00e3o Vicente em 17\/05, com doen\u00e7a cardiovascular e diabetes. [&hellip;]<\/p>\n","protected":false},"author":45,"featured_media":247231,"comment_status":"closed","ping_status":"closed","sticky":false,"template":"","format":"standard","meta":{"footnotes":""},"categories":[2],"tags":[1500],"ods":[],"class_list":["post-252632","post","type-post","status-publish","format-standard","has-post-thumbnail","hentry","category-noticias","tag-coronavirus"],"_links":{"self":[{"href":"https:\/\/jundiai.sp.gov.br\/noticias\/wp-json\/wp\/v2\/posts\/252632","targetHints":{"allow":["GET"]}}],"collection":[{"href":"https:\/\/jundiai.sp.gov.br\/noticias\/wp-json\/wp\/v2\/posts"}],"about":[{"href":"https:\/\/jundiai.sp.gov.br\/noticias\/wp-json\/wp\/v2\/types\/post"}],"author":[{"embeddable":true,"href":"https:\/\/jundiai.sp.gov.br\/noticias\/wp-json\/wp\/v2\/users\/45"}],"replies":[{"embeddable":true,"href":"https:\/\/jundiai.sp.gov.br\/noticias\/wp-json\/wp\/v2\/comments?post=252632"}],"version-history":[{"count":1,"href":"https:\/\/jundiai.sp.gov.br\/noticias\/wp-json\/wp\/v2\/posts\/252632\/revisions"}],"predecessor-version":[{"id":252633,"href":"https:\/\/jundiai.sp.gov.br\/noticias\/wp-json\/wp\/v2\/posts\/252632\/revisions\/252633"}],"wp:featuredmedia":[{"embeddable":true,"href":"https:\/\/jundiai.sp.gov.br\/noticias\/wp-json\/wp\/v2\/media\/247231"}],"wp:attachment":[{"href":"https:\/\/jundiai.sp.gov.br\/noticias\/wp-json\/wp\/v2\/media?parent=252632"}],"wp:term":[{"taxonomy":"category","embeddable":true,"href":"https:\/\/jundiai.sp.gov.br\/noticias\/wp-json\/wp\/v2\/categories?post=252632"},{"taxonomy":"post_tag","embeddable":true,"href":"https:\/\/jundiai.sp.gov.br\/noticias\/wp-json\/wp\/v2\/tags?post=252632"},{"taxonomy":"ods","embeddable":true,"href":"https:\/\/jundiai.sp.gov.br\/noticias\/wp-json\/wp\/v2\/ods?post=252632"}],"curies":[{"name":"wp","href":"https:\/\/api.w.org\/{rel}","templated":true}]}}