{"id":252634,"date":"2020-06-21T11:10:07","date_gmt":"2020-06-21T14:10:07","guid":{"rendered":"https:\/\/jundiai.sp.gov.br\/noticias\/?p=252634"},"modified":"2020-06-21T13:12:08","modified_gmt":"2020-06-21T16:12:08","slug":"campanha-dia-do-vinho-mantem-viva-a-tradicao-de-produtores-centenarios-em-jundiai","status":"publish","type":"post","link":"https:\/\/jundiai.sp.gov.br\/noticias\/2020\/06\/21\/campanha-dia-do-vinho-mantem-viva-a-tradicao-de-produtores-centenarios-em-jundiai\/","title":{"rendered":"Campanha \u2018Dia do Vinho\u2019 mant\u00e9m viva a tradi\u00e7\u00e3o de produtores centen\u00e1rios em Jundia\u00ed"},"content":{"rendered":"<p>O bisav\u00f4 de Antonio \u201cTonico\u201d Mingoti, Luigi, veio da It\u00e1lia para o Brasil em 1888, com seus tr\u00eas filhos, e se estabeleceu na regi\u00e3o de Jundia\u00ed. Hoje com 92 anos, seu Tonico se lembra de visitar a adega, ainda crian\u00e7a, e dos vinhos produzidos a partir das uvas plantadas pela fam\u00edlia \u2013 uma tradi\u00e7\u00e3o que se mant\u00e9m at\u00e9 hoje, com a Adega Mingoti, no bairro da Roseira.<\/p>\n<p>Nunca se poderia imaginar, por\u00e9m, um estrago como o causado pela pandemia do coronav\u00edrus. \u201cNossa adega \u00e9 pequena &#8211; acho que \u00e9 a menor de Jundia\u00ed &#8211; , j\u00e1 atend\u00edamos poucas pessoas, e agora ficou tudo parado\u201d, conta o filho de seu Tonico, Antonio Donizetti, que ajuda a administrar a venda dos vinhos e a plantio de uvas do tipo Maxima, hoje em um espa\u00e7o bem mais reduzido.<\/p>\n<p>Mas a pequena adega resiste: ela \u00e9 uma das participantes da iniciativa para marcar o Dia do Vinho, promovida pela Prefeitura de Jundia\u00ed, por meio da Unidade de Gest\u00e3o de Agroneg\u00f3cio, Abastecimento e Turismo (UGAAT). Por meio dela, a venda de vinho, at\u00e9 o pr\u00f3ximo dia 5 de julho, ir\u00e1 ajudar tamb\u00e9m fam\u00edlias carentes e produtores rurais de Jundia\u00ed: toda garrafa de vinho vendida pelas 15 adegas e vin\u00edcolas participantes ser\u00e1 transformada em cestas verdes, compostas por frutas, verduras e legumes, que ser\u00e3o destinadas ao Fundo Social de Solidariedade (Funss).<\/p>\n<div id=\"attachment_252635\" style=\"width: 1034px\" class=\"wp-caption aligncenter\"><img loading=\"lazy\" decoding=\"async\" aria-describedby=\"caption-attachment-252635\" class=\"size-large wp-image-252635\" src=\"https:\/\/jundiai.sp.gov.br\/noticias\/wp-content\/uploads\/sites\/32\/2020\/06\/adega_mingoti_caxambu-104-1280x853.jpg\" alt=\"\" width=\"1024\" height=\"682\" srcset=\"https:\/\/jundiai.sp.gov.br\/noticias\/wp-content\/uploads\/sites\/32\/2020\/06\/adega_mingoti_caxambu-104-1280x853.jpg 1280w, https:\/\/jundiai.sp.gov.br\/noticias\/wp-content\/uploads\/sites\/32\/2020\/06\/adega_mingoti_caxambu-104-300x200.jpg 300w, https:\/\/jundiai.sp.gov.br\/noticias\/wp-content\/uploads\/sites\/32\/2020\/06\/adega_mingoti_caxambu-104-768x512.jpg 768w, https:\/\/jundiai.sp.gov.br\/noticias\/wp-content\/uploads\/sites\/32\/2020\/06\/adega_mingoti_caxambu-104-450x300.jpg 450w, https:\/\/jundiai.sp.gov.br\/noticias\/wp-content\/uploads\/sites\/32\/2020\/06\/adega_mingoti_caxambu-104.jpg 1323w\" sizes=\"auto, (max-width: 1024px) 100vw, 1024px\" \/><p id=\"caption-attachment-252635\" class=\"wp-caption-text\">&#8220;Tonico&#8221; Mingoti, 92 anos, e o vinhedo no bairro da Roseira: adega tenta retomar venda com a campanha do Dia do Vinho<\/p><\/div>\n<p>Lembrado em n\u00edvel nacional sempre no primeiro domingo de junho, este ano o Dia do Vinho, em Jundia\u00ed, est\u00e1 sendo promovido desta forma. O objetivo \u00e9 ajudar fam\u00edlias em situa\u00e7\u00e3o de vulnerabilidade social, decorrente da pandemia, e a cesta verde tamb\u00e9m vir\u00e1 de Jundia\u00ed, sendo adquirida de agricultores locais, tamb\u00e9m impactados pelo coronav\u00edrus.<\/p>\n<div id=\"attachment_252641\" style=\"width: 1034px\" class=\"wp-caption aligncenter\"><img loading=\"lazy\" decoding=\"async\" aria-describedby=\"caption-attachment-252641\" class=\"size-large wp-image-252641\" src=\"https:\/\/jundiai.sp.gov.br\/noticias\/wp-content\/uploads\/sites\/32\/2020\/06\/adega_mingoti_caxambu-14-1280x853.jpg\" alt=\"\" width=\"1024\" height=\"682\" srcset=\"https:\/\/jundiai.sp.gov.br\/noticias\/wp-content\/uploads\/sites\/32\/2020\/06\/adega_mingoti_caxambu-14-1280x853.jpg 1280w, https:\/\/jundiai.sp.gov.br\/noticias\/wp-content\/uploads\/sites\/32\/2020\/06\/adega_mingoti_caxambu-14-300x200.jpg 300w, https:\/\/jundiai.sp.gov.br\/noticias\/wp-content\/uploads\/sites\/32\/2020\/06\/adega_mingoti_caxambu-14-768x512.jpg 768w, https:\/\/jundiai.sp.gov.br\/noticias\/wp-content\/uploads\/sites\/32\/2020\/06\/adega_mingoti_caxambu-14-450x300.jpg 450w, https:\/\/jundiai.sp.gov.br\/noticias\/wp-content\/uploads\/sites\/32\/2020\/06\/adega_mingoti_caxambu-14.jpg 1323w\" sizes=\"auto, (max-width: 1024px) 100vw, 1024px\" \/><p id=\"caption-attachment-252641\" class=\"wp-caption-text\">Adega Mingoti, &#8220;a menor de Jundia\u00ed&#8221;: retomada aos poucos dentro da iniciativa do Dia do Vinho<\/p><\/div>\n<p>Um pouco mais jovem, com 45 anos de atua\u00e7\u00e3o, a Adega Negrini, no Ivoturucaia, tamb\u00e9m faz parte da a\u00e7\u00e3o pelo Dia do Vinho. Produtora de uvas como a Isabel, Curbina e Ni\u00e1gara, no come\u00e7o da pandemia a adega viu as vendas pararem completamente; hoje s\u00e3o lentamente retomadas, com todas as precau\u00e7\u00f5es e atendimento via WhatsApp. \u201cSou s\u00f3 eu e meu irm\u00e3o para cuidar de tudo, ent\u00e3o n\u00e3o temos como fazer entregas. Mas a iniciativa do Dia do Vinho certamente vem ajudar\u201d, diz Marcos Ant\u00f4nio Negrini, que herdou a tradi\u00e7\u00e3o do pai.<\/p>\n<div id=\"attachment_252636\" style=\"width: 1290px\" class=\"wp-caption aligncenter\"><img loading=\"lazy\" decoding=\"async\" aria-describedby=\"caption-attachment-252636\" class=\"size-full wp-image-252636\" src=\"https:\/\/jundiai.sp.gov.br\/noticias\/wp-content\/uploads\/sites\/32\/2020\/06\/negrini4.jpg\" alt=\"\" width=\"1280\" height=\"960\" srcset=\"https:\/\/jundiai.sp.gov.br\/noticias\/wp-content\/uploads\/sites\/32\/2020\/06\/negrini4.jpg 1280w, https:\/\/jundiai.sp.gov.br\/noticias\/wp-content\/uploads\/sites\/32\/2020\/06\/negrini4-300x225.jpg 300w, https:\/\/jundiai.sp.gov.br\/noticias\/wp-content\/uploads\/sites\/32\/2020\/06\/negrini4-768x576.jpg 768w\" sizes=\"auto, (max-width: 1280px) 100vw, 1280px\" \/><p id=\"caption-attachment-252636\" class=\"wp-caption-text\">Marcos Negrini e a filha, Cassia, na adega, uma das participantes da campanha Dia do Vinho<\/p><\/div>\n<p>A lista completa das adegas e vin\u00edcolas pode ser consultada aqui: <a href=\"https:\/\/rotasturisticas.jundiai.sp.gov.br\/vinho\/wp-content\/uploads\/sites\/7\/2020\/06\/clique_e_compre_interativo.pdf\">https:\/\/rotasturisticas.jundiai.sp.gov.br\/vinho\/wp-content\/uploads\/sites\/7\/2020\/06\/clique_e_compre_interativo.pdf<\/a><\/p>\n<p><strong>V\u00eddeo<\/strong><\/p>\n<p>Para refor\u00e7ar ainda mais a iniciativa, a UGAAT colocou no ar neste domingo (21) um v\u00eddeo divulgando as adegas participantes, tendo como protagonistas as fam\u00edlias que vivem da produ\u00e7\u00e3o de vinho.<\/p>\n<p>Segundo a diretora do Departamento de Fomento ao Turismo da UGAAT, Marcela Moro<strong>, <\/strong>o v\u00eddeo \u00e9 fruto de muita dedica\u00e7\u00e3o e tem como protagonistas as fam\u00edlias que vivem da produ\u00e7\u00e3o de vinho. \u201cProrrogamos nossa a\u00e7\u00e3o, que seria encerrada nesta sexta (19), para podermos ampliar a participa\u00e7\u00e3o e, consequentemente, as doa\u00e7\u00f5es. Aqui est\u00e1 nosso carinho com o vinho, o que ele representa para nossas fam\u00edlias e tamb\u00e9m um pouco da nossa Campanha #DiadoVinho2020\u201d, resume. O v\u00eddeo pode ser visto nos canais da <a href=\"https:\/\/youtu.be\/9Qn2bNNuxUk\">Prefeitura de Jundia\u00ed.<\/a><\/p>\n<p>Todos os que adquirirem garrafas de vinho em um dos estabelecimentos participantes est\u00e3o sendo convidados a postar uma foto em suas redes sociais, marcando #DiadoVinho2020 e @rotadovinhojundiai \u201d, diz a diretora Marcela Moro. \u201c\u00c9 uma a\u00e7\u00e3o que representa um olhar solid\u00e1rio por nossa cidade, e, ao mesmo tempo, estimulando a comercializa\u00e7\u00e3o do nosso vinho, que dependia do Turismo para ser vendido, e que hoje, como tantos outros segmentos, enfrenta dificuldades\u201d, complementa.<\/p>\n<p>Para fazer parte da a\u00e7\u00e3o, ao encomendar a garrafa, \u00e9 necess\u00e1rio informar que est\u00e1 participando da iniciativa do Dia do Vinho. Os participantes tamb\u00e9m s\u00e3o convidados a marcar nas redes sociais a adega\/vin\u00edcola na qual foi comprado o vinho.<\/p>\n<p>A finaliza\u00e7\u00e3o da campanha ser\u00e1 com um encontro virtual entre os participantes, no dia 3 de julho, onde todos ser\u00e3o convidados a \u201ctomar um vinho juntos\u201d e postar suas fotos nas redes. Para acompanhar, basta assistir pelo YouTube da Prefeitura de Jundia\u00ed ou pelo Facebook: \/prefeituradejundiai, \/culturajundiai, \/jundiaiturismo, \/rotadovinhojundiai, \/fundosocialsolidariedadedejundiai.<\/p>\n<p><strong>Assessoria de Imprensa<\/strong><br \/>\n<strong>Fotos: Fot\u00f3grafos PMJ<\/strong><\/p>\n","protected":false},"excerpt":{"rendered":"<p>O bisav\u00f4 de Antonio \u201cTonico\u201d Mingoti, Luigi, veio da It\u00e1lia para o Brasil em 1888, com seus tr\u00eas filhos, e se estabeleceu na regi\u00e3o de Jundia\u00ed. Hoje com 92 anos, seu Tonico se lembra de visitar a adega, ainda crian\u00e7a, e dos vinhos produzidos a partir das uvas plantadas pela fam\u00edlia \u2013 uma tradi\u00e7\u00e3o que [&hellip;]<\/p>\n","protected":false},"author":45,"featured_media":0,"comment_status":"closed","ping_status":"closed","sticky":false,"template":"","format":"standard","meta":{"footnotes":""},"categories":[2],"tags":[974,1500,1160],"ods":[],"class_list":["post-252634","post","type-post","status-publish","format-standard","hentry","category-noticias","tag-agronegocio-abastecimento-e-turismo","tag-coronavirus","tag-dia-do-vinho"],"_links":{"self":[{"href":"https:\/\/jundiai.sp.gov.br\/noticias\/wp-json\/wp\/v2\/posts\/252634","targetHints":{"allow":["GET"]}}],"collection":[{"href":"https:\/\/jundiai.sp.gov.br\/noticias\/wp-json\/wp\/v2\/posts"}],"about":[{"href":"https:\/\/jundiai.sp.gov.br\/noticias\/wp-json\/wp\/v2\/types\/post"}],"author":[{"embeddable":true,"href":"https:\/\/jundiai.sp.gov.br\/noticias\/wp-json\/wp\/v2\/users\/45"}],"replies":[{"embeddable":true,"href":"https:\/\/jundiai.sp.gov.br\/noticias\/wp-json\/wp\/v2\/comments?post=252634"}],"version-history":[{"count":6,"href":"https:\/\/jundiai.sp.gov.br\/noticias\/wp-json\/wp\/v2\/posts\/252634\/revisions"}],"predecessor-version":[{"id":252644,"href":"https:\/\/jundiai.sp.gov.br\/noticias\/wp-json\/wp\/v2\/posts\/252634\/revisions\/252644"}],"wp:attachment":[{"href":"https:\/\/jundiai.sp.gov.br\/noticias\/wp-json\/wp\/v2\/media?parent=252634"}],"wp:term":[{"taxonomy":"category","embeddable":true,"href":"https:\/\/jundiai.sp.gov.br\/noticias\/wp-json\/wp\/v2\/categories?post=252634"},{"taxonomy":"post_tag","embeddable":true,"href":"https:\/\/jundiai.sp.gov.br\/noticias\/wp-json\/wp\/v2\/tags?post=252634"},{"taxonomy":"ods","embeddable":true,"href":"https:\/\/jundiai.sp.gov.br\/noticias\/wp-json\/wp\/v2\/ods?post=252634"}],"curies":[{"name":"wp","href":"https:\/\/api.w.org\/{rel}","templated":true}]}}