{"id":252703,"date":"2020-06-23T13:37:37","date_gmt":"2020-06-23T16:37:37","guid":{"rendered":"https:\/\/jundiai.sp.gov.br\/noticias\/?p=252703"},"modified":"2020-06-23T13:37:58","modified_gmt":"2020-06-23T16:37:58","slug":"agentes-comunitarios-de-saude-identificam-familias-vulneraveis-em-pandemia-em-aprovacao","status":"publish","type":"post","link":"https:\/\/jundiai.sp.gov.br\/noticias\/2020\/06\/23\/agentes-comunitarios-de-saude-identificam-familias-vulneraveis-em-pandemia-em-aprovacao\/","title":{"rendered":"Agentes Comunit\u00e1rios de Sa\u00fade identificam fam\u00edlias vulner\u00e1veis em pandemia"},"content":{"rendered":"<p>As a\u00e7\u00f5es integradas desenvolvidas pela Prefeitura de Jundia\u00ed e desencadeadas pelo Comit\u00ea de Enfrentamento ao Coronav\u00edrus (CEC) s\u00e3o desenvolvidas por equipes de diversas Unidades de Gest\u00e3o (UGs) para o atendimento das necessidades da popula\u00e7\u00e3o em situa\u00e7\u00e3o de vulnerabilidade. Nesta segunda-feira (22), 14 fam\u00edlias da regi\u00e3o da Vila Maring\u00e1, identificadas pelas Agentes Comunit\u00e1rias de Sa\u00fade (ACSs) da Unidade B\u00e1sica de Sa\u00fade do bairro, receberam cestas b\u00e1sicas do Plano de Seguran\u00e7a Alimentar para Fam\u00edlias em Vulnerabilidade, organizado pela Unidade de Gest\u00e3o de Assist\u00eancia e Desenvolvimento Social (UGADS) e Fundo Social de Solidariedade (Funss).<\/p>\n<p>A fam\u00edlia de Rone Vieira da Silva, 24 anos, passava por dificuldades por conta da pandemia. Desempregado h\u00e1 alguns meses, o ajudante de caminh\u00e3o ficou sem qualquer tipo de renda nos \u00faltimos 90 dias por conta da pandemia do Novo Coronav\u00edrus. &#8220;Minha m\u00e3e \u00e9 aposentada, mas somente uma renda n\u00e3o consegue arcar com todas as contas da casa. A cesta b\u00e1sica veio para aliviar as contas do mercado&#8221;, comemora o morador na \u00e1rea de reurbaniza\u00e7\u00e3o da Funda\u00e7\u00e3o Municipal de A\u00e7\u00e3o Social (Fumas).<\/p>\n<p>A identifica\u00e7\u00e3o da fam\u00edlia de Rone e encaminhamento para a recep\u00e7\u00e3o da cesta foi feita por agentes comunit\u00e1rios de sa\u00fade (ACSs) da Nova UBS Maring\u00e1. Segundo a enfermeira da unidade, Jessica Cristina Ferreira da Costa a partir da a\u00e7\u00e3o territorial dos t\u00e9cnicos, a identifica\u00e7\u00e3o de necessidades \u00e9 direta. &#8220;A territorializa\u00e7\u00e3o das agentes e o conhecimento que possuem dos cen\u00e1rios do bairro colaboram para o aux\u00edlio \u00e0 popula\u00e7\u00e3o que est\u00e1 em dificuldades por conta da pandemia&#8221;, argumenta a enfermeira. <\/p>\n<div id=\"attachment_252705\" style=\"width: 1034px\" class=\"wp-caption aligncenter\"><img loading=\"lazy\" decoding=\"async\" aria-describedby=\"caption-attachment-252705\" src=\"https:\/\/jundiai.sp.gov.br\/noticias\/wp-content\/uploads\/sites\/32\/2020\/06\/entrega_cesta_basica_ubs_maringa-108-1258x960.jpg\" alt=\"\" width=\"1024\" height=\"781\" class=\"size-large wp-image-252705\" srcset=\"https:\/\/jundiai.sp.gov.br\/noticias\/wp-content\/uploads\/sites\/32\/2020\/06\/entrega_cesta_basica_ubs_maringa-108-1258x960.jpg 1258w, https:\/\/jundiai.sp.gov.br\/noticias\/wp-content\/uploads\/sites\/32\/2020\/06\/entrega_cesta_basica_ubs_maringa-108-300x229.jpg 300w, https:\/\/jundiai.sp.gov.br\/noticias\/wp-content\/uploads\/sites\/32\/2020\/06\/entrega_cesta_basica_ubs_maringa-108-768x586.jpg 768w, https:\/\/jundiai.sp.gov.br\/noticias\/wp-content\/uploads\/sites\/32\/2020\/06\/entrega_cesta_basica_ubs_maringa-108.jpg 1323w\" sizes=\"auto, (max-width: 1024px) 100vw, 1024px\" \/><p id=\"caption-attachment-252705\" class=\"wp-caption-text\">Entrega de cesta b\u00e1sica pelo Programa de Seguran\u00e7a Alimentar foi feita na Nova UBS Maring\u00e1<\/p><\/div>\n<p>De acordo com a gestora-adjunta da UGADS, Maria Brant, os esfor\u00e7os conjuntos de diversas unidades e institui\u00e7\u00f5es, para a identifica\u00e7\u00e3o e distribui\u00e7\u00e3o dos alimentos t\u00eam garantido o atendimento da demanda. \u201cTemos recebido apoio de v\u00e1rios setores da sociedade, como os Vicentinos e lideran\u00e7as locais, tanto para identificar como para entregar as cestas. Essa identifica\u00e7\u00e3o permite n\u00e3o somente que o benef\u00edcio chegue a um n\u00famero maior de pessoas. Isso sem contar como importante indicador a solidariedade e altru\u00edsmo de diversos benefici\u00e1rios, que, quando ainda possuem alimentos em casa, dispensam as doa\u00e7\u00f5es para que elas cheguem at\u00e9 outras fam\u00edlias\u201d, comenta. <\/p>\n<p><strong>Assessoria de Imprensa<br \/>\nFotos: Fot\u00f3grafos PMJ<\/strong><\/p>\n","protected":false},"excerpt":{"rendered":"<p>As a\u00e7\u00f5es integradas desenvolvidas pela Prefeitura de Jundia\u00ed e desencadeadas pelo Comit\u00ea de Enfrentamento ao Coronav\u00edrus (CEC) s\u00e3o desenvolvidas por equipes de diversas Unidades de Gest\u00e3o (UGs) para o atendimento das necessidades da popula\u00e7\u00e3o em situa\u00e7\u00e3o de vulnerabilidade. Nesta segunda-feira (22), 14 fam\u00edlias da regi\u00e3o da Vila Maring\u00e1, identificadas pelas Agentes Comunit\u00e1rias de Sa\u00fade (ACSs) [&hellip;]<\/p>\n","protected":false},"author":39,"featured_media":252706,"comment_status":"closed","ping_status":"closed","sticky":false,"template":"","format":"standard","meta":{"footnotes":""},"categories":[2],"tags":[980,1500,416],"ods":[],"class_list":["post-252703","post","type-post","status-publish","format-standard","has-post-thumbnail","hentry","category-noticias","tag-assistencia-e-desenvolvimento-social","tag-coronavirus","tag-fundo-social-de-solidariedade-funss"],"_links":{"self":[{"href":"https:\/\/jundiai.sp.gov.br\/noticias\/wp-json\/wp\/v2\/posts\/252703","targetHints":{"allow":["GET"]}}],"collection":[{"href":"https:\/\/jundiai.sp.gov.br\/noticias\/wp-json\/wp\/v2\/posts"}],"about":[{"href":"https:\/\/jundiai.sp.gov.br\/noticias\/wp-json\/wp\/v2\/types\/post"}],"author":[{"embeddable":true,"href":"https:\/\/jundiai.sp.gov.br\/noticias\/wp-json\/wp\/v2\/users\/39"}],"replies":[{"embeddable":true,"href":"https:\/\/jundiai.sp.gov.br\/noticias\/wp-json\/wp\/v2\/comments?post=252703"}],"version-history":[{"count":6,"href":"https:\/\/jundiai.sp.gov.br\/noticias\/wp-json\/wp\/v2\/posts\/252703\/revisions"}],"predecessor-version":[{"id":252715,"href":"https:\/\/jundiai.sp.gov.br\/noticias\/wp-json\/wp\/v2\/posts\/252703\/revisions\/252715"}],"wp:featuredmedia":[{"embeddable":true,"href":"https:\/\/jundiai.sp.gov.br\/noticias\/wp-json\/wp\/v2\/media\/252706"}],"wp:attachment":[{"href":"https:\/\/jundiai.sp.gov.br\/noticias\/wp-json\/wp\/v2\/media?parent=252703"}],"wp:term":[{"taxonomy":"category","embeddable":true,"href":"https:\/\/jundiai.sp.gov.br\/noticias\/wp-json\/wp\/v2\/categories?post=252703"},{"taxonomy":"post_tag","embeddable":true,"href":"https:\/\/jundiai.sp.gov.br\/noticias\/wp-json\/wp\/v2\/tags?post=252703"},{"taxonomy":"ods","embeddable":true,"href":"https:\/\/jundiai.sp.gov.br\/noticias\/wp-json\/wp\/v2\/ods?post=252703"}],"curies":[{"name":"wp","href":"https:\/\/api.w.org\/{rel}","templated":true}]}}