{"id":252783,"date":"2020-06-24T19:17:15","date_gmt":"2020-06-24T22:17:15","guid":{"rendered":"https:\/\/jundiai.sp.gov.br\/noticias\/?p=252783"},"modified":"2020-06-24T19:23:59","modified_gmt":"2020-06-24T22:23:59","slug":"movimento-de-pessoas-no-centro-cai-80-na-segunda-quinzena-de-junho","status":"publish","type":"post","link":"https:\/\/jundiai.sp.gov.br\/noticias\/2020\/06\/24\/movimento-de-pessoas-no-centro-cai-80-na-segunda-quinzena-de-junho\/","title":{"rendered":"Movimento de pessoas no Centro cai 80% na segunda quinzena de junho"},"content":{"rendered":"<div id=\"attachment_252788\" style=\"width: 1034px\" class=\"wp-caption aligncenter\"><img loading=\"lazy\" decoding=\"async\" aria-describedby=\"caption-attachment-252788\" class=\"size-large wp-image-252788\" src=\"https:\/\/jundiai.sp.gov.br\/noticias\/wp-content\/uploads\/sites\/32\/2020\/06\/movimentacao-de-pessoas-no-calcadao-do-centro_c_-22-1280x854.jpg\" alt=\"Nesta quarta-feira (24), quantidade de pessoas no Centro foi menor que na primeira quinzena de junho\" width=\"1024\" height=\"683\" srcset=\"https:\/\/jundiai.sp.gov.br\/noticias\/wp-content\/uploads\/sites\/32\/2020\/06\/movimentacao-de-pessoas-no-calcadao-do-centro_c_-22-1280x854.jpg 1280w, https:\/\/jundiai.sp.gov.br\/noticias\/wp-content\/uploads\/sites\/32\/2020\/06\/movimentacao-de-pessoas-no-calcadao-do-centro_c_-22-300x200.jpg 300w, https:\/\/jundiai.sp.gov.br\/noticias\/wp-content\/uploads\/sites\/32\/2020\/06\/movimentacao-de-pessoas-no-calcadao-do-centro_c_-22-768x513.jpg 768w, https:\/\/jundiai.sp.gov.br\/noticias\/wp-content\/uploads\/sites\/32\/2020\/06\/movimentacao-de-pessoas-no-calcadao-do-centro_c_-22-450x300.jpg 450w, https:\/\/jundiai.sp.gov.br\/noticias\/wp-content\/uploads\/sites\/32\/2020\/06\/movimentacao-de-pessoas-no-calcadao-do-centro_c_-22.jpg 1323w\" sizes=\"auto, (max-width: 1024px) 100vw, 1024px\" \/><p id=\"caption-attachment-252788\" class=\"wp-caption-text\">Nesta quarta-feira (24), quantidade de pessoas no Centro foi menor que na primeira quinzena de junho<\/p><\/div>\n<p>A quantidade de pessoas transitando na regi\u00e3o central de Jundia\u00ed, onde ficam muitas lojas e bancos, caiu 80% na segunda quinzena de junho, na compara\u00e7\u00e3o com a primeira metade do m\u00eas. O n\u00famero \u00e9 da Guarda Municipal e faz parte de um levantamento feito com ajuda das 14 c\u00e2meras de monitoramento da GM instaladas no Centro. A m\u00e9dia de mun\u00edcipes nas ruas foi de 100 pessoas por hora na primeira quinzena, contra 20 indiv\u00edduos\/hora a partir do dia 16.<\/p>\n<p>No \u00faltimo dia 1\u00ba, o com\u00e9rcio n\u00e3o essencial come\u00e7ou a reabrir, seguindo o decreto do Governo de S\u00e3o Paulo que prev\u00ea a volta gradual do funcionamento de alguns estabelecimentos, por conta da pandemia do Novo Coronav\u00edrus. O objetivo era evitar aglomera\u00e7\u00f5es e a prolifera\u00e7\u00e3o da COVID-19.<\/p>\n<p>Segundo a GM, o dia 1\u00ba de junho teve no Centro um grande n\u00famero de pessoas caminhando, depois de mais de dois meses nos quais apenas o com\u00e9rcio essencial ficou aberto. \u201cPerto de mil pessoas\/hora transitaram pelas ruas Bar\u00e3o de Jundia\u00ed e do Ros\u00e1rio. Este n\u00famero foi o pico da movimenta\u00e7\u00e3o em junho. V\u00e1rios moradores ficaram fora de suas casas pela vontade de comprar e por ser aquela a primeira semana do m\u00eas que o Governo Federal paga aposentadorias e pens\u00f5es a seus beneficiados\u201d, lembrou Benedito Marcos Moreno, comandante da Guarda Municipal de Jundia\u00ed.<\/p>\n<p>De acordo com ele, a segunda semana tamb\u00e9m teve m\u00e9dia alta de pessoas nas ruas, em raz\u00e3o do dia 11 ter sido feriado de Corpus Christi e porque, em 12 de junho, ter sido comemorado o Dia dos Namorados (data importante para o com\u00e9rcio). \u201cParte da popula\u00e7\u00e3o mudou seu comportamento. Passou a sair apenas em caso de necessidade e entendeu a gravidade da pandemia\u201d, revelou Moreno.<\/p>\n<p>O comandante da GM comentou que a Corpora\u00e7\u00e3o fez e continua fazendo um trabalho preventivo e educativo, com guardas a p\u00e9 e com viaturas orientando as pessoas para que mantenham o distanciamento social e os h\u00e1bitos de higiene. \u201cRealizamos ainda a fiscaliza\u00e7\u00e3o do com\u00e9rcio e a\u00e7\u00f5es voltadas \u00e0 conscientiza\u00e7\u00e3o em feiras livres e na Serra do Japi. Pelos autofalantes das viaturas, passamos mensagens de orienta\u00e7\u00e3o aos mun\u00edcipes para ficarem atentos\u201d, finalizou.<\/p>\n<p>A Regi\u00e3o Central de Jundia\u00ed conta com a cobertura do Programa Centro Seguro. A base m\u00f3vel da GM fica na pra\u00e7a Governador Pedro de Toledo \u2013 a pra\u00e7a da Matriz \u2013 e oferece \u00e0 seguran\u00e7a dos mun\u00edcipes sete c\u00e2meras de monitoramento. Diariamente, 12 guardas, um subinspetor e um inspetor fazem as rondas pelo Centro, a p\u00e9 ou com viaturas.<\/p>\n<p><strong>Assessoria de Imprensa<\/strong><br \/>\n<strong>Fotos: Fot\u00f3grafos PMJ<\/strong><\/p>\n","protected":false},"excerpt":{"rendered":"<p>A quantidade de pessoas transitando na regi\u00e3o central de Jundia\u00ed, onde ficam muitas lojas e bancos, caiu 80% na segunda quinzena de junho, na compara\u00e7\u00e3o com a primeira metade do m\u00eas. O n\u00famero \u00e9 da Guarda Municipal e faz parte de um levantamento feito com ajuda das 14 c\u00e2meras de monitoramento da GM instaladas no [&hellip;]<\/p>\n","protected":false},"author":54,"featured_media":252789,"comment_status":"closed","ping_status":"closed","sticky":false,"template":"","format":"standard","meta":{"footnotes":""},"categories":[2],"tags":[1500,31,948],"ods":[],"class_list":["post-252783","post","type-post","status-publish","format-standard","has-post-thumbnail","hentry","category-noticias","tag-coronavirus","tag-guarda-municipal","tag-seguranca-municipal"],"_links":{"self":[{"href":"https:\/\/jundiai.sp.gov.br\/noticias\/wp-json\/wp\/v2\/posts\/252783","targetHints":{"allow":["GET"]}}],"collection":[{"href":"https:\/\/jundiai.sp.gov.br\/noticias\/wp-json\/wp\/v2\/posts"}],"about":[{"href":"https:\/\/jundiai.sp.gov.br\/noticias\/wp-json\/wp\/v2\/types\/post"}],"author":[{"embeddable":true,"href":"https:\/\/jundiai.sp.gov.br\/noticias\/wp-json\/wp\/v2\/users\/54"}],"replies":[{"embeddable":true,"href":"https:\/\/jundiai.sp.gov.br\/noticias\/wp-json\/wp\/v2\/comments?post=252783"}],"version-history":[{"count":5,"href":"https:\/\/jundiai.sp.gov.br\/noticias\/wp-json\/wp\/v2\/posts\/252783\/revisions"}],"predecessor-version":[{"id":252794,"href":"https:\/\/jundiai.sp.gov.br\/noticias\/wp-json\/wp\/v2\/posts\/252783\/revisions\/252794"}],"wp:featuredmedia":[{"embeddable":true,"href":"https:\/\/jundiai.sp.gov.br\/noticias\/wp-json\/wp\/v2\/media\/252789"}],"wp:attachment":[{"href":"https:\/\/jundiai.sp.gov.br\/noticias\/wp-json\/wp\/v2\/media?parent=252783"}],"wp:term":[{"taxonomy":"category","embeddable":true,"href":"https:\/\/jundiai.sp.gov.br\/noticias\/wp-json\/wp\/v2\/categories?post=252783"},{"taxonomy":"post_tag","embeddable":true,"href":"https:\/\/jundiai.sp.gov.br\/noticias\/wp-json\/wp\/v2\/tags?post=252783"},{"taxonomy":"ods","embeddable":true,"href":"https:\/\/jundiai.sp.gov.br\/noticias\/wp-json\/wp\/v2\/ods?post=252783"}],"curies":[{"name":"wp","href":"https:\/\/api.w.org\/{rel}","templated":true}]}}