{"id":252877,"date":"2020-06-26T12:30:21","date_gmt":"2020-06-26T15:30:21","guid":{"rendered":"https:\/\/jundiai.sp.gov.br\/noticias\/?p=252877"},"modified":"2020-06-26T12:46:50","modified_gmt":"2020-06-26T15:46:50","slug":"comus-reuniao-ordinaria-aprova-convenios-e-prestacao-de-contas","status":"publish","type":"post","link":"https:\/\/jundiai.sp.gov.br\/noticias\/2020\/06\/26\/comus-reuniao-ordinaria-aprova-convenios-e-prestacao-de-contas\/","title":{"rendered":"Comus: reuni\u00e3o ordin\u00e1ria aprova conv\u00eanios e presta\u00e7\u00e3o de contas"},"content":{"rendered":"<p>O Conselho Municipal de Sa\u00fade (Comus) realizou a reuni\u00e3o ordin\u00e1ria do m\u00eas de junho na \u00faltima quarta-feira (24), de forma virtual. A pauta, com sete itens foi aprovada pelos conselheiros, que deliberaram pela prorroga\u00e7\u00e3o de conv\u00eanios com entidades de atendimento \u00e0 demandas espec\u00edficas em Sa\u00fade. Ainda foi aprovada a presta\u00e7\u00e3o de contas da Unidade de Gest\u00e3o de Promo\u00e7\u00e3o da Sa\u00fade (UGPS) referente ao primeiro quadrimestre de 2020.<\/p>\n<p>De acordo com o presidente do Comus e gestor da Unidade de Gest\u00e3o de Promo\u00e7\u00e3o da Sa\u00fade (UGPS) Tiago Texera, a participa\u00e7\u00e3o dos conselheiros, durante a pandemia da COVID-19, por meios virtuais, tem sido efetiva. &#8220;Os conselheiros s\u00e3o ativos e interessados em participar, seja pela pr\u00f3pria resid\u00eancia ou no espa\u00e7o que a Prefeitura de Jundia\u00ed disponibiliza para aqueles que n\u00e3o possuam equipamentos para a conex\u00e3o por videoconfer\u00eancia, com o aparato do audit\u00f3rio do Pa\u00e7o&#8221;, explica.<\/p>\n<div id=\"attachment_252889\" style=\"width: 1034px\" class=\"wp-caption aligncenter\"><img loading=\"lazy\" decoding=\"async\" aria-describedby=\"caption-attachment-252889\" class=\"size-large wp-image-252889\" src=\"https:\/\/jundiai.sp.gov.br\/noticias\/wp-content\/uploads\/sites\/32\/2020\/06\/comus-7-1280x853.jpg\" alt=\"\" width=\"1024\" height=\"682\" srcset=\"https:\/\/jundiai.sp.gov.br\/noticias\/wp-content\/uploads\/sites\/32\/2020\/06\/comus-7-1280x853.jpg 1280w, https:\/\/jundiai.sp.gov.br\/noticias\/wp-content\/uploads\/sites\/32\/2020\/06\/comus-7-300x200.jpg 300w, https:\/\/jundiai.sp.gov.br\/noticias\/wp-content\/uploads\/sites\/32\/2020\/06\/comus-7-768x512.jpg 768w, https:\/\/jundiai.sp.gov.br\/noticias\/wp-content\/uploads\/sites\/32\/2020\/06\/comus-7-1536x1024.jpg 1536w, https:\/\/jundiai.sp.gov.br\/noticias\/wp-content\/uploads\/sites\/32\/2020\/06\/comus-7-2048x1365.jpg 2048w, https:\/\/jundiai.sp.gov.br\/noticias\/wp-content\/uploads\/sites\/32\/2020\/06\/comus-7-450x300.jpg 450w\" sizes=\"auto, (max-width: 1024px) 100vw, 1024px\" \/><p id=\"caption-attachment-252889\" class=\"wp-caption-text\">Reuni\u00e3o do Comus \u00e9 realizada por meios eletr\u00f4nicos, por conta da pandemia COVID-19<\/p><\/div>\n<p>As prorroga\u00e7\u00f5es dos conv\u00eanios com o Centro de Reabilita\u00e7\u00e3o Jundia\u00ed (CRJ), Amarati (Associa\u00e7\u00e3o de Educa\u00e7\u00e3o Terap\u00eautica para Portadores de Les\u00f5es Neurol\u00f3gicas), Bem Te Vi e Associa\u00e7\u00e3o Terap\u00eautica de Estimula\u00e7\u00e3o Auditiva e Linguagem (Ateal) foram aprovadas, bem como a repactua\u00e7\u00e3o de conv\u00eanio com o Hospital S\u00e3o Vicente de Paulo (HSV) e Servi\u00e7o de Atendimento M\u00f3vel de Urg\u00eancia e Emerg\u00eancia (SAMU) e AFIP.<\/p>\n<p><strong>Assessoria de Imprensa<\/strong><br \/>\n<strong>Fotos: Fot\u00f3grafos PMJ<\/strong><\/p>\n","protected":false},"excerpt":{"rendered":"<p>O Conselho Municipal de Sa\u00fade (Comus) realizou a reuni\u00e3o ordin\u00e1ria do m\u00eas de junho na \u00faltima quarta-feira (24), de forma virtual. A pauta, com sete itens foi aprovada pelos conselheiros, que deliberaram pela prorroga\u00e7\u00e3o de conv\u00eanios com entidades de atendimento \u00e0 demandas espec\u00edficas em Sa\u00fade. Ainda foi aprovada a presta\u00e7\u00e3o de contas da Unidade de [&hellip;]<\/p>\n","protected":false},"author":39,"featured_media":252889,"comment_status":"closed","ping_status":"closed","sticky":false,"template":"","format":"standard","meta":{"footnotes":""},"categories":[2],"tags":[1500,981],"ods":[],"class_list":["post-252877","post","type-post","status-publish","format-standard","has-post-thumbnail","hentry","category-noticias","tag-coronavirus","tag-promocao-da-saude"],"_links":{"self":[{"href":"https:\/\/jundiai.sp.gov.br\/noticias\/wp-json\/wp\/v2\/posts\/252877","targetHints":{"allow":["GET"]}}],"collection":[{"href":"https:\/\/jundiai.sp.gov.br\/noticias\/wp-json\/wp\/v2\/posts"}],"about":[{"href":"https:\/\/jundiai.sp.gov.br\/noticias\/wp-json\/wp\/v2\/types\/post"}],"author":[{"embeddable":true,"href":"https:\/\/jundiai.sp.gov.br\/noticias\/wp-json\/wp\/v2\/users\/39"}],"replies":[{"embeddable":true,"href":"https:\/\/jundiai.sp.gov.br\/noticias\/wp-json\/wp\/v2\/comments?post=252877"}],"version-history":[{"count":8,"href":"https:\/\/jundiai.sp.gov.br\/noticias\/wp-json\/wp\/v2\/posts\/252877\/revisions"}],"predecessor-version":[{"id":252904,"href":"https:\/\/jundiai.sp.gov.br\/noticias\/wp-json\/wp\/v2\/posts\/252877\/revisions\/252904"}],"wp:featuredmedia":[{"embeddable":true,"href":"https:\/\/jundiai.sp.gov.br\/noticias\/wp-json\/wp\/v2\/media\/252889"}],"wp:attachment":[{"href":"https:\/\/jundiai.sp.gov.br\/noticias\/wp-json\/wp\/v2\/media?parent=252877"}],"wp:term":[{"taxonomy":"category","embeddable":true,"href":"https:\/\/jundiai.sp.gov.br\/noticias\/wp-json\/wp\/v2\/categories?post=252877"},{"taxonomy":"post_tag","embeddable":true,"href":"https:\/\/jundiai.sp.gov.br\/noticias\/wp-json\/wp\/v2\/tags?post=252877"},{"taxonomy":"ods","embeddable":true,"href":"https:\/\/jundiai.sp.gov.br\/noticias\/wp-json\/wp\/v2\/ods?post=252877"}],"curies":[{"name":"wp","href":"https:\/\/api.w.org\/{rel}","templated":true}]}}