{"id":252955,"date":"2020-06-28T14:14:08","date_gmt":"2020-06-28T17:14:08","guid":{"rendered":"https:\/\/jundiai.sp.gov.br\/noticias\/?p=252955"},"modified":"2020-06-28T14:15:22","modified_gmt":"2020-06-28T17:15:22","slug":"prefeitura-realiza-acao-contra-pancadoes","status":"publish","type":"post","link":"https:\/\/jundiai.sp.gov.br\/noticias\/2020\/06\/28\/prefeitura-realiza-acao-contra-pancadoes\/","title":{"rendered":"Prefeitura realiza a\u00e7\u00e3o contra &#8216;pancad\u00f5es&#8217;"},"content":{"rendered":"<p>Desencadeadas pelo Comit\u00ea de Enfrentamento ao Coronavirus (CEC), da Prefeitura de Jundia\u00ed,\u00a0 durante o final de semana (26 e 27) as guarni\u00e7\u00f5es da Guarda Municipal de Jundia\u00ed e da Pol\u00edcia Militar dos batalh\u00f5es 11\u00b0 e 49\u00b0, realizaram a\u00e7\u00f5es para evitar os &#8216;pancad\u00f5es&#8217; nas ruas dos bairros Jardim Tarum\u00e3,\u00a0 Jardim Fepasa, Tamoio e Jardim Sorocabana.<\/p>\n<p style=\"font-weight: 400;\">Segundo o subinspetor \u00a0da GM Cl\u00e1udio de Souza respons\u00e1vel pelas equipes da Guarda e o tenente PM Tuti que coordenou os policiais militares, a presen\u00e7a dos agentes inibiu os freq\u00fcentadores do pancad\u00e3o \u00a0no Jardim S\u00e3o Camilo.<\/p>\n<p style=\"font-weight: 400;\">\u201cN\u00f3s apreendemos em um bar na rua Idalina Gon\u00e7alves Dias, no Jardim S\u00e3o Camilo, quatro m\u00e1quinas ca\u00e7a-n\u00edqueis. Para evitar o cont\u00e1gio da COVID-19 e transtornos no que diz respeito \u00e0 perturba\u00e7\u00e3o de sossego, foram fechados cinco estabelecimentos comerciais\u201d, relata Souza.<\/p>\n<div id=\"attachment_252966\" style=\"width: 1290px\" class=\"wp-caption aligncenter\"><img loading=\"lazy\" decoding=\"async\" aria-describedby=\"caption-attachment-252966\" class=\"size-full wp-image-252966\" src=\"https:\/\/jundiai.sp.gov.br\/noticias\/wp-content\/uploads\/sites\/32\/2020\/06\/img-20200628-wa0014-01.jpeg\" alt=\"\" width=\"1280\" height=\"853\" srcset=\"https:\/\/jundiai.sp.gov.br\/noticias\/wp-content\/uploads\/sites\/32\/2020\/06\/img-20200628-wa0014-01.jpeg 1280w, https:\/\/jundiai.sp.gov.br\/noticias\/wp-content\/uploads\/sites\/32\/2020\/06\/img-20200628-wa0014-01-300x200.jpeg 300w, https:\/\/jundiai.sp.gov.br\/noticias\/wp-content\/uploads\/sites\/32\/2020\/06\/img-20200628-wa0014-01-768x512.jpeg 768w, https:\/\/jundiai.sp.gov.br\/noticias\/wp-content\/uploads\/sites\/32\/2020\/06\/img-20200628-wa0014-01-450x300.jpeg 450w\" sizes=\"auto, (max-width: 1280px) 100vw, 1280px\" \/><p id=\"caption-attachment-252966\" class=\"wp-caption-text\">Equipes da GM e PM trabalham em conjunto para conter os &#8216;pancad\u00f5es&#8217; em v\u00e1rios bairros da cidade<\/p><\/div>\n<p style=\"font-weight: 400;\">A pol\u00edcia t\u00e9cnica que realiza as per\u00edcias e investigadores da pol\u00edcia civil tamb\u00e9m compareceu no local.<\/p>\n<p style=\"font-weight: 400;\">Pessoas que transitavam sem a m\u00e1scara de prote\u00e7\u00e3o e vulner\u00e1veis \u00e0 contamina\u00e7\u00e3o do COVID-19, foram orientadas pelos agentes.<\/p>\n<p style=\"font-weight: 400;\">Moradores incomodados com os freq\u00fcentes \u201cpancad\u00f5es\u201d elogiaram a a\u00e7\u00e3o dos policiais.<\/p>\n<p style=\"font-weight: 400;\">Foram acionados, para neste final de semana, cerca de 30 guardas e 10 policiais militares nas a\u00e7\u00f5es espec\u00edficas.<\/p>\n<p style=\"font-weight: 400;\">De acordo com o Comandante da GMJ, Benedidto Marcos Moreno, a fiscaliza\u00e7\u00e3o contra as aglomera\u00e7\u00f5es permanece durante a semana, nas feiras livres, bairros com identifica\u00e7\u00e3o de grande n\u00famero de casos de COVID-19, al\u00e9m da regi\u00e3o Central.<\/p>\n<p>As medidas de isolamento e distanciamento, higiene das m\u00e3os, uso de m\u00e1scaras e etiqueta respirat\u00f3ria devem ser adoradas por todos. Quem identificar aglomera\u00e7\u00f5es pode fazer a den\u00fancia pelos canais de comunica\u00e7\u00e3o da Prefeitura de Jundia\u00ed,\u00a0 tanto pelo App Jundia\u00ed,\u00a0 quanto pelo Disque 156 Coronav\u00edrus ou diretamente pata os telefone a Guarda Municipal (153).<\/p>\n<p><strong>Assessoria de Imprensa<\/strong><\/p>\n<p><strong>Fotos: GMJ<\/strong><\/p>\n","protected":false},"excerpt":{"rendered":"<p>Desencadeadas pelo Comit\u00ea de Enfrentamento ao Coronavirus (CEC), da Prefeitura de Jundia\u00ed,\u00a0 durante o final de semana (26 e 27) as guarni\u00e7\u00f5es da Guarda Municipal de Jundia\u00ed e da Pol\u00edcia Militar dos batalh\u00f5es 11\u00b0 e 49\u00b0, realizaram a\u00e7\u00f5es para evitar os &#8216;pancad\u00f5es&#8217; nas ruas dos bairros Jardim Tarum\u00e3,\u00a0 Jardim Fepasa, Tamoio e Jardim Sorocabana. Segundo [&hellip;]<\/p>\n","protected":false},"author":39,"featured_media":252971,"comment_status":"closed","ping_status":"closed","sticky":false,"template":"","format":"standard","meta":{"footnotes":""},"categories":[2],"tags":[1500,31,1219],"ods":[],"class_list":["post-252955","post","type-post","status-publish","format-standard","has-post-thumbnail","hentry","category-noticias","tag-coronavirus","tag-guarda-municipal","tag-seguranca"],"_links":{"self":[{"href":"https:\/\/jundiai.sp.gov.br\/noticias\/wp-json\/wp\/v2\/posts\/252955","targetHints":{"allow":["GET"]}}],"collection":[{"href":"https:\/\/jundiai.sp.gov.br\/noticias\/wp-json\/wp\/v2\/posts"}],"about":[{"href":"https:\/\/jundiai.sp.gov.br\/noticias\/wp-json\/wp\/v2\/types\/post"}],"author":[{"embeddable":true,"href":"https:\/\/jundiai.sp.gov.br\/noticias\/wp-json\/wp\/v2\/users\/39"}],"replies":[{"embeddable":true,"href":"https:\/\/jundiai.sp.gov.br\/noticias\/wp-json\/wp\/v2\/comments?post=252955"}],"version-history":[{"count":7,"href":"https:\/\/jundiai.sp.gov.br\/noticias\/wp-json\/wp\/v2\/posts\/252955\/revisions"}],"predecessor-version":[{"id":252972,"href":"https:\/\/jundiai.sp.gov.br\/noticias\/wp-json\/wp\/v2\/posts\/252955\/revisions\/252972"}],"wp:featuredmedia":[{"embeddable":true,"href":"https:\/\/jundiai.sp.gov.br\/noticias\/wp-json\/wp\/v2\/media\/252971"}],"wp:attachment":[{"href":"https:\/\/jundiai.sp.gov.br\/noticias\/wp-json\/wp\/v2\/media?parent=252955"}],"wp:term":[{"taxonomy":"category","embeddable":true,"href":"https:\/\/jundiai.sp.gov.br\/noticias\/wp-json\/wp\/v2\/categories?post=252955"},{"taxonomy":"post_tag","embeddable":true,"href":"https:\/\/jundiai.sp.gov.br\/noticias\/wp-json\/wp\/v2\/tags?post=252955"},{"taxonomy":"ods","embeddable":true,"href":"https:\/\/jundiai.sp.gov.br\/noticias\/wp-json\/wp\/v2\/ods?post=252955"}],"curies":[{"name":"wp","href":"https:\/\/api.w.org\/{rel}","templated":true}]}}