{"id":253070,"date":"2020-06-30T11:45:20","date_gmt":"2020-06-30T14:45:20","guid":{"rendered":"https:\/\/jundiai.sp.gov.br\/noticias\/?p=253070"},"modified":"2020-06-30T11:45:20","modified_gmt":"2020-06-30T14:45:20","slug":"prefeitura-intensifica-desinfeccao-na-regiao-do-restaurante-bom-prato","status":"publish","type":"post","link":"https:\/\/jundiai.sp.gov.br\/noticias\/2020\/06\/30\/prefeitura-intensifica-desinfeccao-na-regiao-do-restaurante-bom-prato\/","title":{"rendered":"Prefeitura intensifica desinfec\u00e7\u00e3o na regi\u00e3o do restaurante Bom Prato"},"content":{"rendered":"<div id=\"attachment_253073\" style=\"width: 1034px\" class=\"wp-caption aligncenter\"><img loading=\"lazy\" decoding=\"async\" aria-describedby=\"caption-attachment-253073\" class=\"size-large wp-image-253073\" src=\"https:\/\/jundiai.sp.gov.br\/noticias\/wp-content\/uploads\/sites\/32\/2020\/06\/desinfeccao-de-ruas-e-calcadas-do-centro_c_-4-1280x853.jpg\" alt=\"Funcion\u00e1rios de empresa terceirizada da prefeitura desinfectam cal\u00e7ada do restaurante Bom Prato\" width=\"1024\" height=\"682\" srcset=\"https:\/\/jundiai.sp.gov.br\/noticias\/wp-content\/uploads\/sites\/32\/2020\/06\/desinfeccao-de-ruas-e-calcadas-do-centro_c_-4-1280x853.jpg 1280w, https:\/\/jundiai.sp.gov.br\/noticias\/wp-content\/uploads\/sites\/32\/2020\/06\/desinfeccao-de-ruas-e-calcadas-do-centro_c_-4-300x200.jpg 300w, https:\/\/jundiai.sp.gov.br\/noticias\/wp-content\/uploads\/sites\/32\/2020\/06\/desinfeccao-de-ruas-e-calcadas-do-centro_c_-4-768x512.jpg 768w, https:\/\/jundiai.sp.gov.br\/noticias\/wp-content\/uploads\/sites\/32\/2020\/06\/desinfeccao-de-ruas-e-calcadas-do-centro_c_-4-450x300.jpg 450w, https:\/\/jundiai.sp.gov.br\/noticias\/wp-content\/uploads\/sites\/32\/2020\/06\/desinfeccao-de-ruas-e-calcadas-do-centro_c_-4.jpg 1323w\" sizes=\"auto, (max-width: 1024px) 100vw, 1024px\" \/><p id=\"caption-attachment-253073\" class=\"wp-caption-text\">Funcion\u00e1rios de empresa terceirizada da prefeitura desinfectam cal\u00e7ada do restaurante Bom Prato<\/p><\/div>\n<p>A Prefeitura de Jundia\u00ed, por meio da Unidade de Gest\u00e3o de Infraestrutura e Servi\u00e7os P\u00fablicos (UGISP), est\u00e1 intensificando a desinfec\u00e7\u00e3o de locais por onde circula um grande n\u00famero de pessoas na cidade, como terminais de \u00f4nibus, o entorno de hospitais, Unidades B\u00e1sicas de Sa\u00fade (UBSs), pontos de \u00f4nibus e pra\u00e7as. O objetivo \u00e9 conter o avan\u00e7o do Novo Coronav\u00edrus. O trabalho vem ocorrendo diariamente desde o in\u00edcio da pandemia.<\/p>\n<p>Sempre com grande volume de indiv\u00edduos no come\u00e7o da manh\u00e3 e na hora do almo\u00e7o, a regi\u00e3o do restaurante Bom Prato, na Rua Rangel Pestana, \u00e9 constantemente visitada pelas equipes terceirizadas da prefeitura para a limpeza das cal\u00e7adas de seu entorno. A desinfec\u00e7\u00e3o \u00e9 realizada com caminh\u00f5es com equipamento de hidrojateamento (que aplica jato de \u00e1gua com alta press\u00e3o), os mesmos usados na limpeza das bocas de lobo.<\/p>\n<p>\u201cMonitoramos permanentemente todas as quest\u00f5es ligadas ao Coronav\u00edrus em Jundia\u00ed. Estamos desinfectando v\u00e1rios locais com grande fluxo de pessoas, entre eles o entorno do restaurante Bom Prato, cujo movimento \u00e9 bastante grande no per\u00edodo da manh\u00e3\u201d, destaca o prefeito Luiz Fernando Machado.<\/p>\n<div id=\"attachment_253074\" style=\"width: 1034px\" class=\"wp-caption aligncenter\"><img loading=\"lazy\" decoding=\"async\" aria-describedby=\"caption-attachment-253074\" class=\"size-large wp-image-253074\" src=\"https:\/\/jundiai.sp.gov.br\/noticias\/wp-content\/uploads\/sites\/32\/2020\/06\/desinfeccao-de-ruas-e-calcadas-do-centro_c_-88-1280x853.jpg\" alt=\"Perto do Bom Prato, Pra\u00e7a Dr. Domingos Anastacio \u00e9 desinfectada\" width=\"1024\" height=\"682\" srcset=\"https:\/\/jundiai.sp.gov.br\/noticias\/wp-content\/uploads\/sites\/32\/2020\/06\/desinfeccao-de-ruas-e-calcadas-do-centro_c_-88-1280x853.jpg 1280w, https:\/\/jundiai.sp.gov.br\/noticias\/wp-content\/uploads\/sites\/32\/2020\/06\/desinfeccao-de-ruas-e-calcadas-do-centro_c_-88-300x200.jpg 300w, https:\/\/jundiai.sp.gov.br\/noticias\/wp-content\/uploads\/sites\/32\/2020\/06\/desinfeccao-de-ruas-e-calcadas-do-centro_c_-88-768x512.jpg 768w, https:\/\/jundiai.sp.gov.br\/noticias\/wp-content\/uploads\/sites\/32\/2020\/06\/desinfeccao-de-ruas-e-calcadas-do-centro_c_-88-450x300.jpg 450w, https:\/\/jundiai.sp.gov.br\/noticias\/wp-content\/uploads\/sites\/32\/2020\/06\/desinfeccao-de-ruas-e-calcadas-do-centro_c_-88.jpg 1323w\" sizes=\"auto, (max-width: 1024px) 100vw, 1024px\" \/><p id=\"caption-attachment-253074\" class=\"wp-caption-text\">Perto do Bom Prato, Pra\u00e7a Dr. Domingos Anastacio \u00e9 desinfectada<\/p><\/div>\n<p>A higieniza\u00e7\u00e3o \u00e9 feita em tr\u00eas etapas. Na primeira, os colaboradores lavam as cal\u00e7adas. Em seguida, eles usam uma solu\u00e7\u00e3o de \u00e1gua e hipoclorito de s\u00f3dio (utilizado como desinfetante e agente alvejante). A terceira fase inclui a pulveriza\u00e7\u00e3o dos lugares com am\u00f4nia quatern\u00e1ria \u2013 altamente eficaz contra fungos, bact\u00e9rias e v\u00edrus. Esta solu\u00e7\u00e3o \u00e9 aprovada pela Ag\u00eancia Nacional de Vigil\u00e2ncia Sanit\u00e1ria (Anvisa).<\/p>\n<p>\u201cEstamos trabalhando para evitar a contamina\u00e7\u00e3o das pessoas pela COVID-19. Tamb\u00e9m aumentamos a frequ\u00eancia das varri\u00e7\u00f5es das ruas do entorno do Bom Prato e colocamos mais cont\u00eaineres e lixeiras para que as pessoas possam eliminar o lixo org\u00e2nico da forma correta\u201d, revela Marcio Alberto Moraes, diretor do Departamento de Limpeza P\u00fablica da UGISP.<\/p>\n<p><strong>Assessoria de Imprensa<\/strong><br \/>\n<strong>Fotos: Fot\u00f3grafos PMJ<\/strong><\/p>\n","protected":false},"excerpt":{"rendered":"<p>A Prefeitura de Jundia\u00ed, por meio da Unidade de Gest\u00e3o de Infraestrutura e Servi\u00e7os P\u00fablicos (UGISP), est\u00e1 intensificando a desinfec\u00e7\u00e3o de locais por onde circula um grande n\u00famero de pessoas na cidade, como terminais de \u00f4nibus, o entorno de hospitais, Unidades B\u00e1sicas de Sa\u00fade (UBSs), pontos de \u00f4nibus e pra\u00e7as. O objetivo \u00e9 conter o [&hellip;]<\/p>\n","protected":false},"author":54,"featured_media":253072,"comment_status":"closed","ping_status":"closed","sticky":false,"template":"","format":"standard","meta":{"footnotes":""},"categories":[2],"tags":[1500,985],"ods":[],"class_list":["post-253070","post","type-post","status-publish","format-standard","has-post-thumbnail","hentry","category-noticias","tag-coronavirus","tag-infraestrutura-e-servicos-publicos"],"_links":{"self":[{"href":"https:\/\/jundiai.sp.gov.br\/noticias\/wp-json\/wp\/v2\/posts\/253070","targetHints":{"allow":["GET"]}}],"collection":[{"href":"https:\/\/jundiai.sp.gov.br\/noticias\/wp-json\/wp\/v2\/posts"}],"about":[{"href":"https:\/\/jundiai.sp.gov.br\/noticias\/wp-json\/wp\/v2\/types\/post"}],"author":[{"embeddable":true,"href":"https:\/\/jundiai.sp.gov.br\/noticias\/wp-json\/wp\/v2\/users\/54"}],"replies":[{"embeddable":true,"href":"https:\/\/jundiai.sp.gov.br\/noticias\/wp-json\/wp\/v2\/comments?post=253070"}],"version-history":[{"count":2,"href":"https:\/\/jundiai.sp.gov.br\/noticias\/wp-json\/wp\/v2\/posts\/253070\/revisions"}],"predecessor-version":[{"id":253075,"href":"https:\/\/jundiai.sp.gov.br\/noticias\/wp-json\/wp\/v2\/posts\/253070\/revisions\/253075"}],"wp:featuredmedia":[{"embeddable":true,"href":"https:\/\/jundiai.sp.gov.br\/noticias\/wp-json\/wp\/v2\/media\/253072"}],"wp:attachment":[{"href":"https:\/\/jundiai.sp.gov.br\/noticias\/wp-json\/wp\/v2\/media?parent=253070"}],"wp:term":[{"taxonomy":"category","embeddable":true,"href":"https:\/\/jundiai.sp.gov.br\/noticias\/wp-json\/wp\/v2\/categories?post=253070"},{"taxonomy":"post_tag","embeddable":true,"href":"https:\/\/jundiai.sp.gov.br\/noticias\/wp-json\/wp\/v2\/tags?post=253070"},{"taxonomy":"ods","embeddable":true,"href":"https:\/\/jundiai.sp.gov.br\/noticias\/wp-json\/wp\/v2\/ods?post=253070"}],"curies":[{"name":"wp","href":"https:\/\/api.w.org\/{rel}","templated":true}]}}