{"id":253090,"date":"2020-06-30T15:59:29","date_gmt":"2020-06-30T18:59:29","guid":{"rendered":"https:\/\/jundiai.sp.gov.br\/noticias\/?p=253090"},"modified":"2020-06-30T15:59:29","modified_gmt":"2020-06-30T18:59:29","slug":"nota-a-imprensa-62","status":"publish","type":"post","link":"https:\/\/jundiai.sp.gov.br\/noticias\/2020\/06\/30\/nota-a-imprensa-62\/","title":{"rendered":"Nota \u00e0 Imprensa"},"content":{"rendered":"<p>A Prefeitura de Jundia\u00ed informa que, nesta ter\u00e7a-feira (30), o munic\u00edpio contabiliza mais dois \u00f3bitos de residentes na cidade causados pelo Novo Coronav\u00edrus:<\/p>\n<p>Homem, 66 anos, portador de doen\u00e7a cardiovascular e pneumopatia cr\u00f4nicas. Foi internado no Hospital S\u00e3o Vicente de Paulo (HSV) no dia 28\/05 e \u00f3bito registrado no dia 29\/06.<\/p>\n<p>Mulher, 46 anos, obesa, diab\u00e9tica, portadora de doen\u00e7a cardiovascular cr\u00f4nica e neoplasia. Foi internada no Hospital S\u00e3o Vicente de Paulo (HSV) no dia 27\/06 e \u00f3bito registrado no dia 29\/06.<\/p>\n<p>Com estas mortes, a cidade passa a contabilizar 183 \u00f3bitos positivos para COVID-19 desde o in\u00edcio da pandemia.<br \/>\n<strong><br \/>\nAssessoria de Imprensa<br \/>\nFotos: Fot\u00f3grafos PMJ<\/strong><\/p>\n","protected":false},"excerpt":{"rendered":"<p>A Prefeitura de Jundia\u00ed informa que, nesta ter\u00e7a-feira (30), o munic\u00edpio contabiliza mais dois \u00f3bitos de residentes na cidade causados pelo Novo Coronav\u00edrus: Homem, 66 anos, portador de doen\u00e7a cardiovascular e pneumopatia cr\u00f4nicas. Foi internado no Hospital S\u00e3o Vicente de Paulo (HSV) no dia 28\/05 e \u00f3bito registrado no dia 29\/06. Mulher, 46 anos, obesa, [&hellip;]<\/p>\n","protected":false},"author":39,"featured_media":246446,"comment_status":"closed","ping_status":"closed","sticky":false,"template":"","format":"standard","meta":{"footnotes":""},"categories":[2],"tags":[1500],"ods":[],"class_list":["post-253090","post","type-post","status-publish","format-standard","has-post-thumbnail","hentry","category-noticias","tag-coronavirus"],"_links":{"self":[{"href":"https:\/\/jundiai.sp.gov.br\/noticias\/wp-json\/wp\/v2\/posts\/253090","targetHints":{"allow":["GET"]}}],"collection":[{"href":"https:\/\/jundiai.sp.gov.br\/noticias\/wp-json\/wp\/v2\/posts"}],"about":[{"href":"https:\/\/jundiai.sp.gov.br\/noticias\/wp-json\/wp\/v2\/types\/post"}],"author":[{"embeddable":true,"href":"https:\/\/jundiai.sp.gov.br\/noticias\/wp-json\/wp\/v2\/users\/39"}],"replies":[{"embeddable":true,"href":"https:\/\/jundiai.sp.gov.br\/noticias\/wp-json\/wp\/v2\/comments?post=253090"}],"version-history":[{"count":1,"href":"https:\/\/jundiai.sp.gov.br\/noticias\/wp-json\/wp\/v2\/posts\/253090\/revisions"}],"predecessor-version":[{"id":253094,"href":"https:\/\/jundiai.sp.gov.br\/noticias\/wp-json\/wp\/v2\/posts\/253090\/revisions\/253094"}],"wp:featuredmedia":[{"embeddable":true,"href":"https:\/\/jundiai.sp.gov.br\/noticias\/wp-json\/wp\/v2\/media\/246446"}],"wp:attachment":[{"href":"https:\/\/jundiai.sp.gov.br\/noticias\/wp-json\/wp\/v2\/media?parent=253090"}],"wp:term":[{"taxonomy":"category","embeddable":true,"href":"https:\/\/jundiai.sp.gov.br\/noticias\/wp-json\/wp\/v2\/categories?post=253090"},{"taxonomy":"post_tag","embeddable":true,"href":"https:\/\/jundiai.sp.gov.br\/noticias\/wp-json\/wp\/v2\/tags?post=253090"},{"taxonomy":"ods","embeddable":true,"href":"https:\/\/jundiai.sp.gov.br\/noticias\/wp-json\/wp\/v2\/ods?post=253090"}],"curies":[{"name":"wp","href":"https:\/\/api.w.org\/{rel}","templated":true}]}}