{"id":253122,"date":"2020-07-01T18:36:09","date_gmt":"2020-07-01T21:36:09","guid":{"rendered":"https:\/\/jundiai.sp.gov.br\/noticias\/?p=253122"},"modified":"2020-07-01T18:36:09","modified_gmt":"2020-07-01T21:36:09","slug":"clinica-da-familia-da-ponte-sao-joao-tem-projeto-concluido","status":"publish","type":"post","link":"https:\/\/jundiai.sp.gov.br\/noticias\/2020\/07\/01\/clinica-da-familia-da-ponte-sao-joao-tem-projeto-concluido\/","title":{"rendered":"Cl\u00ednica da Fam\u00edlia da Ponte S\u00e3o Jo\u00e3o tem projeto conclu\u00eddo"},"content":{"rendered":"<p>Localizada entre as avenidas Antenor Soares Gandra e Luiz Zorzetti, a constru\u00e7\u00e3o que foi iniciada e paralisada por problemas em 2016\u00a0 e atenderia apenas a um servi\u00e7o de urg\u00eancia e emerg\u00eancia passar\u00e1 a contar, a partir do novo projeto, encerrado nesta semana, com dois equipamentos de Sa\u00fade: Cl\u00ednica da Fam\u00edlia integrada a uma Unidade Pr\u00e9-Hospitalar, formando um ciclo de atendimento \u00e0 Sa\u00fade completo para a regi\u00e3o Leste da cidade.<\/p>\n<p>&#8220;Avan\u00e7amos mais uma etapa para a implanta\u00e7\u00e3o de modelo de atendimento em Sa\u00fade que se destacou nacionalmente pela resolutividade e foi implantado em 2018 no Novo Horizonte. A Cl\u00ednica da Fam\u00edlia com a Unidade Pr\u00e9-Hospitalar formam um complexo de Sa\u00fade completo, com o card\u00e1pio da Aten\u00e7\u00e3o B\u00e1sica e a agilidade da Urg\u00eancia e Emerg\u00eancia para os moradores da regi\u00e3o Leste&#8221;, comenta\u00a0 o prefeito Luiz Fernando Machado.<\/p>\n<p>O pr\u00e9dio foi recebido paralisado por conta de falhas estruturais e foi necess\u00e1ria a contrata\u00e7\u00e3o de uma empresa especializada para a identifica\u00e7\u00e3o dos problemas e indica\u00e7\u00e3o das solu\u00e7\u00f5es para a retomada da obra. &#8220;O projeto com a adequa\u00e7\u00e3o para os dois servi\u00e7os foi entregue nesta semana e ser\u00e1\u00a0 um complexo ainda maior que o instalado no Novo Horizonte. Ser\u00e3o 21 leitos na Unidade Pr\u00e9-Hospitalar, 8 consult\u00f3rios, sala de gesso e de exames como eletrocardiograma, an\u00e1lises cl\u00ednicas, raio-x e ultrassom que atender\u00e3o aos usu\u00e1rios da Cl\u00ednica da Fam\u00edlia, que ser\u00e1 instalada no primeiro andar do pr\u00e9dio e ter\u00e1 12 consult\u00f3rios m\u00e9dicos e mais tr\u00eas para odontologia, al\u00e9m de todos os demais servi\u00e7os&#8221;, comenta o gestor da Unidade de Gest\u00e3o de Promo\u00e7\u00e3o da Sa\u00fade (UGPS) Tiago Texera.<\/p>\n<div id=\"attachment_253180\" style=\"width: 1290px\" class=\"wp-caption aligncenter\"><img loading=\"lazy\" decoding=\"async\" aria-describedby=\"caption-attachment-253180\" class=\"size-full wp-image-253180\" src=\"https:\/\/jundiai.sp.gov.br\/noticias\/wp-content\/uploads\/sites\/32\/2020\/07\/cf-ponte1.jpeg\" alt=\"\" width=\"1280\" height=\"608\" srcset=\"https:\/\/jundiai.sp.gov.br\/noticias\/wp-content\/uploads\/sites\/32\/2020\/07\/cf-ponte1.jpeg 1280w, https:\/\/jundiai.sp.gov.br\/noticias\/wp-content\/uploads\/sites\/32\/2020\/07\/cf-ponte1-300x143.jpeg 300w, https:\/\/jundiai.sp.gov.br\/noticias\/wp-content\/uploads\/sites\/32\/2020\/07\/cf-ponte1-768x365.jpeg 768w\" sizes=\"auto, (max-width: 1280px) 100vw, 1280px\" \/><p id=\"caption-attachment-253180\" class=\"wp-caption-text\">Pr\u00e9dio da Cl\u00ednica da Fam\u00edlia e UPH Ponte S\u00e3o Jo\u00e3o conta com projeto para 2,9 mil metros quadrados de \u00e1rea constru\u00edda para atendimento aos moradores da Regi\u00e3o Leste<\/p><\/div>\n<p>O espa\u00e7o ainda contar\u00e1 com os programas de avalia\u00e7\u00e3o do servi\u00e7o e um elevador com capacidade para transporte de maca, al\u00e9m de espa\u00e7os para as pr\u00e1ticas integrativas de Sa\u00fade, realizadas pelo N\u00facleo de Apoio \u00e0 Sa\u00fade da Fam\u00edlia (NASF). Ao todo ser\u00e3o seis equipes completas de Estrat\u00e9gia de Sa\u00fade da Fam\u00edlia (ESF) que atuar\u00e3o no espa\u00e7o da Cl\u00ednica da Fam\u00edlia Ponte S\u00e3o Jo\u00e3o.<\/p>\n<p>O projeto \u00e9 inovador, como descreve o gestor-adjunto da Unidade de Gest\u00e3o de Infraestrutura e Servi\u00e7os P\u00fablicos (UGISP), Ademir Pedro Victor. &#8220;Como existe um desn\u00edvel no terreno\u00a0 o projeto contempla o melhor uso do espa\u00e7o, com entradas distintas para os os equipamentos de sa\u00fade e estacionamento para os usu\u00e1rios. Ser\u00e1 o maior pr\u00e9dio deste tipo constru\u00eddo em Jundia\u00ed at\u00e9 o momento&#8221;, comenta. O projeto teve custo de R$ 301 mil e \u00e9 resultado de investimento do Avan\u00e7a\u00a0 Jundia\u00ed.<\/p>\n<p><strong>Na Vila Hortol\u00e2ndia<\/strong><br \/>\nO mesmo modelo de atendimento est\u00e1 sendo constru\u00eddo na Vila Hortol\u00e2ndia, no pr\u00e9dio que tamb\u00e9m abrigaria apenas uma Unidade de Pronto Atendimento (UPA). No bairro, a constru\u00e7\u00e3o foi retomada e contar\u00e1 com dois andares conectados por elevador e dotados de entradas individuais. O complexo ainda agregar\u00e1 uma Casa de Apoio que ser\u00e1 montada no local onde hoje funciona a UBS Hortol\u00e2ndia, para atender como farm\u00e1cia e abrigar espa\u00e7os administrativos. O investimento da Prefeitura para a obra \u00e9 de R$ 3,4 milh\u00f5es, al\u00e9m de mais R$ 700 mil para mobili\u00e1rio e equipamentos, com a previs\u00e3o de conclus\u00e3o da obra para o segundo semestre de 2020.<\/p>\n<div id=\"attachment_253181\" style=\"width: 1290px\" class=\"wp-caption aligncenter\"><img loading=\"lazy\" decoding=\"async\" aria-describedby=\"caption-attachment-253181\" class=\"size-full wp-image-253181\" src=\"https:\/\/jundiai.sp.gov.br\/noticias\/wp-content\/uploads\/sites\/32\/2020\/07\/cf-ponte2.jpeg\" alt=\"\" width=\"1280\" height=\"590\" srcset=\"https:\/\/jundiai.sp.gov.br\/noticias\/wp-content\/uploads\/sites\/32\/2020\/07\/cf-ponte2.jpeg 1280w, https:\/\/jundiai.sp.gov.br\/noticias\/wp-content\/uploads\/sites\/32\/2020\/07\/cf-ponte2-300x138.jpeg 300w, https:\/\/jundiai.sp.gov.br\/noticias\/wp-content\/uploads\/sites\/32\/2020\/07\/cf-ponte2-768x354.jpeg 768w\" sizes=\"auto, (max-width: 1280px) 100vw, 1280px\" \/><p id=\"caption-attachment-253181\" class=\"wp-caption-text\">Pr\u00e9dio com dois pavimentos contar\u00e1 com estacionamento e acesso por duas avenidas<\/p><\/div>\n<p><strong>Assessoria de Imprensa<\/strong><br \/>\n<strong>Fotos: Fot\u00f3grafos PMJ<\/strong><\/p>\n<p>&nbsp;<\/p>\n","protected":false},"excerpt":{"rendered":"<p>Localizada entre as avenidas Antenor Soares Gandra e Luiz Zorzetti, a constru\u00e7\u00e3o que foi iniciada e paralisada por problemas em 2016\u00a0 e atenderia apenas a um servi\u00e7o de urg\u00eancia e emerg\u00eancia passar\u00e1 a contar, a partir do novo projeto, encerrado nesta semana, com dois equipamentos de Sa\u00fade: Cl\u00ednica da Fam\u00edlia integrada a uma Unidade Pr\u00e9-Hospitalar, [&hellip;]<\/p>\n","protected":false},"author":39,"featured_media":253180,"comment_status":"closed","ping_status":"closed","sticky":false,"template":"","format":"standard","meta":{"footnotes":""},"categories":[2],"tags":[1526,981],"ods":[],"class_list":["post-253122","post","type-post","status-publish","format-standard","has-post-thumbnail","hentry","category-noticias","tag-prefeito-luiz-fernando","tag-promocao-da-saude"],"_links":{"self":[{"href":"https:\/\/jundiai.sp.gov.br\/noticias\/wp-json\/wp\/v2\/posts\/253122","targetHints":{"allow":["GET"]}}],"collection":[{"href":"https:\/\/jundiai.sp.gov.br\/noticias\/wp-json\/wp\/v2\/posts"}],"about":[{"href":"https:\/\/jundiai.sp.gov.br\/noticias\/wp-json\/wp\/v2\/types\/post"}],"author":[{"embeddable":true,"href":"https:\/\/jundiai.sp.gov.br\/noticias\/wp-json\/wp\/v2\/users\/39"}],"replies":[{"embeddable":true,"href":"https:\/\/jundiai.sp.gov.br\/noticias\/wp-json\/wp\/v2\/comments?post=253122"}],"version-history":[{"count":7,"href":"https:\/\/jundiai.sp.gov.br\/noticias\/wp-json\/wp\/v2\/posts\/253122\/revisions"}],"predecessor-version":[{"id":253199,"href":"https:\/\/jundiai.sp.gov.br\/noticias\/wp-json\/wp\/v2\/posts\/253122\/revisions\/253199"}],"wp:featuredmedia":[{"embeddable":true,"href":"https:\/\/jundiai.sp.gov.br\/noticias\/wp-json\/wp\/v2\/media\/253180"}],"wp:attachment":[{"href":"https:\/\/jundiai.sp.gov.br\/noticias\/wp-json\/wp\/v2\/media?parent=253122"}],"wp:term":[{"taxonomy":"category","embeddable":true,"href":"https:\/\/jundiai.sp.gov.br\/noticias\/wp-json\/wp\/v2\/categories?post=253122"},{"taxonomy":"post_tag","embeddable":true,"href":"https:\/\/jundiai.sp.gov.br\/noticias\/wp-json\/wp\/v2\/tags?post=253122"},{"taxonomy":"ods","embeddable":true,"href":"https:\/\/jundiai.sp.gov.br\/noticias\/wp-json\/wp\/v2\/ods?post=253122"}],"curies":[{"name":"wp","href":"https:\/\/api.w.org\/{rel}","templated":true}]}}